{"id":83867,"date":"2025-05-08T07:22:10","date_gmt":"2025-05-08T07:22:10","guid":{"rendered":"https:\/\/www.europesays.com\/fr\/83867\/"},"modified":"2025-05-08T07:22:10","modified_gmt":"2025-05-08T07:22:10","slug":"magnier-fretin-tiberi-les-coureurs-a-suivre-sur-cette-108e-edition-du-giro","status":"publish","type":"post","link":"https:\/\/www.europesays.com\/fr\/83867\/","title":{"rendered":"Magnier, Fretin, Tiberi\u2026 les coureurs \u00e0 suivre sur cette 108e \u00e9dition du Giro"},"content":{"rendered":"<p><a href=\"https:\/\/www.dhnet.be\/sports\/cyclisme\/giro\/2025\/05\/06\/giro-primoz-roglic-et-juan-ayuso-principaux-candidats-a-la-succession-de-tadej-pogacar-pas-de-belge-chez-soudal-quick-step-JSUVUAQMLRBLTPB7UZC27GX4VM\/\" target=\"_blank\" rel=\"noopener noreferrer\" class=\"ap-StoryInterstitialLink ap-StoryElement ap-StoryElement--mb js-paywall-target\">Giro: Primoz Roglic et Juan Ayuso principaux candidats \u00e0 la succession de Tadej Pogacar<\/a>Fretin pour un bapt\u00eame gagnant<\/p>\n<p class=\"ap-StoryElement ap-StoryElement--mb ap-StoryText\">C\u00f4t\u00e9 belge, Cofidis comptera sur Milan Fretin qui disputera son premier grand tour et aura la responsabilit\u00e9 de remporter ou a minima de bien figurer lors des sprints massifs. Actuellement 17e, Cofidis est sous la menace d&rsquo;Astana qui compte pour l&rsquo;instant 1 700 points de retard. Pour sa deuxi\u00e8me saison avec Cofidis, le Gantois a d\u00e9j\u00e0 inscrit pr\u00e8s de 900 points cette saison, notamment gr\u00e2ce \u00e0 ses victoires sur le <a href=\"https:\/\/www.dhnet.be\/dernieres-depeches\/2025\/04\/16\/tour-du-limbourg-milan-fretin-simpose-sur-sa-course-a-domicile-cela-donne-toujours-confiance-WJ5AI5K6QJFDXGTX7ZW4LOEFYA\/\" target=\"_blank\" rel=\"noopener\">Tour du Limbourg<\/a>, <a href=\"https:\/\/www.dhnet.be\/sports\/cyclisme\/classiques\/2025\/02\/16\/le-bon-train-de-milan-fretin-premiere-course-de-la-saison-et-premiere-victoire-NVGHC4QIYBF4NE77NL45LOAFKY\/\" target=\"_blank\" rel=\"noopener\">lors du Tour d&rsquo;Algarve<\/a> et ses quatri\u00e8mes places sur Nokere Koerse et le GP de l&rsquo;Escaut. \u00ab\u00a0C&rsquo;est mon plus grand objectif de gagner une \u00e9tape du Giro cette ann\u00e9e. Une seule victoire et ma saison sera parfaite\u00a0\u00bb, expliquait le Belge en d\u00e9but de saison.<\/p>\n<p><a href=\"https:\/\/www.dhnet.be\/sports\/cyclisme\/2025\/02\/22\/tombeur-de-meeus-de-lie-ou-van-aert-en-algarve-milan-fretin-est-lautre-sprinter-belge-a-succes-du-moment-jai-gagne-de-la-force-cet-hiver-LDTWDVCGYZB2THPG236JDKQEP4\/\" target=\"_blank\" rel=\"noopener noreferrer\" class=\"ap-StoryInterstitialLink ap-StoryElement ap-StoryElement--mb\">Tombeur de Meeus, De Lie ou van Aert, Milan Fretin est l&rsquo;autre sprinter belge \u00e0 succ\u00e8s du moment : \u00ab\u00a0J&rsquo;ai gagn\u00e9 de la force cet hiver\u00a0\u00bb<\/a>Storer pour le maillot rose<\/p>\n<p class=\"ap-StoryElement ap-StoryElement--mb ap-StoryText\">Pendant que Tadej Poga\u010dar repartait avec deux classiques de plus dans son escarcelle, Michael Storer faisait tr\u00e8s forte impression sur les routes du Tour des Alpes. <a href=\"https:\/\/www.dhnet.be\/sports\/cyclisme\/2025\/04\/22\/tour-des-alpes-michael-storer-fait-coup-double-sur-la-2e-etape-BLBFKJHQXVBNZAKMGYLTNDY2KE\/\" target=\"_blank\" rel=\"noopener\">Vainqueur de la deuxi\u00e8me \u00e9tape<\/a>, l&rsquo;Australien a brill\u00e9 par sa r\u00e9gularit\u00e9 en terminant dans le top 10 de l&rsquo;ensemble des \u00e9tapes. Dixi\u00e8me du classement g\u00e9n\u00e9ral l&rsquo;ann\u00e9e derni\u00e8re et troisi\u00e8me du classement de la montagne sur la derni\u00e8re Vuelta, il a accumul\u00e9 de l&rsquo;exp\u00e9rience sur les grands tours. Quand les pourcentages vont grimper, le coureur de 28 ans sera la principale arme de Tudor, l&rsquo;\u00e9quipe de Fabian Cancellara. Il ne sera pas la seule carte de l&rsquo;ambitieuse \u00e9quipe suisse. Marc Hirshi est toujours un coureur mena\u00e7ant dans de courts efforts intenses et visera s\u00fbrement quelques victoires d&rsquo;\u00e9tapes.<\/p>\n<p>Arensman pour seconder Bernal<\/p>\n<p class=\"ap-StoryElement ap-StoryElement--mb ap-StoryText\"><a href=\"https:\/\/www.dhnet.be\/dernieres-depeches\/2024\/06\/28\/thymen-arensman-prolonge-son-contrat-chez-ineos-grenadiers-jusquen-2027-3QTROIZPCZAKLEZG5ZGCBTXTTM\/\" target=\"_blank\" rel=\"noopener\">Thymen Arensman<\/a>, son dauphin sur le Tour des Alpes, a, lui aussi, <a href=\"https:\/\/www.dhnet.be\/dernieres-depeches\/2025\/04\/24\/tour-des-alpes-thymen-arnesman-gagne-la-4e-etape-et-prend-le-maillot-de-leader-a-michael-storer-WJ3C5JI24NGMPAUMCPZZ5TJ4IE\/\" target=\"_blank\" rel=\"noopener\">remport\u00e9 une \u00e9tape de montagne<\/a>. Pour sa deuxi\u00e8me course de la saison en Italie, il sera l&rsquo;une des armes des Ineos-Grenadier. Egan Bernal, le deuxi\u00e8me leader, ne semble pas en mesure de se battre pour le maillot rose, ce qui pourrait offrir des opportunit\u00e9s \u00e0 son jeune co\u00e9quipier. Troisi\u00e8me de Paris-Nice en d\u00e9but de saison, le N\u00e9erlandais a termin\u00e9 deuxi\u00e8me du classement jeune sur les deux derni\u00e8res \u00e9ditions. \u00c0 25 ans, il conna\u00eet d\u00e9j\u00e0 bien les routes italiennes puisqu&rsquo;il disputera son quatri\u00e8me Giro et a \u00e9galement termin\u00e9 sixi\u00e8me du classement g\u00e9n\u00e9ral l&rsquo;ann\u00e9e derni\u00e8re. Deux fois deuxi\u00e8me en 2022 puis troisi\u00e8me d&rsquo;une \u00e9tape en 2024, il ne lui manque plus que la plus haute marche du podium.<\/p>\n<p><a href=\"https:\/\/www.dhnet.be\/sports\/cyclisme\/2025\/02\/04\/paul-magnier-la-pepite-francaise-de-soudal-quick-step-veut-confirmer-ses-succes-de-2024-etre-compare-a-boonen-ou-de-lie-cest-flatteur-mais-NO7A7VFCAVGKHNQAJKDW6AV7EI\/\" target=\"_blank\" rel=\"noopener noreferrer\" class=\"ap-StoryInterstitialLink ap-StoryElement ap-StoryElement--mb\">Paul Magnier, la p\u00e9pite fran\u00e7aise de Soudal Quick-Step, veut confirmer ses succ\u00e8s de 2024<\/a>Magnier pour apprendre<\/p>\n<p class=\"ap-StoryElement ap-StoryElement--mb ap-StoryText\"><a href=\"https:\/\/www.dhnet.be\/sports\/cyclisme\/2024\/02\/12\/paul-magnier-la-nouvelle-tornade-a-19-ans-il-remporte-son-deuxieme-succes-en-sept-jours-de-course-V4XAITRB2VHXBFOWJHRN6OPCTM\/\" target=\"_blank\" rel=\"noopener\">Paul Magnier<\/a> continue son apprentissage express. Apr\u00e8s avoir pris le d\u00e9part de son premier monument lors du Tour des Flandres, le Fran\u00e7ais va d\u00e9couvrir sa premi\u00e8re course de trois semaines. L&rsquo;espoir fran\u00e7ais de la <a href=\"https:\/\/www.dhnet.be\/dernieres-depeches\/2025\/05\/06\/tour-ditalie-mikel-landa-et-paul-magnier-atouts-de-soudal-quick-step-qui-salignera-sans-coureur-belge-UXG2IYCVXJHI3LKXOSC4HYPKDE\/\" target=\"_blank\" rel=\"noopener\">Soudal Quick-Step<\/a> voudra imiter un ancien Fran\u00e7ais du Wolfpack, <a href=\"https:\/\/www.dhnet.be\/sports\/cyclisme\/giro\/2024\/05\/16\/giro-un-reve-et-une-victoire-qui-fait-enormement-de-bien-a-julian-alaphilippe-4OQJCMXYVJEG7JUZJTUW5D5X64\/\" target=\"_blank\" rel=\"noopener\">Julian Alaphilippe, auteur d&rsquo;un beau Giro 2024<\/a> pour sa derni\u00e8re ann\u00e9e avec la formation belge. Pour sa premi\u00e8re ann\u00e9e compl\u00e8te dans le peloton professionnel, Paul Magnier n&rsquo;a pas mis longtemps \u00e0 s&rsquo;adapter. Il a remport\u00e9 la premi\u00e8re \u00e9tape sur l&rsquo;\u00c9toile de Bess\u00e8ges et pris la troisi\u00e8me place sur la deuxi\u00e8me. L&rsquo;ann\u00e9e derni\u00e8re, il avait d\u00e9j\u00e0 brill\u00e9 en Italie en remportant deux sprints sur le Giro Next Gen et le classement des points par la m\u00eame occasion. La marche est haute entre la course jeune et celle des pros, mais rien ne semble impossible pour le coureur n\u00e9 au Texas.<\/p>\n<p><a href=\"https:\/\/www.dhnet.be\/sports\/cyclisme\/giro\/2025\/05\/06\/giro-le-chrono-est-la-meilleure-chance-de-wout-van-aert-de-prendre-le-maillot-rose-IBEARA6PE5EAZBJQPFLD4MAF24\/\" target=\"_blank\" rel=\"noopener noreferrer\" class=\"ap-StoryInterstitialLink ap-StoryElement ap-StoryElement--mb\">Giro: \u00ab\u00a0Le chrono est la meilleure chance de Wout van Aert de prendre le maillot rose\u00a0\u00bb<\/a><\/p>\n","protected":false},"excerpt":{"rendered":"Giro: Primoz Roglic et Juan Ayuso principaux candidats \u00e0 la succession de Tadej PogacarFretin pour un bapt\u00eame gagnant&hellip;\n","protected":false},"author":2,"featured_media":83868,"comment_status":"","ping_status":"","sticky":false,"template":"","format":"standard","meta":{"footnotes":""},"categories":[1411],"tags":[19243,1154,207,1011,27,19238,19241,19240,19239,60,19242,1139],"class_list":{"0":"post-83867","1":"post","2":"type-post","3":"status-publish","4":"format-standard","5":"has-post-thumbnail","7":"category-cyclisme","8":"tag-antonio-tiberi","9":"tag-cycling","10":"tag-cyclisme","11":"tag-fr","12":"tag-france","13":"tag-giro-2025","14":"tag-michael-storer","15":"tag-milan-fretin","16":"tag-paul-magnier","17":"tag-sports","18":"tag-thymen-arensman","19":"tag-tour-ditalie"},"share_on_mastodon":{"url":"https:\/\/pubeurope.com\/@fr\/114471013166143163","error":""},"_links":{"self":[{"href":"https:\/\/www.europesays.com\/fr\/wp-json\/wp\/v2\/posts\/83867","targetHints":{"allow":["GET"]}}],"collection":[{"href":"https:\/\/www.europesays.com\/fr\/wp-json\/wp\/v2\/posts"}],"about":[{"href":"https:\/\/www.europesays.com\/fr\/wp-json\/wp\/v2\/types\/post"}],"author":[{"embeddable":true,"href":"https:\/\/www.europesays.com\/fr\/wp-json\/wp\/v2\/users\/2"}],"replies":[{"embeddable":true,"href":"https:\/\/www.europesays.com\/fr\/wp-json\/wp\/v2\/comments?post=83867"}],"version-history":[{"count":0,"href":"https:\/\/www.europesays.com\/fr\/wp-json\/wp\/v2\/posts\/83867\/revisions"}],"wp:featuredmedia":[{"embeddable":true,"href":"https:\/\/www.europesays.com\/fr\/wp-json\/wp\/v2\/media\/83868"}],"wp:attachment":[{"href":"https:\/\/www.europesays.com\/fr\/wp-json\/wp\/v2\/media?parent=83867"}],"wp:term":[{"taxonomy":"category","embeddable":true,"href":"https:\/\/www.europesays.com\/fr\/wp-json\/wp\/v2\/categories?post=83867"},{"taxonomy":"post_tag","embeddable":true,"href":"https:\/\/www.europesays.com\/fr\/wp-json\/wp\/v2\/tags?post=83867"}],"curies":[{"name":"wp","href":"https:\/\/api.w.org\/{rel}","templated":true}]}}