{"id":83871,"date":"2025-05-08T07:24:09","date_gmt":"2025-05-08T07:24:09","guid":{"rendered":"https:\/\/www.europesays.com\/fr\/83871\/"},"modified":"2025-05-08T07:24:09","modified_gmt":"2025-05-08T07:24:09","slug":"si-les-gens-voyaient-a-quoi-ressemble-ma-vie","status":"publish","type":"post","link":"https:\/\/www.europesays.com\/fr\/83871\/","title":{"rendered":"\u00ab Si les gens voyaient \u00e0 quoi ressemble ma vie\u2026 \u00bb"},"content":{"rendered":"<p>Une lutte quotidienne. En 2021, quelques ann\u00e9es apr\u00e8s avoir vaincu un cancer du sein, <a data-i13n=\"cpos:1;pos:1\" href=\"https:\/\/www.femina.fr\/article\/je-reste-allongee-en-hurlant-christina-applegate-se-confie-sur-son-quotidien-avec-la-sclerose-en-plaques#xtor=AL-34\" rel=\"nofollow noopener\" target=\"_blank\" data-ylk=\"slk:Christina Applegate;cpos:1;pos:1;elm:context_link;itc:0;sec:content-canvas\" class=\"link \">Christina Applegate<\/a> a appris qu\u2019elle souffrait de<a data-i13n=\"cpos:2;pos:1\" href=\"https:\/\/www.femina.fr\/article\/atteinte-de-sclerose-en-plaques-christina-applegate-decrit-son-calvaire-la-situation-est-effrayante#xtor=AL-34\" rel=\"nofollow noopener\" target=\"_blank\" data-ylk=\"slk:scl\u00e9rose en plaques;cpos:2;pos:1;elm:context_link;itc:0;sec:content-canvas\" class=\"link \"> scl\u00e9rose en plaques<\/a>, apr\u00e8s avoir constat\u00e9 de nombreux inconforts dans sa vie quotidienne. \u00ab Je perdais mon \u00e9quilibre petit \u00e0 petit et la douleur devenait insupportable \u00bb, a-t-elle ainsi rappel\u00e9 en ce mois de mai dans le podcast Team Coco anim\u00e9 par Conan O\u2019Brien. Petit \u00e0 petit, la vedette de la s\u00e9rie <a data-i13n=\"cpos:3;pos:1\" href=\"https:\/\/www.femina.fr\/article\/dead-to-me-netflix-la-showrunner-explique-la-fin-de-la-saison-3#xtor=AL-34\" rel=\"nofollow noopener\" target=\"_blank\" data-ylk=\"slk:Dead to Me;cpos:3;pos:1;elm:context_link;itc:0;sec:content-canvas\" class=\"link \">Dead to Me<\/a> s\u2019est \u00e9loign\u00e9e de la lumi\u00e8re, menant dans l\u2019ombre un combat \u00e9prouvant contre cette maladie auto-immune qui affecte son syst\u00e8me nerveux central. Une bataille de chaque instant, pourtant incomprise par certaines personnes\u2026<\/p>\n<p><strong>A d\u00e9couvrir \u00e9galement : <\/strong><a data-i13n=\"cpos:4;pos:1\" href=\"https:\/\/www.femina.fr\/article\/christina-applegate-malade-j-ai-30-lesions-au-cerveau-son-etat-de-sante-se-degrade-elle-fait-des-revelations-sur-la-sclerose-en#xtor=AL-34\" rel=\"nofollow noopener\" target=\"_blank\" data-ylk=\"slk:Christina Applegate malade : \u00ab J&#039;ai 30 l\u00e9sions au cerveau \u00bb\u2026 Son \u00e9tat de sant\u00e9 se d\u00e9grade, elle fait des r\u00e9v\u00e9lations sur la scl\u00e9rose en plaques;cpos:4;pos:1;elm:context_link;itc:0;sec:content-canvas\" class=\"link \">Christina Applegate malade : \u00ab J&rsquo;ai 30 l\u00e9sions au cerveau \u00bb\u2026 Son \u00e9tat de sant\u00e9 se d\u00e9grade, elle fait des r\u00e9v\u00e9lations sur la scl\u00e9rose en plaques<\/a><\/p>\n<p>\u00ab Je ne sors plus de chez moi pratiquement \u00bb<\/p>\n<p>Lors de cet \u00e9change, Conan O\u2019Brien a formul\u00e9 un constat aussi surprenant que v\u00e9ridique : \u00ab Vous \u00eates tomb\u00e9e malade alors que vous \u00eates c\u00e9l\u00e8bre, pour certaines personnes, cela est presque inconcevable. \u00bb Des propos confirm\u00e9s par Christina Applegate, toujours interloqu\u00e9e par le manque d\u2019empathie de certains face \u00e0 sa&#8230;<\/p>\n<p><a data-i13n=\"cpos:5;pos:1\" href=\"https:\/\/www.femina.fr\/article\/en-larmes-christina-applegate-se-confie-sur-sa-sclerose-en-plaques-si-les-gens-voyaient-a-quoi-ressemble-ma-vie#xtor=AL-34\" rel=\"nofollow noopener\" target=\"_blank\" data-ylk=\"slk:Lire la suite sur Femina.fr;cpos:5;pos:1;elm:context_link;itc:0;sec:content-canvas\" class=\"link \">Lire la suite sur Femina.fr<\/a><\/p>\n<p>A lire aussi<\/p>\n","protected":false},"excerpt":{"rendered":"Une lutte quotidienne. En 2021, quelques ann\u00e9es apr\u00e8s avoir vaincu un cancer du sein, Christina Applegate a appris&hellip;\n","protected":false},"author":2,"featured_media":83872,"comment_status":"","ping_status":"","sticky":false,"template":"","format":"standard","meta":{"footnotes":""},"categories":[1359],"tags":[2776,19244,19245,58,59,1011,27,9952,973],"class_list":{"0":"post-83871","1":"post","2":"type-post","3":"status-publish","4":"format-standard","5":"has-post-thumbnail","7":"category-people","8":"tag-cancer-du-sein","9":"tag-christina-applegate","10":"tag-conan-obrien","11":"tag-divertissement","12":"tag-entertainment","13":"tag-fr","14":"tag-france","15":"tag-maladie-auto-immune","16":"tag-people"},"share_on_mastodon":{"url":"https:\/\/pubeurope.com\/@fr\/114471021129309789","error":""},"_links":{"self":[{"href":"https:\/\/www.europesays.com\/fr\/wp-json\/wp\/v2\/posts\/83871","targetHints":{"allow":["GET"]}}],"collection":[{"href":"https:\/\/www.europesays.com\/fr\/wp-json\/wp\/v2\/posts"}],"about":[{"href":"https:\/\/www.europesays.com\/fr\/wp-json\/wp\/v2\/types\/post"}],"author":[{"embeddable":true,"href":"https:\/\/www.europesays.com\/fr\/wp-json\/wp\/v2\/users\/2"}],"replies":[{"embeddable":true,"href":"https:\/\/www.europesays.com\/fr\/wp-json\/wp\/v2\/comments?post=83871"}],"version-history":[{"count":0,"href":"https:\/\/www.europesays.com\/fr\/wp-json\/wp\/v2\/posts\/83871\/revisions"}],"wp:featuredmedia":[{"embeddable":true,"href":"https:\/\/www.europesays.com\/fr\/wp-json\/wp\/v2\/media\/83872"}],"wp:attachment":[{"href":"https:\/\/www.europesays.com\/fr\/wp-json\/wp\/v2\/media?parent=83871"}],"wp:term":[{"taxonomy":"category","embeddable":true,"href":"https:\/\/www.europesays.com\/fr\/wp-json\/wp\/v2\/categories?post=83871"},{"taxonomy":"post_tag","embeddable":true,"href":"https:\/\/www.europesays.com\/fr\/wp-json\/wp\/v2\/tags?post=83871"}],"curies":[{"name":"wp","href":"https:\/\/api.w.org\/{rel}","templated":true}]}}