{"id":83895,"date":"2025-05-08T07:37:08","date_gmt":"2025-05-08T07:37:08","guid":{"rendered":"https:\/\/www.europesays.com\/fr\/83895\/"},"modified":"2025-05-08T07:37:08","modified_gmt":"2025-05-08T07:37:08","slug":"on-vit-a-cote-du-cadavre-de-notre-voisin-le-calvaire-dune-famille-pour-faire-constater-le-deces-du-septuagenaire","status":"publish","type":"post","link":"https:\/\/www.europesays.com\/fr\/83895\/","title":{"rendered":"\u00ab\u00a0On vit \u00e0 c\u00f4t\u00e9 du cadavre de notre voisin\u00a0\u00bb\u00a0: le calvaire d\u2019une famille pour faire constater le d\u00e9c\u00e8s du septuag\u00e9naire"},"content":{"rendered":"<p class=\"paragraph text_align_left\">L\u2019odeur putride sur le palier est quasiment insoutenable et reste dans les narines, tenace. \u00ab C\u2019est l\u2019odeur de la mort \u00bb, l\u00e2che Samia (les pr\u00e9noms ont \u00e9t\u00e9 chang\u00e9s). Cette jeune maman de <a href=\"https:\/\/www.leparisien.fr\/val-de-marne-94\/l-hay-les-roses-94240\/\" target=\"_self\" rel=\"noopener\">L\u2019Ha\u00ff-les-Roses<\/a> (Val-de-Marne) n\u2019en pouvait plus de vivre \u00e0 c\u00f4t\u00e9 du cadavre de son voisin. Elle en est m\u00eame tomb\u00e9e malade : \u00ab J\u2019ai tellement vomi que j\u2019ai fini \u00e0 l\u2019h\u00f4pital l\u2019autre jour. \u00bb<\/p>\n<p class=\"paragraph text_align_left\">Voil\u00e0 des ann\u00e9es que le septuag\u00e9naire habitant cet immeuble rue Gustave-Charpentier laisse \u00e9maner de son appartement des effluves profond\u00e9ment naus\u00e9abonds. <a href=\"https:\/\/www.leparisien.fr\/val-de-marne-94\/nicolas-neveux-psychiatre-il-y-a-toujours-une-maladie-derriere-le-syndrome-de-diogene-21-06-2022-RAUJSXK54NDW5IRFJBU7JT2EUQ.php\" target=\"_self\" rel=\"noopener\">Victime du syndrome de Diog\u00e8ne<\/a>, il entasse des milliers de d\u00e9tritus, objets et animaux dans son appartement. \u00ab Il avait m\u00eame un \u00e9levage de poules et pigeons \u00bb, pr\u00e9cise Rachid, l\u2019\u00e9poux de Samia.<\/p>\n","protected":false},"excerpt":{"rendered":"L\u2019odeur putride sur le palier est quasiment insoutenable et reste dans les narines, tenace. \u00ab C\u2019est l\u2019odeur de&hellip;\n","protected":false},"author":2,"featured_media":83896,"comment_status":"","ping_status":"","sticky":false,"template":"","format":"standard","meta":{"footnotes":""},"categories":[2],"tags":[11,1011,27,1944,12,1125],"class_list":{"0":"post-83895","1":"post","2":"type-post","3":"status-publish","4":"format-standard","5":"has-post-thumbnail","7":"category-actualites","8":"tag-actualites","9":"tag-fr","10":"tag-france","11":"tag-ma-ville","12":"tag-news","13":"tag-val-de-marne"},"share_on_mastodon":{"url":"https:\/\/pubeurope.com\/@fr\/114471072095393412","error":""},"_links":{"self":[{"href":"https:\/\/www.europesays.com\/fr\/wp-json\/wp\/v2\/posts\/83895","targetHints":{"allow":["GET"]}}],"collection":[{"href":"https:\/\/www.europesays.com\/fr\/wp-json\/wp\/v2\/posts"}],"about":[{"href":"https:\/\/www.europesays.com\/fr\/wp-json\/wp\/v2\/types\/post"}],"author":[{"embeddable":true,"href":"https:\/\/www.europesays.com\/fr\/wp-json\/wp\/v2\/users\/2"}],"replies":[{"embeddable":true,"href":"https:\/\/www.europesays.com\/fr\/wp-json\/wp\/v2\/comments?post=83895"}],"version-history":[{"count":0,"href":"https:\/\/www.europesays.com\/fr\/wp-json\/wp\/v2\/posts\/83895\/revisions"}],"wp:featuredmedia":[{"embeddable":true,"href":"https:\/\/www.europesays.com\/fr\/wp-json\/wp\/v2\/media\/83896"}],"wp:attachment":[{"href":"https:\/\/www.europesays.com\/fr\/wp-json\/wp\/v2\/media?parent=83895"}],"wp:term":[{"taxonomy":"category","embeddable":true,"href":"https:\/\/www.europesays.com\/fr\/wp-json\/wp\/v2\/categories?post=83895"},{"taxonomy":"post_tag","embeddable":true,"href":"https:\/\/www.europesays.com\/fr\/wp-json\/wp\/v2\/tags?post=83895"}],"curies":[{"name":"wp","href":"https:\/\/api.w.org\/{rel}","templated":true}]}}