{"id":83900,"date":"2025-05-08T07:41:14","date_gmt":"2025-05-08T07:41:14","guid":{"rendered":"https:\/\/www.europesays.com\/fr\/83900\/"},"modified":"2025-05-08T07:41:14","modified_gmt":"2025-05-08T07:41:14","slug":"nancy-une-nouvelle-boulangerie-patisserie-pleine-de-promesses-en-vieille-ville","status":"publish","type":"post","link":"https:\/\/www.europesays.com\/fr\/83900\/","title":{"rendered":"Nancy. Une nouvelle boulangerie-p\u00e2tisserie pleine de promesses en vieille ville"},"content":{"rendered":"<p>Ce \u00ab\u00a0Teddy\u00a0\u00bb, joli petit g\u00e2teau en forme d\u2019ours tendre couleur et saveur de caramel est le chouchou des nouveaux patrons. Il a tout pour devenir la premi\u00e8re \u00ab\u00a0recette signature\u00a0\u00bb du 3 rue Monseigneur-Trouillet. Il tient d\u2019ailleurs le haut de la devanture avec sa frimousse gourmande affich\u00e9e en logo sur la nouvelle enseigne.<\/p>\n<p>Mais chaque client est libre de s\u00e9lectionner son g\u00e2teau et son chocolat pr\u00e9f\u00e9r\u00e9s\u00a0! Au choix\u00a0: l\u2019app\u00e9tissant Chocoberry, l\u2019exotique Passiflore, l\u2019esth\u00e9tique tarte aux deux citrons et toute une&#8230;<\/p>\n","protected":false},"excerpt":{"rendered":"Ce \u00ab\u00a0Teddy\u00a0\u00bb, joli petit g\u00e2teau en forme d\u2019ours tendre couleur et saveur de caramel est le chouchou des&hellip;\n","protected":false},"author":2,"featured_media":83901,"comment_status":"","ping_status":"","sticky":false,"template":"","format":"standard","meta":{"footnotes":""},"categories":[9635],"tags":[1111,11,4406,33,1704,1777,674,1011,27,775,1702,1703,12,25,216],"class_list":{"0":"post-83900","1":"post","2":"type-post","3":"status-publish","4":"format-standard","5":"has-post-thumbnail","7":"category-nancy","8":"tag-actu","9":"tag-actualites","10":"tag-commerce-et-services","11":"tag-economie","12":"tag-edition-nancy-et-agglomeration","13":"tag-eu","14":"tag-europe","15":"tag-fr","16":"tag-france","17":"tag-grand-est","18":"tag-nancy","19":"tag-nancy-ville-54b","20":"tag-news","21":"tag-republique-francaise","22":"tag-vie-des-entreprises"},"share_on_mastodon":{"url":"https:\/\/pubeurope.com\/@fr\/114471087839592689","error":""},"_links":{"self":[{"href":"https:\/\/www.europesays.com\/fr\/wp-json\/wp\/v2\/posts\/83900","targetHints":{"allow":["GET"]}}],"collection":[{"href":"https:\/\/www.europesays.com\/fr\/wp-json\/wp\/v2\/posts"}],"about":[{"href":"https:\/\/www.europesays.com\/fr\/wp-json\/wp\/v2\/types\/post"}],"author":[{"embeddable":true,"href":"https:\/\/www.europesays.com\/fr\/wp-json\/wp\/v2\/users\/2"}],"replies":[{"embeddable":true,"href":"https:\/\/www.europesays.com\/fr\/wp-json\/wp\/v2\/comments?post=83900"}],"version-history":[{"count":0,"href":"https:\/\/www.europesays.com\/fr\/wp-json\/wp\/v2\/posts\/83900\/revisions"}],"wp:featuredmedia":[{"embeddable":true,"href":"https:\/\/www.europesays.com\/fr\/wp-json\/wp\/v2\/media\/83901"}],"wp:attachment":[{"href":"https:\/\/www.europesays.com\/fr\/wp-json\/wp\/v2\/media?parent=83900"}],"wp:term":[{"taxonomy":"category","embeddable":true,"href":"https:\/\/www.europesays.com\/fr\/wp-json\/wp\/v2\/categories?post=83900"},{"taxonomy":"post_tag","embeddable":true,"href":"https:\/\/www.europesays.com\/fr\/wp-json\/wp\/v2\/tags?post=83900"}],"curies":[{"name":"wp","href":"https:\/\/api.w.org\/{rel}","templated":true}]}}