{"id":83902,"date":"2025-05-08T07:43:08","date_gmt":"2025-05-08T07:43:08","guid":{"rendered":"https:\/\/www.europesays.com\/fr\/83902\/"},"modified":"2025-05-08T07:43:08","modified_gmt":"2025-05-08T07:43:08","slug":"budget-2026-linquietude-monte-sur-les-interets-de-la-dette","status":"publish","type":"post","link":"https:\/\/www.europesays.com\/fr\/83902\/","title":{"rendered":"Budget 2026 : l\u2019inqui\u00e9tude monte sur les int\u00e9r\u00eats de la dette"},"content":{"rendered":"<p><a href=\"https:\/\/rennes.maville.com\/actu\/actudet_-referendum-budgetaire-une-idee-audacieuse-mais-qui-pose-un-double-probleme-_54135-6792161_actu.Htm\" target=\"_self\" rel=\"noopener\">Le gouvernement<\/a> planche sur le budget 2026. Il pr\u00e9pare les esprits \u00e0 une nouvelle <a href=\"https:\/\/rennes.maville.com\/actu\/actudet_-dette-de-la-france.-rappelons-nous-le-cas-de-la-grece-_53511-6776966_actu.Htm\" target=\"_self\" rel=\"noopener\">cure de rigueur.<\/a> L\u2019une des explications, c\u2019est la charge de <a href=\"https:\/\/rennes.maville.com\/actu\/actudet_-le-covid-a-t-il-accru-la-dette-de-la-france-de-857-milliards-d-euros-on-demele-vrai-du-faux-_53511-6709577_actu.Htm\" target=\"_self\" rel=\"noopener\">la dette.<\/a> Voici les enjeux.<\/p>\n<p><strong>Lire aussi<\/strong> : <a href=\"https:\/\/rennes.maville.com\/actu\/actudet_-dette.-le-probleme-de-la-france-n-est-pas-son-endettement-mais-la-repartition-de-ses-richesses-_53511-6622721_actu.Htm\" target=\"_self\" rel=\"noopener\">Dette. \u00ab\u00a0Le probl\u00e8me de la France n\u2019est pas son endettement, mais la r\u00e9partition de ses richesses\u00a0\u00bb<\/a><\/p>\n<p>Combien les int\u00e9r\u00eats de la dette co\u00fbtent-ils au contribuable\u00a0?<\/p>\n<p>Rappelons d\u2019abord que la dette de l\u2019\u00c9tat s\u2019\u00e9l\u00e8ve \u00e0 2\u00a0641\u00a0milliards d\u2019euros (soit 80\u00a0% de la dette totale, qui inclut aussi celle de la S\u00e9curit\u00e9 sociale et des collectivit\u00e9s). Elle est frapp\u00e9e d\u2019un taux moyen d\u2019int\u00e9r\u00eat de 1,65\u00a0%, d\u2019o\u00f9 les 44\u00a0milliards vers\u00e9s par l\u2019\u00c9tat aux pr\u00eateurs l\u2019an dernier. Le taux moyen est en hausse.<\/p>\n<\/p>\n<p>Pourquoi cette hausse\u00a0?<\/p>\n<p>Pour y r\u00e9pondre, il faut avoir en t\u00eate que les taux d\u2019emprunt ont vari\u00e9, selon les p\u00e9riodes. Et ils sont influenc\u00e9s notamment par les d\u00e9cisions de la Banque centrale europ\u00e9enne (BCE), en r\u00e9ponse aux crises. Entre 2009 et 2022, les taux \u00e9taient bas. La France empruntait en moyenne \u00e0 0,59\u00a0%. Car la BCE rachetait massivement des dettes d\u2019\u00c9tats de la zone euro, en cr\u00e9ant de l\u2019argent. Elle a ainsi \u00e9vit\u00e9 une flamb\u00e9e des taux, apr\u00e8s la crise grecque de 2010. Depuis, elle a cess\u00e9 ses rachats, par crainte d\u2019effets inflationnistes. Mais la reprise post-Covid et la guerre en Ukraine ont fait flamber les prix. Elle a d\u00fb augmenter ses taux pour lutter contre l\u2019inflation. Si bien que l\u2019an dernier, la France a emprunt\u00e9 en moyenne \u00e0 3\u00a0%. Les anciens emprunts, souscrits \u00e0 0,59\u00a0%, arrivant \u00e0 \u00e9ch\u00e9ance, sont donc peu \u00e0 peu remplac\u00e9s par de nouveaux, souscrits \u00e0 3\u00a0%. D\u2019o\u00f9 la hausse progressive du taux moyen.<\/p>\n<p>Quelles cons\u00e9quences\u00a0?<\/p>\n<p>En 2025, l\u2019\u00c9tat pr\u00e9voit de payer 53\u00a0milliards d\u2019int\u00e9r\u00eats, soit le deuxi\u00e8me budget devant la D\u00e9fense. Sachant que le taux moyen s\u2019applique \u00e0 une dette de plus en plus \u00e9lev\u00e9e. Elle s\u2019enrichit chaque ann\u00e9e du d\u00e9ficit de l\u2019ann\u00e9e pr\u00e9c\u00e9dente. D\u2019o\u00f9 le d\u00e9bat lanc\u00e9 par Fran\u00e7ois Bayrou, sur un r\u00e9f\u00e9rendum pour faire quarante milliards d\u2019\u00e9conomies en 2026. <strong>\u00abNotre pays est engag\u00e9 sur une pente terriblement risqu\u00e9e, qui nous conduit d\u2019ici trois ou quatre ann\u00e9es \u00e0 une situation angoissante,<\/strong> a d\u00e9clar\u00e9 le Premier ministre dans le JDD. <strong>Le seul service de la dette, c\u2019est-\u00e0-dire les int\u00e9r\u00eats annuels, pourrait atteindre 100 milliards d\u2019euros. C\u2019est l\u2019\u00e9quivalent des budgets de l\u2019Education nationale et de la D\u00e9fense r\u00e9unis.\u00bb<\/strong><\/p>\n<p>\u00a0<\/p>\n","protected":false},"excerpt":{"rendered":"Le gouvernement planche sur le budget 2026. Il pr\u00e9pare les esprits \u00e0 une nouvelle cure de rigueur. L\u2019une&hellip;\n","protected":false},"author":2,"featured_media":83903,"comment_status":"","ping_status":"","sticky":false,"template":"","format":"standard","meta":{"footnotes":""},"categories":[9619],"tags":[5734,1111,11,1003,6327,1777,674,1011,27,8248,19249,7636,12,882,25,2310],"class_list":{"0":"post-83902","1":"post","2":"type-post","3":"status-publish","4":"format-standard","5":"has-post-thumbnail","7":"category-toulon","8":"tag-5734","9":"tag-actu","10":"tag-actualites","11":"tag-budget","12":"tag-dette","13":"tag-eu","14":"tag-europe","15":"tag-fr","16":"tag-france","17":"tag-inquietude","18":"tag-interets","19":"tag-monte","20":"tag-news","21":"tag-provence-alpes-cote-dazur","22":"tag-republique-francaise","23":"tag-toulon"},"share_on_mastodon":{"url":"https:\/\/pubeurope.com\/@fr\/114471095793510565","error":""},"_links":{"self":[{"href":"https:\/\/www.europesays.com\/fr\/wp-json\/wp\/v2\/posts\/83902","targetHints":{"allow":["GET"]}}],"collection":[{"href":"https:\/\/www.europesays.com\/fr\/wp-json\/wp\/v2\/posts"}],"about":[{"href":"https:\/\/www.europesays.com\/fr\/wp-json\/wp\/v2\/types\/post"}],"author":[{"embeddable":true,"href":"https:\/\/www.europesays.com\/fr\/wp-json\/wp\/v2\/users\/2"}],"replies":[{"embeddable":true,"href":"https:\/\/www.europesays.com\/fr\/wp-json\/wp\/v2\/comments?post=83902"}],"version-history":[{"count":0,"href":"https:\/\/www.europesays.com\/fr\/wp-json\/wp\/v2\/posts\/83902\/revisions"}],"wp:featuredmedia":[{"embeddable":true,"href":"https:\/\/www.europesays.com\/fr\/wp-json\/wp\/v2\/media\/83903"}],"wp:attachment":[{"href":"https:\/\/www.europesays.com\/fr\/wp-json\/wp\/v2\/media?parent=83902"}],"wp:term":[{"taxonomy":"category","embeddable":true,"href":"https:\/\/www.europesays.com\/fr\/wp-json\/wp\/v2\/categories?post=83902"},{"taxonomy":"post_tag","embeddable":true,"href":"https:\/\/www.europesays.com\/fr\/wp-json\/wp\/v2\/tags?post=83902"}],"curies":[{"name":"wp","href":"https:\/\/api.w.org\/{rel}","templated":true}]}}