{"id":83904,"date":"2025-05-08T07:44:09","date_gmt":"2025-05-08T07:44:09","guid":{"rendered":"https:\/\/www.europesays.com\/fr\/83904\/"},"modified":"2025-05-08T07:44:09","modified_gmt":"2025-05-08T07:44:09","slug":"montpellier-un-futur-opera-par-lopera-orchestre-de-montpellier-recompense-a-vienne-par-lorganisme-fedora","status":"publish","type":"post","link":"https:\/\/www.europesays.com\/fr\/83904\/","title":{"rendered":"Montpellier. Un futur op\u00e9ra par l&rsquo;Op\u00e9ra Orchestre de Montpellier r\u00e9compens\u00e9 \u00e0 Vienne par l&rsquo;organisme Fedora"},"content":{"rendered":"<p>            Par<br \/>\n        <strong><br \/>\n            <a href=\"https:\/\/actu.fr\/auteur\/metropoop\" title=\"Consulter tous les articles de R\u00e9daction M\u00e9tropolitain\" rel=\"nofollow noopener\" target=\"_blank\">R\u00e9daction M\u00e9tropolitain<\/a><br \/>\n        <\/strong><\/p>\n<p>        Publi\u00e9 le<\/p>\n<p>            8 mai 2025 \u00e0 9h16        <\/p>\n<p><strong>L\u2019Op\u00e9ra Orchestre de Montpellier<\/strong> a obtenu le <strong>prix du public Fedora<\/strong> ce <strong>26 avril<\/strong> avec la performance <strong>H\u00f4tel Moctezuma<\/strong>. Avec cette r\u00e9compense viennent aussi <strong>10 000\u20ac.<\/strong> <strong>Diana Syrse<\/strong> et <strong>Ewa Rucinska,<\/strong> la compositrice et la metteuse en sc\u00e8ne, ont eu l\u2019honneur d\u2019accepter cette distinction \u00e0 <strong>l\u2019Op\u00e9ra national de Vienne.<\/strong><\/p>\n<p>    <a href=\"https:\/\/www.google.com\/maps\/embed?pb=!1m18!1m12!1m3!1d556.9153304084931!2d3.8790092544498775!3d43.60822152371565!2m3!1f0!2f0!3f0!3m2!1i1024!2i768!4f13.1!3m3!1m2!1s0x12b6af0624857031%3A0x23a13fb90eb4e4b8!2sOp%C3%A9ra%20Orchestre%20national%20Montpellier%20Occitanie!5e0!3m2!1sfr!2sfr!4v1746688347180!5m2!1sfr!2sfr\" title=\"Ouvrie le lien\" rel=\"nofollow noopener\" target=\"_blank\">Cliquez ici pour visualiser le contenu<\/a><\/p>\n<p class=\" wall-content\">H\u00f4tel Moctezuma \u00e9tait en lice pour le prix Op\u00e9ra de l\u2019<strong>association biennale Fedora<\/strong>, face \u00e0 la production n\u00e9erlandaise\u00a0Between Two Lights et celle irlandaise\u00a0The Curing Line.\u00a0Si l\u2019op\u00e9ra montpelli\u00e9rain a du s\u2019incliner devant cette derni\u00e8re, il a en revanche \u00e9t\u00e9 choisi par le public. Selon les propres mots de l\u2019Op\u00e9ra Orchestre de Montpellier, H\u00f4tel Moctezuma est un \u00ab\u00a0<strong>op\u00e9ra contemporain<\/strong> qui aborde des th\u00e9matiques actuelles telles que la d\u00e9colonisation, l\u2019immigration, le changement climatique et la sous-repr\u00e9sentation des femmes dans les r\u00e9cits historiques, les ouvrages litt\u00e9raires et lyriques.\u00a0\u00bb Il est produit en collaboration avec l\u2019Op\u00e9ra national de Varsovie.<\/p>\n<p>      <img   decoding=\"async\" loading=\"lazy\" src=\"https:\/\/www.europesays.com\/fr\/wp-content\/uploads\/2025\/05\/c-photo-taken-by-katharina-schiffl-for-fedora-25-1920x1430-1-960x640.jpg\" alt=\"Diana Syrse et Ewa Rucinska ont re\u00e7u le prix du public \u00e0 Vienne pour H\u00f4tel Moctezuma\" width=\"960\" height=\"640\"\/><br \/>\n    Diana Syrse et Ewa Rucinska ont re\u00e7u le prix du public \u00e0 Vienne pour H\u00f4tel Moctezuma (\u00a9FEDORA \/ Katharina Schiffl)<\/p>\n<p class=\" wall-content\">Fedora (de son nom complet (FEDORA \u2013 The European Circle of Philanthropists of Opera and Ballet) est une <strong>association europ\u00e9enne \u00e0 but non lucratif<\/strong> qui vise \u00e0 valoriser et contribuer au futur de l\u2019op\u00e9ra et de la danse en Europe. Fond\u00e9e en 2013, elle est actuellement pr\u00e9sid\u00e9e par St\u00e9phane Argyropoulos. Pour atteindre son objectif d\u2019encouragement des jeunes artistes, Fedora l\u00e8ve des <strong>fonds<\/strong> aupr\u00e8s du public europ\u00e9en et d\u00e9livre cinq prix tous les deux ans. Le laur\u00e9at du prix FEDORA \u2013 Generali, d\u00e9di\u00e9 \u00e0 l\u2019op\u00e9ra, repart aussi avec <strong>150 000\u20ac euros<\/strong>.<\/p>\n<p>\u00a0&gt; Pour d\u00e9couvrir H\u00f4tel Moctezuma, rendez-vous en 2026 au mythique Op\u00e9ra Orchestre National de Montpellier. <a href=\"https:\/\/www.opera-orchestre-montpellier.fr\/magazine\/hotel-moctezuma-remporte-prix-public-fedora-2025\/\" rel=\"nofollow noopener\" target=\"_blank\">En attendant, retrouvez la pr\u00e9sentation officielle ici<\/a>.Vid\u00e9os : en ce moment sur Actu<\/p>\n<p>&gt; Si vous ne voulez pas attendre 2026 pour d\u00e9couvrir l\u2019Op\u00e9ra Orchestre de Montpellier, alors rendez-vous ce week-end, les 10 et 11 mai, pour profiter des portes ouvertes et participer \u00e0 diverses activit\u00e9s.<\/p>\n<p class=\" wall-content\">Suivez toute l\u2019actualit\u00e9 de vos villes et m\u00e9dias favoris en vous inscrivant \u00e0 <a href=\"https:\/\/moncompte.actu.fr\" title=\"D\u00e9couvez Mon Actu\" rel=\"nofollow noopener\" data-trk=\"{&quot;cta&quot;:{&quot;action&quot;:&quot;https:\\\/\\\/moncompte.actu.fr&quot;,&quot;category&quot;:&quot;mon compte&quot;,&quot;from&quot;:&quot;article footer&quot;,&quot;name&quot;:&quot;Mon actu&quot;,&quot;type&quot;:&quot;cta&quot;}}\" target=\"_blank\">Mon Actu<\/a>.<\/p>\n","protected":false},"excerpt":{"rendered":"Par R\u00e9daction M\u00e9tropolitain Publi\u00e9 le 8 mai 2025 \u00e0 9h16 L\u2019Op\u00e9ra Orchestre de Montpellier a obtenu le prix&hellip;\n","protected":false},"author":2,"featured_media":83905,"comment_status":"","ping_status":"","sticky":false,"template":"","format":"standard","meta":{"footnotes":""},"categories":[9599],"tags":[1111,11,1777,674,1011,27,1652,2208,12,2680,25,1347],"class_list":{"0":"post-83904","1":"post","2":"type-post","3":"status-publish","4":"format-standard","5":"has-post-thumbnail","7":"category-montpellier","8":"tag-actu","9":"tag-actualites","10":"tag-eu","11":"tag-europe","12":"tag-fr","13":"tag-france","14":"tag-loisirs-culture","15":"tag-montpellier","16":"tag-news","17":"tag-occitanie","18":"tag-republique-francaise","19":"tag-theatre"},"share_on_mastodon":{"url":"https:\/\/pubeurope.com\/@fr\/114471099753958327","error":""},"_links":{"self":[{"href":"https:\/\/www.europesays.com\/fr\/wp-json\/wp\/v2\/posts\/83904","targetHints":{"allow":["GET"]}}],"collection":[{"href":"https:\/\/www.europesays.com\/fr\/wp-json\/wp\/v2\/posts"}],"about":[{"href":"https:\/\/www.europesays.com\/fr\/wp-json\/wp\/v2\/types\/post"}],"author":[{"embeddable":true,"href":"https:\/\/www.europesays.com\/fr\/wp-json\/wp\/v2\/users\/2"}],"replies":[{"embeddable":true,"href":"https:\/\/www.europesays.com\/fr\/wp-json\/wp\/v2\/comments?post=83904"}],"version-history":[{"count":0,"href":"https:\/\/www.europesays.com\/fr\/wp-json\/wp\/v2\/posts\/83904\/revisions"}],"wp:featuredmedia":[{"embeddable":true,"href":"https:\/\/www.europesays.com\/fr\/wp-json\/wp\/v2\/media\/83905"}],"wp:attachment":[{"href":"https:\/\/www.europesays.com\/fr\/wp-json\/wp\/v2\/media?parent=83904"}],"wp:term":[{"taxonomy":"category","embeddable":true,"href":"https:\/\/www.europesays.com\/fr\/wp-json\/wp\/v2\/categories?post=83904"},{"taxonomy":"post_tag","embeddable":true,"href":"https:\/\/www.europesays.com\/fr\/wp-json\/wp\/v2\/tags?post=83904"}],"curies":[{"name":"wp","href":"https:\/\/api.w.org\/{rel}","templated":true}]}}