{"id":83910,"date":"2025-05-08T07:47:18","date_gmt":"2025-05-08T07:47:18","guid":{"rendered":"https:\/\/www.europesays.com\/fr\/83910\/"},"modified":"2025-05-08T07:47:18","modified_gmt":"2025-05-08T07:47:18","slug":"la-maire-de-cette-commune-annonce-a-ses-agents-quelle-ne-se-representera-pas","status":"publish","type":"post","link":"https:\/\/www.europesays.com\/fr\/83910\/","title":{"rendered":"la maire de cette commune annonce \u00e0 ses agents qu\u2019elle ne se repr\u00e9sentera pas"},"content":{"rendered":"<p>            Par<br \/>\n        <strong><br \/>\n            <a href=\"https:\/\/actu.fr\/auteur\/aurelien-delavaud\" title=\"Consulter tous les articles de Aur\u00e9lien Delavaud\" rel=\"nofollow noopener\" target=\"_blank\">Aur\u00e9lien Delavaud<\/a><br \/>\n        <\/strong><\/p>\n<p>        Publi\u00e9 le<\/p>\n<p>            7 mai 2025 \u00e0 16h39        <\/p>\n<p>Il s\u2019agit d\u2019un <b>simple mail<\/b>, comme ils en re\u00e7oivent s\u00fbrement des dizaines chaque jour, mais cette fois, le contenu en a \u00e9tonn\u00e9 plus d\u2019un.<\/p>\n<p class=\" wall-content\">Le mercredi 7\u00a0mai 2025, tous les agents de la ville de Saint-Aubin-l\u00e8s-Elbeuf (Seine-Maritime) ont re\u00e7u le m\u00eame message de la part de leur maire. Dans celui-ci, <b>Karine Bendjebara-Blais<\/b> les a inform\u00e9s de sa d\u00e9cision de ne pas se repr\u00e9senter lors des prochaines <b>\u00e9lections municipales<\/b>, en mars\u00a02026.<\/p>\n<p class=\" wall-content\">\u00c9lue maire en 2020, Karine Bendjebara-Blais <a href=\"https:\/\/actu.fr\/normandie\/saint-aubin-les-elbeuf_76561\/municipales-2020-karine-bendjebara-blais-est-candidate-la-succession-jean-marie-masson-saint-aubin-elbeuf_30925291.html\" rel=\"nofollow noopener\" target=\"_blank\">avait pris la suite de Jean-Marie Masson<\/a>, dont elle avait \u00e9t\u00e9 la premi\u00e8re adjointe au cours de son deuxi\u00e8me et dernier mandat.<\/p>\n<p>Dans l\u2019attente d\u2019un successeur<\/p>\n<p class=\" wall-content\">Pour le moment, les causes de ce <b>futur retrait<\/b> ne sont pas encore connues. Contact\u00e9e, la <b>mairie confirme<\/b> dans une r\u00e9ponse \u00e9crite l\u2019existence de ce mail \u00ab\u2009adress\u00e9 ce matin aux colistiers et aux agents\u2009\u00bb. Selon la municipalit\u00e9, \u00ab\u2009la priorit\u00e9 actuelle est de les informer directement\u2009\u00bb.<\/p>\n<p class=\" wall-content\">Et pour le reste des habitants de la commune\u2009? Une prise de parole publique est pr\u00e9vue dans les prochains jours, pour r\u00e9pondre aux interrogations sur l\u2019avenir.<\/p>\n<p>Vid\u00e9os : en ce moment sur Actu<\/p>\n<p class=\" wall-content\">\u00ab\u2009Elle consid\u00e8re qu\u2019\u00e0 dix mois des \u00e9lections, les citoyens attendent avant tout qu\u2019un projet leur soit pr\u00e9sent\u00e9, ce qui sera fait prochainement, plut\u00f4t que de savoir qui le portera\u2009\u00bb, poursuit la mairie dans sa r\u00e9ponse \u00e9crite.<\/p>\n<p class=\" wall-content\">Selon nos informations, l\u2019\u00e9quipe municipale souhaite se donner le temps de se r\u00e9unir et de choisir le successeur de Karine Bendjebara-Blais avant de communiquer \u00e0 nouveau.<\/p>\n<p class=\" wall-content\">Suivez toute l\u2019actualit\u00e9 de vos villes et m\u00e9dias favoris en vous inscrivant \u00e0 <a href=\"https:\/\/moncompte.actu.fr\" title=\"D\u00e9couvez Mon Actu\" rel=\"nofollow noopener\" data-trk=\"{&quot;cta&quot;:{&quot;action&quot;:&quot;https:\\\/\\\/moncompte.actu.fr&quot;,&quot;category&quot;:&quot;mon compte&quot;,&quot;from&quot;:&quot;article footer&quot;,&quot;name&quot;:&quot;Mon actu&quot;,&quot;type&quot;:&quot;cta&quot;}}\" target=\"_blank\">Mon Actu<\/a>.<\/p>\n","protected":false},"excerpt":{"rendered":"Par Aur\u00e9lien Delavaud Publi\u00e9 le 7 mai 2025 \u00e0 16h39 Il s\u2019agit d\u2019un simple mail, comme ils en&hellip;\n","protected":false},"author":2,"featured_media":83911,"comment_status":"","ping_status":"","sticky":false,"template":"","format":"standard","meta":{"footnotes":""},"categories":[9587],"tags":[1111,11,1777,674,1011,27,3434,12,5161,25,9590,104],"class_list":{"0":"post-83910","1":"post","2":"type-post","3":"status-publish","4":"format-standard","5":"has-post-thumbnail","7":"category-rouen","8":"tag-actu","9":"tag-actualites","10":"tag-eu","11":"tag-europe","12":"tag-fr","13":"tag-france","14":"tag-municipales-2026","15":"tag-news","16":"tag-normandie","17":"tag-republique-francaise","18":"tag-rouen","19":"tag-societe"},"share_on_mastodon":{"url":"https:\/\/pubeurope.com\/@fr\/114471111789368916","error":""},"_links":{"self":[{"href":"https:\/\/www.europesays.com\/fr\/wp-json\/wp\/v2\/posts\/83910","targetHints":{"allow":["GET"]}}],"collection":[{"href":"https:\/\/www.europesays.com\/fr\/wp-json\/wp\/v2\/posts"}],"about":[{"href":"https:\/\/www.europesays.com\/fr\/wp-json\/wp\/v2\/types\/post"}],"author":[{"embeddable":true,"href":"https:\/\/www.europesays.com\/fr\/wp-json\/wp\/v2\/users\/2"}],"replies":[{"embeddable":true,"href":"https:\/\/www.europesays.com\/fr\/wp-json\/wp\/v2\/comments?post=83910"}],"version-history":[{"count":0,"href":"https:\/\/www.europesays.com\/fr\/wp-json\/wp\/v2\/posts\/83910\/revisions"}],"wp:featuredmedia":[{"embeddable":true,"href":"https:\/\/www.europesays.com\/fr\/wp-json\/wp\/v2\/media\/83911"}],"wp:attachment":[{"href":"https:\/\/www.europesays.com\/fr\/wp-json\/wp\/v2\/media?parent=83910"}],"wp:term":[{"taxonomy":"category","embeddable":true,"href":"https:\/\/www.europesays.com\/fr\/wp-json\/wp\/v2\/categories?post=83910"},{"taxonomy":"post_tag","embeddable":true,"href":"https:\/\/www.europesays.com\/fr\/wp-json\/wp\/v2\/tags?post=83910"}],"curies":[{"name":"wp","href":"https:\/\/api.w.org\/{rel}","templated":true}]}}