{"id":83912,"date":"2025-05-08T07:48:14","date_gmt":"2025-05-08T07:48:14","guid":{"rendered":"https:\/\/www.europesays.com\/fr\/83912\/"},"modified":"2025-05-08T07:48:14","modified_gmt":"2025-05-08T07:48:14","slug":"marches-sans-appel-doffres-la-municipalite-rouge-verts-persiste","status":"publish","type":"post","link":"https:\/\/www.europesays.com\/fr\/83912\/","title":{"rendered":"MARCH\u00c9S SANS APPEL D&rsquo;OFFRES : LA MUNICIPALIT\u00c9 ROUGE\/VERTS PERSISTE"},"content":{"rendered":"<p>Posted On 8 mai 2025 <\/p>\n<p style=\"text-align: justify;\">Malgr\u00e9 les \u00e9checs qui s&rsquo;accumulent, les d\u00e9convenues, les pertes financi\u00e8res qu&rsquo;elle engendre, la municipalit\u00e9 persiste dans le refus des march\u00e9s d&rsquo;appel d&rsquo;offres ouverts, permettant, lui, la transparence et la publicit\u00e9 et garantissant d&rsquo;accorder le march\u00e9 \u00e0 celui qui apporte le financement le plus important.\u00a0<\/p>\n<p style=\"text-align: justify;\">Les \u00e9lus Rouge\/Verts ont invent\u00e9 \u00ab\u00a0l&rsquo;appel \u00e0 projets\u00a0\u00bb qui permet de maitriser la proc\u00e9dure en cercle totalement ferm\u00e9. Le demandeur \u00ab\u00a0dialogue\u00a0\u00bb avec la ville, la commission d&rsquo;appel d&rsquo;offres aux proc\u00e9dures tr\u00e8s encadr\u00e9es et ou si\u00e8ge l&rsquo;opposition est \u00e9cart\u00e9e au profit des seuls \u00e9lus de la majorit\u00e9 qui analysent les dossiers en toute opacit\u00e9 et d\u00e9cident seuls.\u00a0<\/p>\n<p><img decoding=\"async\" data-id=\"81100\" src=\"https:\/\/i0.wp.com\/grenoble-le-changement.fr\/wp-content\/uploads\/2025\/04\/image0000001.jpg?w=678&amp;ssl=1\" alt=\"\" class=\"wp-image-81100 jetpack-lazy-image\" data-recalc-dims=\"1\" data-lazy-src=\"https:\/\/www.europesays.com\/fr\/wp-content\/uploads\/2025\/05\/image0000001.jpg\" \/><br \/>\nLe restaurant le \u00ab\u00a05\u00a0\u00bb a \u00e9t\u00e9 confi\u00e9 par la municipalit\u00e9 \u00e0 une association amie qui a fait faillite <\/p>\n<p><strong>LE RESTAURANT LE 5 CUMULE TOUTES LES D\u00c9RIVES MUNICIPALES<\/strong><\/p>\n<p style=\"text-align: justify;\">Le dernier exemple est celui du restaurant \u00ab\u00a0le 5\u00a0\u00bb. <a href=\"https:\/\/grenoble-le-changement.fr\/2023\/03\/17\/laffaire-du-restaurant-le-5-empoisonne-piolle\/\" target=\"_blank\" rel=\"noopener\">Particuli\u00e8rement significatif<\/a> car il cumule toutes les d\u00e9rives municipales. L&rsquo;exclusion de Pierre Pavy qui le g\u00e9rait, apr\u00e8s refus de toute discussion, alors que la municipalit\u00e9 lui avait impos\u00e9 de longs travaux d\u00e9marr\u00e9s&#8230; apr\u00e8s la p\u00e9riode Covid est en elle-m\u00eame un risque financier chiffr\u00e9 \u00e0 500 000 \u20ac pour la ville. Apr\u00e8s que la ville (le contribuable) ait investi 360 000 \u20ac de travaux.\u00a0<\/p>\n<p style=\"text-align: justify;\"><strong>LE CHOIX DE MIX LAB PAR L. LHEUREUX ET P. M\u00c9RIAUX (Verts\/LFI)<\/strong><\/p>\n<p style=\"text-align: justify;\">Le choix de Mixlab dans laquelle on retrouve Pascal Auclair (Fus\u00e9e), par la proc\u00e9dure ferm\u00e9e permettant \u00e0 des \u00e9lus aussi riants que Lucille Lheureux ou Pierre M\u00e9riaux (Verts\/LFI) de d\u00e9cider seuls est devenu une pantalonnade. Les amis \u00e9taient pr\u00e9sent\u00e9s comme les adeptes d&rsquo;une nouvelle restauration avec une bouffe principalement v\u00e9g\u00e9tarienne. <a href=\"https:\/\/grenoble-le-changement.fr\/2024\/07\/23\/bar-radis-leconomie-verte-sous-perfusion-daides-publiques\/\" target=\"_blank\" rel=\"noopener\">Une sorte de nouveau Bar Radis.<\/a> Mais impossible de le subventionner. Il a donc fait plouf en moins d&rsquo;un an.<\/p>\n<p style=\"text-align: justify;\"><strong>A. CARIGNON : \u00ab\u00a0CETTE D\u00c9L\u00c9GATION DE SERVICE PUBLIC N&rsquo;EST PAS \u00c0 VENDRE\u00a0\u00bb<\/strong><\/p>\n<p style=\"text-align: justify;\">Fid\u00e8le \u00e0 son sectarisme la majorit\u00e9 municipale r\u00e9cidive. Au lieu d&rsquo;ouvrir large par un appel d&rsquo;offres, elle recommence par un appel \u00e0 projets, personne n&rsquo;ayant voulu reprendre MixLab. \u00c0 moins qu&rsquo;Eric Piolle ait bloqu\u00e9 le dossier de reprise, Alain Carignon lui ayant \u00e9crit le 10 avril que l&rsquo;opposition \u00e9tait \u00ab\u00a0tr\u00e8s surprise de cette mise sur le march\u00e9 d\u2019un \u00e9tablissement b\u00e9n\u00e9ficiaire d\u2019une d\u00e9l\u00e9gation de service public (DSP), sans que le Conseil municipal n&rsquo;en d\u00e9batte. Cette d\u00e9l\u00e9gation de la collectivit\u00e9 publique n\u2019est pas \u00e0 vendre. Elle appartient aux Grenoblois.\u00a0\u00bb<\/p>\n<p><img decoding=\"async\" data-id=\"33144\" src=\"https:\/\/i1.wp.com\/grenoble-le-changement.fr\/wp-content\/uploads\/2019\/03\/Place-de-Gordes.-r.jpg?w=678&amp;ssl=1\" alt=\"\" class=\"wp-image-33144 jetpack-lazy-image\" data-recalc-dims=\"1\" data-lazy-src=\"https:\/\/www.europesays.com\/fr\/wp-content\/uploads\/2025\/05\/Place-de-Gordes.-r.jpg\" \/><\/p>\n<p><img decoding=\"async\" data-id=\"26322\" src=\"https:\/\/i1.wp.com\/grenoble-le-changement.fr\/wp-content\/uploads\/2018\/02\/lorangerie-.jpeg?w=678&amp;ssl=1\" alt=\"\" class=\"wp-image-26322 jetpack-lazy-image\" data-recalc-dims=\"1\" data-lazy-src=\"https:\/\/www.europesays.com\/fr\/wp-content\/uploads\/2025\/05\/lorangerie-.jpeg\" \/><br \/>\nLa maison Gavin au jardin de ville, l&rsquo;orangerie boulevard Jean Pain ont \u00e9t\u00e9 attribu\u00e9es sans appel d&rsquo;offres ouverts<\/p>\n<p><strong>LA MUNICIPALITE L\u00c9GALISE UNE FORME DE FAVORITISME<\/strong><\/p>\n<p style=\"text-align: justify;\">Cette m\u00e9thode permet de l\u00e9galiser une autre forme de favoritisme pour lequel <a href=\"https:\/\/grenoble-le-changement.fr\/2023\/09\/07\/eric-piolle-condamne-la-fin-du-regne\/\" target=\"_blank\" rel=\"noopener\">Eric Piolle a \u00e9t\u00e9 condamn\u00e9<\/a>, ainsi que l&rsquo;un de ses Adjoints, <a href=\"https:\/\/grenoble-le-changement.fr\/2024\/07\/04\/klauss-habfast-adjoint-au-maire-condamne-pour-favoritisme\/\" target=\"_blank\" rel=\"noopener\">Klauss Habfast (Verts\/LFI) en premi\u00e8re instance<\/a> dans le cadre de sa gestion d&rsquo;Alpexpo.\u00a0<\/p>\n<p style=\"text-align: justify;\">Seuls les conseillers de la majorit\u00e9 <a href=\"https:\/\/grenoble-le-changement.fr\/2025\/01\/09\/lopacite-de-gestion-du-patrimoine-grenoblois\/\" target=\"_blank\" rel=\"noopener\">d\u00e9sign\u00e9s par le Maire ont acc\u00e8s aux dossiers<\/a>. Des \u00e9difices comme la chapelle des P\u00e9nitents, rue Voltaire, la Maison Gavin au jardin de ville, l&rsquo;Orangerie boulevard Jean Pain, le couvent des Minimes \u00e0 Tr\u00e8s Cloitres, ont \u00e9t\u00e9 attribu\u00e9s ainsi. Mais aussi un immeuble de bureaux rue Mallifaud (capuche), un terrain rue Moyrand (Bajati\u00e8re), une villa rue Ronserail (Eaux-Claires). L&rsquo;absence d&rsquo;appel d&rsquo;offres permet tout. Mais surtout elle ne permet pas au contribuable de tirer le meilleur parti financier de ces biens.<\/p>\n<p style=\"text-align: justify;\"><strong>MAISON GAVIN : D&rsquo;UN PROMOTEUR \u00c0 L&rsquo;AUTRE<\/strong><\/p>\n<p style=\"text-align: justify;\">Dans le cas de la Maison Gavin, la municipalit\u00e9 l&rsquo;a d&rsquo;abord confi\u00e9 \u00e0 la soci\u00e9t\u00e9 EM Coordination (d\u00e9lib\u00e9ration en 2019, promesse de vente en 2020) mais c&rsquo;est finalement\u00a0<a target=\"_blank\" href=\"https:\/\/www.datocms-assets.com\/117809\/1716901248-brochure_grenoble_maison-gavin.pdf\" rel=\"noopener\">la soci\u00e9t\u00e9 Histoire et Patrimoine qui l&rsquo;a r\u00e9cup\u00e9r\u00e9<\/a> en 2022. Pourquoi ce changement de promoteur et est-ce bien l\u00e9gal alors que le conseil municipal <a href=\"https:\/\/grenoble-le-changement.fr\/2024\/10\/23\/le-patrimoine-grenoblois-gere-comme-un-canard-sans-tete\/\" target=\"_blank\" rel=\"noopener\">ne s&rsquo;est jamais prononc\u00e9 l\u00e0-dessus ?<\/a> O\u00f9 en est on en 2025 ?\u00a0<\/p>\n<p style=\"text-align: justify;\"><strong>ABBAYE : UN PROMOTEUR SANS APPEL D&rsquo;OFFRES POUR 135 LOGEMENTS<\/strong><\/p>\n<p style=\"text-align: justify;\">Qu&rsquo;en est il de<a href=\"https:\/\/grenoble-le-changement.fr\/2024\/03\/14\/cite-de-labbaye-pres-de-250-nouveaux-logements-avec-38-places-de-stationnement\/\" target=\"_blank\" rel=\"noopener\"> la cit\u00e9 de l&rsquo;Abbaye ou ont \u00e9t\u00e9 accord\u00e9s \u00e0 un promoteur\u00a0<\/a> priv\u00e9 &#8211; et pas des moindre &#8211; sans appel d&rsquo;offres ouvert 135 logements et 90 chambres d&rsquo;\u00e9tudiants ? \u00ab\u00a0L&rsquo;appel \u00e0 projet\u00a0\u00bb ou Gren&rsquo; de projet\u00a0\u00bb lib\u00e8rent l&rsquo;attributaire de toute obligation de calendrier. Il peut jongler selon son seul int\u00e9r\u00eat. Ainsi dans le cas de l&rsquo;Orangerie, la r\u00e9novation est demeur\u00e9e en panne 7 ans.\u00a0<\/p>\n<p><img decoding=\"async\" data-id=\"34957\" src=\"https:\/\/i2.wp.com\/grenoble-le-changement.fr\/wp-content\/uploads\/2019\/06\/ancien-muse\u0301e-de-peinture-verdun-.png?w=678&amp;ssl=1\" alt=\"\" class=\"wp-image-34957 jetpack-lazy-image\" data-recalc-dims=\"1\" data-lazy-src=\"https:\/\/i2.wp.com\/grenoble-le-changement.fr\/wp-content\/uploads\/2019\/06\/ancien-muse\u0301e-de-peinture-verdun-.png?w=678&amp;is-pending-load=1#038;ssl=1\" \/><\/p>\n<p><img decoding=\"async\" data-id=\"72180\" src=\"https:\/\/i0.wp.com\/grenoble-le-changement.fr\/wp-content\/uploads\/2024\/03\/ancien-Muse\u0301e-Verdun-peinture-t-.png?w=678&amp;ssl=1\" alt=\"\" class=\"wp-image-72180 jetpack-lazy-image\" data-recalc-dims=\"1\" data-lazy-src=\"https:\/\/i0.wp.com\/grenoble-le-changement.fr\/wp-content\/uploads\/2024\/03\/ancien-Muse\u0301e-Verdun-peinture-t-.png?w=678&amp;is-pending-load=1#038;ssl=1\" \/><br \/>\nL&rsquo;ancien Mus\u00e9e de peinture place de Verdun : \u00ab\u00a0l&rsquo;appel \u00e0 projets\u00a0\u00bb a \u00e9chou\u00e9, il se d\u00e9labre, peu importe on ne change pas une m\u00e9thode qui \u00e9choue <\/p>\n<p><strong>PAS D&rsquo;AMIS POUR INVESTIR 20 MILLIONS D&rsquo;EUROS&#8230;<\/strong><\/p>\n<p style=\"text-align: justify;\">Dans la liste figurait l&rsquo;ancien Mus\u00e9e des Beaux Arts de la place de Verdun abandonn\u00e9 depuis 20 ans et qui se d\u00e9grade. Une \u00e9tude gard\u00e9e secr\u00e8te chiffrait \u00e0 20 millions d&rsquo;euros sa remise en \u00e9tat. \u00ab\u00a0L&rsquo;appel \u00e0 projets\u00a0\u00bb n&rsquo;a \u00e9videmment rien donn\u00e9 il y a 4 ans car les amis n&rsquo;acceptent que les bonnes affaires : peu d&rsquo;investissement et une rentabilit\u00e9 assur\u00e9e.<\/p>\n<p style=\"text-align: justify;\"><strong>&#8230; MAIS DES AMIS QUAND LA VILLE EFFECTUE LES INVESTISSEMENTS<\/strong><\/p>\n<p style=\"text-align: justify;\">Ce que croyait Mix Lab avec le restaurant le 5 dans lequel la municipalit\u00e9 a investi 360 000 \u20ac. Il n&rsquo;y avait plus qu&rsquo;\u00e0 cuisiner avec une client\u00e8le quasi captive compte tenu du prestige du lieu, ironie du sort, r\u00e9alisation compl\u00e8te (mus\u00e9e, place , parking) de la municipalit\u00e9 Carignon&#8230; Les amis de Piolle et de <a href=\"https:\/\/grenoble-le-changement.fr\/2024\/11\/16\/laurence-ruffin-savance-pour-les-municipales-du-piolle-au-feminin\/\" target=\"_blank\" rel=\"noopener\">Laurence Ruffin<\/a> <a href=\"https:\/\/grenoble-le-changement.fr\/2025\/04\/08\/le-restaurant-du-musee-ferme-ses-portes-la-municipalite-dechec-en-echec\/\" target=\"_blank\" rel=\"noopener\">n&rsquo;ont quand m\u00eame pas su faire fonctionner !<\/a><\/p>\n<p style=\"text-align: justify;\"><strong>LA MUNICIPALIT\u00c9 COMMUNIQUE SUR LA TOUR PERRET<\/strong><\/p>\n<p style=\"text-align: justify;\">Alors investir 20 millions d&rsquo;euros place de Verdun. Seul un appel d&rsquo;offres ouvert et international permettrait d&rsquo;y r\u00e9pondre. En attendant les grenoblois perdent chaque jour de l&rsquo;argent puisque chaque jour qui passe rench\u00e9rit sa r\u00e9novation et chaque jour qui passe est un jour sans recettes pour la ville.\u00a0<\/p>\n<p style=\"text-align: justify;\">On comprend pourquoi la municipalit\u00e9 <a href=\"https:\/\/grenoble-le-changement.fr\/2024\/06\/18\/larbre-de-la-tour-perret-pour-cacher-labandon-de-la-ville\/\" target=\"_blank\" rel=\"noopener\">communique sur la Tour Perret<\/a> dont elle veut faire un instrument de <a href=\"https:\/\/grenoble-le-changement.fr\/2024\/02\/18\/tour-perret-course-de-vitesse-pour-inaugurer-aux-elections-municipales-%ef%bf%bc\/\" target=\"_blank\" rel=\"noopener\">propagande \u00e9lectorale en pleines municipales<\/a>. Avec les nouveaux jeux d&rsquo;enfants au pied de la tour pour \u00e9namourer les parents. Les enfants sont des prescripteurs de vote essentiels pour les Rouge\/Verts grenoblois.\u00a0<\/p>\n<p><img decoding=\"async\" data-id=\"78021\" src=\"https:\/\/i1.wp.com\/grenoble-le-changement.fr\/wp-content\/uploads\/2024\/11\/ruffin.png?w=678&amp;ssl=1\" alt=\"\" class=\"wp-image-78021 jetpack-lazy-image\" data-recalc-dims=\"1\" data-lazy-src=\"https:\/\/www.europesays.com\/fr\/wp-content\/uploads\/2025\/05\/ruffin.png\" \/><br \/>\n<a href=\"https:\/\/grenoble-le-changement.fr\/2024\/11\/23\/laurence-ruffin-verts-lfi-petits-mensonges-et-gros-sabots\/\" target=\"_blank\" rel=\"noopener\">Plut\u00f4t que de raconter ses voyages <\/a>Laurence Ruffin va devoir r\u00e9pondre sur ces pratiques <\/p>\n<p><strong>L. RUFFIN, LA CANDIDATE DE PIOLLE III DEVRA S&rsquo;EXPLIQUER <\/strong><\/p>\n<p style=\"text-align: justify;\">Sur ces pratiques et leurs redoutables cons\u00e9quences financi\u00e8res pour les grenoblois<a href=\"https:\/\/grenoble-le-changement.fr\/2024\/11\/23\/laurence-ruffin-verts-lfi-petits-mensonges-et-gros-sabots\/\" target=\"_blank\" rel=\"noopener\">, Laurence Ruffin<\/a>, la candidate de Piolle III devra s&rsquo;expliquer. Ces d\u00e9rives vont elles se poursuivre ? Cette gestion clanique, ferm\u00e9e sur elle-m\u00eame va t-elle durer ? <a href=\"https:\/\/grenoble-le-changement.fr\/2025\/04\/24\/la-candidate-de-piolle-divise-la-gauche-des-sa-premiere-sortie\/\" target=\"_blank\" rel=\"noopener\">Ou bien Laurence Ruffin<\/a> annonce t-elle une rupture avec cette conduite de la ville qui fait tant de d\u00e9g\u00e2ts. Peut elle se s\u00e9parer de cette administration de Grenoble\u00a0 par ceux qui l&rsquo;ont d\u00e9sign\u00e9e ou en est elle leur prisonni\u00e8re ?\u00a0<\/p>\n<p style=\"text-align: justify;\"><strong>CHANGER DE GESTION POUR ASSURER LA SURVIE<\/strong><\/p>\n<p style=\"text-align: justify;\">La seule certitude \u00e9tant pour les grenoblois que cette direction est l&rsquo;une des explications de l&rsquo;asphyxie financi\u00e8re dans laquelle la cit\u00e9 est plong\u00e9e et du niveau accablant d&rsquo;imp\u00f4ts qu&rsquo;ils supportent. La cons\u00e9quence est qu&rsquo;ils doivent absolument en changer s&rsquo;ils veulent assurer leur survie.\u00a0<\/p>\n","protected":false},"excerpt":{"rendered":"Posted On 8 mai 2025 Malgr\u00e9 les \u00e9checs qui s&rsquo;accumulent, les d\u00e9convenues, les pertes financi\u00e8res qu&rsquo;elle engendre, la&hellip;\n","protected":false},"author":2,"featured_media":83913,"comment_status":"","ping_status":"","sticky":false,"template":"","format":"standard","meta":{"footnotes":""},"categories":[9566],"tags":[1111,11,9601,11075,2430,9607,1777,674,1011,27,889,2731,10135,19250,10612,19251,19252,12,19253,16650,19254,25,19255],"class_list":{"0":"post-83912","1":"post","2":"type-post","3":"status-publish","4":"format-standard","5":"has-post-thumbnail","7":"category-grenoble","8":"tag-actu","9":"tag-actualites","10":"tag-alain-carignon","11":"tag-alpexpo","12":"tag-auvergne-rhone-alpes","13":"tag-eric-piolle","14":"tag-eu","15":"tag-europe","16":"tag-fr","17":"tag-france","18":"tag-fusee","19":"tag-grenoble","20":"tag-klauss-habfsat","21":"tag-laureence-ruffin","22":"tag-lucille-lheureux","23":"tag-maison-gavin","24":"tag-mixlab","25":"tag-news","26":"tag-pascal-auclair","27":"tag-pierre-meriaux","28":"tag-pierre-pavy","29":"tag-republique-francaise","30":"tag-tour-perret"},"share_on_mastodon":{"url":"https:\/\/pubeurope.com\/@fr\/114471115445786054","error":""},"_links":{"self":[{"href":"https:\/\/www.europesays.com\/fr\/wp-json\/wp\/v2\/posts\/83912","targetHints":{"allow":["GET"]}}],"collection":[{"href":"https:\/\/www.europesays.com\/fr\/wp-json\/wp\/v2\/posts"}],"about":[{"href":"https:\/\/www.europesays.com\/fr\/wp-json\/wp\/v2\/types\/post"}],"author":[{"embeddable":true,"href":"https:\/\/www.europesays.com\/fr\/wp-json\/wp\/v2\/users\/2"}],"replies":[{"embeddable":true,"href":"https:\/\/www.europesays.com\/fr\/wp-json\/wp\/v2\/comments?post=83912"}],"version-history":[{"count":0,"href":"https:\/\/www.europesays.com\/fr\/wp-json\/wp\/v2\/posts\/83912\/revisions"}],"wp:featuredmedia":[{"embeddable":true,"href":"https:\/\/www.europesays.com\/fr\/wp-json\/wp\/v2\/media\/83913"}],"wp:attachment":[{"href":"https:\/\/www.europesays.com\/fr\/wp-json\/wp\/v2\/media?parent=83912"}],"wp:term":[{"taxonomy":"category","embeddable":true,"href":"https:\/\/www.europesays.com\/fr\/wp-json\/wp\/v2\/categories?post=83912"},{"taxonomy":"post_tag","embeddable":true,"href":"https:\/\/www.europesays.com\/fr\/wp-json\/wp\/v2\/tags?post=83912"}],"curies":[{"name":"wp","href":"https:\/\/api.w.org\/{rel}","templated":true}]}}