{"id":83916,"date":"2025-05-08T07:50:11","date_gmt":"2025-05-08T07:50:11","guid":{"rendered":"https:\/\/www.europesays.com\/fr\/83916\/"},"modified":"2025-05-08T07:50:11","modified_gmt":"2025-05-08T07:50:11","slug":"voici-les-rendez-vous-prevus-a-lespace-ouest-france-de-rennes-en-mai-2","status":"publish","type":"post","link":"https:\/\/www.europesays.com\/fr\/83916\/","title":{"rendered":"Voici les rendez-vous pr\u00e9vus \u00e0 l\u2019Espace Ouest-France de Rennes en mai"},"content":{"rendered":"<p>Voici toutes les rencontres pr\u00e9vues \u00e0 l\u2019Espace Ouest-France, situ\u00e9 au 38,\u00a0rue du Pr\u00e9-Bott\u00e9 \u00e0 Rennes, tout au long du mois de mai.<\/p>\n<p><strong>Lundi 5\u00a0mai,<\/strong> \u00e0 12\u00a0h\u00a030<\/p>\n<p>Enregistrement en public de l\u2019\u00e9mission \u00ab\u00a0Pleine Lucarne\u00a0\u00bb avec TV Rennes, anim\u00e9e par Vincent Simonneaux et Christophe Penven, de TV Rennes, et Nicolas Mangeard de Ouest-France. Entr\u00e9e libre dans la limite des places &#8230;<\/p>\n<p>\u00a0<\/p>\n","protected":false},"excerpt":{"rendered":"Voici toutes les rencontres pr\u00e9vues \u00e0 l\u2019Espace Ouest-France, situ\u00e9 au 38,\u00a0rue du Pr\u00e9-Bott\u00e9 \u00e0 Rennes, tout au long&hellip;\n","protected":false},"author":2,"featured_media":83917,"comment_status":"","ping_status":"","sticky":false,"template":"","format":"standard","meta":{"footnotes":""},"categories":[2821],"tags":[1111,11,829,386,1777,674,1011,27,2565,12,7418,15971,12407,584,25],"class_list":{"0":"post-83916","1":"post","2":"type-post","3":"status-publish","4":"format-standard","5":"has-post-thumbnail","7":"category-rennes","8":"tag-actu","9":"tag-actualites","10":"tag-bretagne","11":"tag-espace","12":"tag-eu","13":"tag-europe","14":"tag-fr","15":"tag-france","16":"tag-mai","17":"tag-news","18":"tag-ouest-france","19":"tag-prevus","20":"tag-rendez-vous","21":"tag-rennes","22":"tag-republique-francaise"},"share_on_mastodon":{"url":"https:\/\/pubeurope.com\/@fr\/114471123256820215","error":""},"_links":{"self":[{"href":"https:\/\/www.europesays.com\/fr\/wp-json\/wp\/v2\/posts\/83916","targetHints":{"allow":["GET"]}}],"collection":[{"href":"https:\/\/www.europesays.com\/fr\/wp-json\/wp\/v2\/posts"}],"about":[{"href":"https:\/\/www.europesays.com\/fr\/wp-json\/wp\/v2\/types\/post"}],"author":[{"embeddable":true,"href":"https:\/\/www.europesays.com\/fr\/wp-json\/wp\/v2\/users\/2"}],"replies":[{"embeddable":true,"href":"https:\/\/www.europesays.com\/fr\/wp-json\/wp\/v2\/comments?post=83916"}],"version-history":[{"count":0,"href":"https:\/\/www.europesays.com\/fr\/wp-json\/wp\/v2\/posts\/83916\/revisions"}],"wp:featuredmedia":[{"embeddable":true,"href":"https:\/\/www.europesays.com\/fr\/wp-json\/wp\/v2\/media\/83917"}],"wp:attachment":[{"href":"https:\/\/www.europesays.com\/fr\/wp-json\/wp\/v2\/media?parent=83916"}],"wp:term":[{"taxonomy":"category","embeddable":true,"href":"https:\/\/www.europesays.com\/fr\/wp-json\/wp\/v2\/categories?post=83916"},{"taxonomy":"post_tag","embeddable":true,"href":"https:\/\/www.europesays.com\/fr\/wp-json\/wp\/v2\/tags?post=83916"}],"curies":[{"name":"wp","href":"https:\/\/api.w.org\/{rel}","templated":true}]}}