{"id":83927,"date":"2025-05-08T07:56:09","date_gmt":"2025-05-08T07:56:09","guid":{"rendered":"https:\/\/www.europesays.com\/fr\/83927\/"},"modified":"2025-05-08T07:56:09","modified_gmt":"2025-05-08T07:56:09","slug":"le-nombre-de-beneficiaires-des-restos-du-coeur-a-augmente-de-25-dans-cette-commune-au-sud-de","status":"publish","type":"post","link":"https:\/\/www.europesays.com\/fr\/83927\/","title":{"rendered":"Le nombre de b\u00e9n\u00e9ficiaires des Restos du c\u0153ur a augment\u00e9 de 25\u00a0% dans cette commune au sud de"},"content":{"rendered":"<p>Pour la 40e campagne des Resto du C\u0153ur de Vallet, c\u2019est un nombre record de b\u00e9n\u00e9ficiaires qui sont accueillis. Le nombre d\u2019inscrits a augment\u00e9 de 25\u00a0%, par rapport \u00e0 l\u2019an pass\u00e9, atteignant 104\u00a0personnes, soit 45\u00a0familles.<\/p>\n<p>\u00ab De plus en plus de jeunes, souvent des femmes seules, avec enfants \u00bb<\/p>\n<p>\u00a0Une progression significative montrant que les Restos du C\u0153ur restent indispensables\u00a0, a soulign\u00e9 Bernadette Barr\u00e9, pr\u00e9sidente de l\u2019antenne locale.<\/p>\n<p>L\u2019association, couvrant une quinzaine de communes, maintient ses crit\u00e8res d\u2019attribution, inchang\u00e9s, permettant \u00e0 chacun de venir selon ses besoins.<\/p>\n<p>? <a href=\"https:\/\/nantes.maville.com\/actu\/actudet_-le-trafic-ter-perturbe-entre-clisson-et-nantes-a-cause-d-une-panne-de-train-_8-6796635_actu.Htm\" rel=\"nofollow noopener\" target=\"_blank\">\u00c0 lire aussi : Le trafic TER perturb\u00e9 entre Clisson et Nantes \u00e0 cause d\u2019une panne de train<\/a> <\/p>\n<p>Un rajeunissement des b\u00e9n\u00e9ficiaires<\/p>\n<p>Autre \u00e9volution marquante\u00a0: le rajeunissement des b\u00e9n\u00e9ficiaires.<\/p>\n<p>\u00a0Nous voyons arriver de plus en plus de jeunes, souvent des femmes seules, avec enfants. Un ph\u00e9nom\u00e8ne, autrefois, plus fr\u00e9quent en ville qu\u2019\u00e0 la campagne, mais tendant \u00e0 s\u2019inverser\u00a0, constate Andr\u00e9 Gaborieau, directeur adjoint de la structure. Face \u00e0 cette hausse, l\u2019engagement des quarante-cinq\u00a0b\u00e9n\u00e9voles r\u00e9guliers, dont une douzaine au Jardin du C\u0153ur, reste essentiel.<\/p>\n<p>\u00a0Deux nouveaux jardiniers recrut\u00e9s, mais nous avons encore besoin de bras\u00a0, a pr\u00e9cis\u00e9 la pr\u00e9sidente.<\/p>\n<p>\u00c0 l\u2019aide alimentaire s\u2019ajoute une gestion administrative, plus complexe.<\/p>\n<p>\u00a0<\/p>\n","protected":false},"excerpt":{"rendered":"Pour la 40e campagne des Resto du C\u0153ur de Vallet, c\u2019est un nombre record de b\u00e9n\u00e9ficiaires qui sont&hellip;\n","protected":false},"author":2,"featured_media":83928,"comment_status":"","ping_status":"","sticky":false,"template":"","format":"standard","meta":{"footnotes":""},"categories":[2818],"tags":[13204,1111,11,19258,19257,7052,1777,674,1011,27,766,12,19256,2636,25,7057,7053,11489],"class_list":{"0":"post-83927","1":"post","2":"type-post","3":"status-publish","4":"format-standard","5":"has-post-thumbnail","7":"category-nantes","8":"tag-13204","9":"tag-actu","10":"tag-actualites","11":"tag-augmente","12":"tag-beneficiaires","13":"tag-commune","14":"tag-eu","15":"tag-europe","16":"tag-fr","17":"tag-france","18":"tag-nantes","19":"tag-news","20":"tag-nombre","21":"tag-pays-de-la-loire","22":"tag-republique-francaise","23":"tag-restos","24":"tag-sud","25":"tag-ur"},"share_on_mastodon":{"url":"https:\/\/pubeurope.com\/@fr\/114471146926547092","error":""},"_links":{"self":[{"href":"https:\/\/www.europesays.com\/fr\/wp-json\/wp\/v2\/posts\/83927","targetHints":{"allow":["GET"]}}],"collection":[{"href":"https:\/\/www.europesays.com\/fr\/wp-json\/wp\/v2\/posts"}],"about":[{"href":"https:\/\/www.europesays.com\/fr\/wp-json\/wp\/v2\/types\/post"}],"author":[{"embeddable":true,"href":"https:\/\/www.europesays.com\/fr\/wp-json\/wp\/v2\/users\/2"}],"replies":[{"embeddable":true,"href":"https:\/\/www.europesays.com\/fr\/wp-json\/wp\/v2\/comments?post=83927"}],"version-history":[{"count":0,"href":"https:\/\/www.europesays.com\/fr\/wp-json\/wp\/v2\/posts\/83927\/revisions"}],"wp:featuredmedia":[{"embeddable":true,"href":"https:\/\/www.europesays.com\/fr\/wp-json\/wp\/v2\/media\/83928"}],"wp:attachment":[{"href":"https:\/\/www.europesays.com\/fr\/wp-json\/wp\/v2\/media?parent=83927"}],"wp:term":[{"taxonomy":"category","embeddable":true,"href":"https:\/\/www.europesays.com\/fr\/wp-json\/wp\/v2\/categories?post=83927"},{"taxonomy":"post_tag","embeddable":true,"href":"https:\/\/www.europesays.com\/fr\/wp-json\/wp\/v2\/tags?post=83927"}],"curies":[{"name":"wp","href":"https:\/\/api.w.org\/{rel}","templated":true}]}}