{"id":83929,"date":"2025-05-08T07:57:26","date_gmt":"2025-05-08T07:57:26","guid":{"rendered":"https:\/\/www.europesays.com\/fr\/83929\/"},"modified":"2025-05-08T07:57:26","modified_gmt":"2025-05-08T07:57:26","slug":"pique-nique-marche-paysan-apero-a-nantes-les-48h-de-lagriculture-urbaine-se-devoilent","status":"publish","type":"post","link":"https:\/\/www.europesays.com\/fr\/83929\/","title":{"rendered":"Pique-nique, march\u00e9 paysan, ap\u00e9ro&#8230; \u00c0 Nantes, les 48h de l&rsquo;Agriculture urbaine se d\u00e9voilent"},"content":{"rendered":"<p>            Par<br \/>\n        <strong><br \/>\n            <a href=\"https:\/\/actu.fr\/auteur\/laure-gentil\" title=\"Consulter tous les articles de Laure Gentil\" rel=\"nofollow noopener\" target=\"_blank\">Laure Gentil<\/a><br \/>\n        <\/strong><\/p>\n<p>        Publi\u00e9 le<\/p>\n<p>            8 mai 2025 \u00e0 7h40        <\/p>\n<p><strong>Les 48h de l\u2019Agriculture urbaine<\/strong> reviennent pour une 10e \u00e9dition <strong>vendredi 16, samedi 17, et dimanche 18 mai 2025.<\/strong><\/p>\n<p class=\" wall-content\">\u00ab\u00a0Pour cette 10\u1d49 \u00e9dition, nous mettons en lumi\u00e8re la richesse de notre \u00e9cosyst\u00e8me m\u00e9tropolitain et l\u2019importance de cr\u00e9er des synergies pour <strong>ancrer la transition agricole et alimentaire dans les villes\u00a0\u00bb,<\/strong> annonce la Maison des Agricultures et de l\u2019Alimentation Durables, l\u2019association organisatrice (nouveau nom de Nantes Ville Comestible N.D.L.R.).<\/p>\n<blockquote class=\"ac-article-quote wall-content\">\n<p>Le programme, co-construit par une cinquantaine d\u2019acteurs locaux, propose une multitude d&rsquo;initiatives d\u00e9croissantes et de solutions concr\u00e8tes, mettant en lumi\u00e8re la capacit\u00e9 de r\u00e9silience de notre territoire.<\/p>\n<p>    <strong>MAAD<\/strong>\n            <\/p><\/blockquote>\n<p class=\" wall-content\">Une centaine d\u2019<strong>\u00e9v\u00e9nements gratuits<\/strong> vont se d\u00e9rouler sur l\u2019ensemble de la m\u00e9tropole de Nantes le temps d\u2019un week-end. \u00ab\u00a0La programmation est \u00e9volutive et participative : elle se construira au fur et \u00e0 mesure de l\u2019inscription de vos initiatives citoyennes et professionnelles au Parcours\u00a0\u00bb, indiquent les organisateurs. En 2024, 3 000 personnes ont particip\u00e9 aux 48h.\u00a0<\/p>\n<p>O\u00f9 et quand se d\u00e9roulent les \u00ab\u00a0temps forts\u00a0\u00bb ?<\/p>\n<p class=\" wall-content\"><strong>Vendredi 16 mai, de 9 h \u00e0 20 h\u00a0<\/strong><\/p>\n<ul class=\" wall-content\">\n<li>\u00c0 l\u2019ITEP La Papoti\u00e8re, de 9 h \u00e0 12 h 30, l\u2019\u00e9v\u00e9nement \u00ab\u00a0Faire R\u00e9seau\u00a0\u00bb sera l\u2019occasion d\u2019entendre des t\u00e9moignages de projets de coop\u00e9ration m\u00e9tropolitains sur les fili\u00e8res de l\u2019agriculture et de l\u2019alimentation.<\/li>\n<li>\u00c0 la ferme de l\u2019Alouette-rit de 12 h 30 \u00e0 14 h, il ne faudra pas rater le pique-nique partag\u00e9. Une \u00ab\u00a0visite apprenante\u00a0\u00bb sera organis\u00e9e de 14 h \u00e0 16 h 30 sur les techniques de r\u00e9silience en agriculture urbaine et de 17 h \u00e0 20 h, il y aura \u00ab\u00a0l\u2019ap\u00e9ro\u2019r\u00e9seau\u00a0\u00bb et le march\u00e9 \u00e0 la ferme.<\/li>\n<\/ul>\n<p>Vid\u00e9os : en ce moment sur Actu<br \/>\n    <a href=\"https:\/\/www.facebook.com\/plugins\/post.php?href=https%3A%2F%2Fwww.facebook.com%2Fles48h%2Fposts%2Fpfbid02dPpiqduu79jzRtgEZH53PJLd1aW4G1knNhRFEQFkGuL4cW7NaLMEtzY9cUjAHJ3yl&amp;show_text=true&amp;width=350\" title=\"Ouvrie le lien\" rel=\"nofollow noopener\" target=\"_blank\">Cliquez ici pour visualiser le contenu<\/a><\/p>\n<p>Samedi 17 mai, de 14 h \u00e0 20 h : le village des engag\u00e9s \u00e0 l\u2019ITEP La Papoti\u00e8re\u00a0<\/p>\n<ul class=\" wall-content\">\n<li>L\u2019Agora, centre de ressources ;<\/li>\n<li>les ateliers pratiques ;<\/li>\n<li>les conf\u00e9rences ;<\/li>\n<li>le march\u00e9 paysan ;<\/li>\n<li>spectacle, concert et buvette.<\/li>\n<\/ul>\n<p><a href=\"https:\/\/www.les48h.com\/programmation\/?filters%5Bcity%5D=94\" rel=\"nofollow noopener\" target=\"_blank\">Plus d\u2019informations sur les diff\u00e9rents \u00e9v\u00e9nements sur le site en cliquant ici.<\/a><\/p>\n<p class=\" wall-content\">Suivez toute l\u2019actualit\u00e9 de vos villes et m\u00e9dias favoris en vous inscrivant \u00e0 <a href=\"https:\/\/moncompte.actu.fr\" title=\"D\u00e9couvez Mon Actu\" rel=\"nofollow noopener\" data-trk=\"{&quot;cta&quot;:{&quot;action&quot;:&quot;https:\\\/\\\/moncompte.actu.fr&quot;,&quot;category&quot;:&quot;mon compte&quot;,&quot;from&quot;:&quot;article footer&quot;,&quot;name&quot;:&quot;Mon actu&quot;,&quot;type&quot;:&quot;cta&quot;}}\" target=\"_blank\">Mon Actu<\/a>.<\/p>\n","protected":false},"excerpt":{"rendered":"Par Laure Gentil Publi\u00e9 le 8 mai 2025 \u00e0 7h40 Les 48h de l\u2019Agriculture urbaine reviennent pour une&hellip;\n","protected":false},"author":2,"featured_media":83930,"comment_status":"","ping_status":"","sticky":false,"template":"","format":"standard","meta":{"footnotes":""},"categories":[2818],"tags":[1111,11,327,1063,1777,674,1011,27,766,12,2636,52,25],"class_list":{"0":"post-83929","1":"post","2":"type-post","3":"status-publish","4":"format-standard","5":"has-post-thumbnail","7":"category-nantes","8":"tag-actu","9":"tag-actualites","10":"tag-agriculture","11":"tag-animations","12":"tag-eu","13":"tag-europe","14":"tag-fr","15":"tag-france","16":"tag-nantes","17":"tag-news","18":"tag-pays-de-la-loire","19":"tag-planete","20":"tag-republique-francaise"},"share_on_mastodon":{"url":"https:\/\/pubeurope.com\/@fr\/114471150911823904","error":""},"_links":{"self":[{"href":"https:\/\/www.europesays.com\/fr\/wp-json\/wp\/v2\/posts\/83929","targetHints":{"allow":["GET"]}}],"collection":[{"href":"https:\/\/www.europesays.com\/fr\/wp-json\/wp\/v2\/posts"}],"about":[{"href":"https:\/\/www.europesays.com\/fr\/wp-json\/wp\/v2\/types\/post"}],"author":[{"embeddable":true,"href":"https:\/\/www.europesays.com\/fr\/wp-json\/wp\/v2\/users\/2"}],"replies":[{"embeddable":true,"href":"https:\/\/www.europesays.com\/fr\/wp-json\/wp\/v2\/comments?post=83929"}],"version-history":[{"count":0,"href":"https:\/\/www.europesays.com\/fr\/wp-json\/wp\/v2\/posts\/83929\/revisions"}],"wp:featuredmedia":[{"embeddable":true,"href":"https:\/\/www.europesays.com\/fr\/wp-json\/wp\/v2\/media\/83930"}],"wp:attachment":[{"href":"https:\/\/www.europesays.com\/fr\/wp-json\/wp\/v2\/media?parent=83929"}],"wp:term":[{"taxonomy":"category","embeddable":true,"href":"https:\/\/www.europesays.com\/fr\/wp-json\/wp\/v2\/categories?post=83929"},{"taxonomy":"post_tag","embeddable":true,"href":"https:\/\/www.europesays.com\/fr\/wp-json\/wp\/v2\/tags?post=83929"}],"curies":[{"name":"wp","href":"https:\/\/api.w.org\/{rel}","templated":true}]}}