{"id":83934,"date":"2025-05-08T08:00:14","date_gmt":"2025-05-08T08:00:14","guid":{"rendered":"https:\/\/www.europesays.com\/fr\/83934\/"},"modified":"2025-05-08T08:00:14","modified_gmt":"2025-05-08T08:00:14","slug":"un-appel-a-temoins-lance-par-les-gendarmes","status":"publish","type":"post","link":"https:\/\/www.europesays.com\/fr\/83934\/","title":{"rendered":"un appel \u00e0 t\u00e9moins lanc\u00e9 par les gendarmes"},"content":{"rendered":"<p>            Par<br \/>\n        <strong><br \/>\n            <a href=\"https:\/\/actu.fr\/auteur\/mareva-laville-actu-fr\" title=\"Consulter tous les articles de Mar\u00e9va Laville\" rel=\"nofollow noopener\" target=\"_blank\">Mar\u00e9va Laville<\/a><br \/>\n        <\/strong><\/p>\n<p>        Publi\u00e9 le<\/p>\n<p>            8 mai 2025 \u00e0 9h43        <\/p>\n<p>Elle mesure 1m65, est brune et mince. G\u00e9raldine Lefoul, \u00e2g\u00e9e de 48\u00a0ans, est toujours activement recherch\u00e9e par la gendarmerie. Les forces de l\u2019ordre ont publi\u00e9 un<strong> appel \u00e0 t\u00e9moins<\/strong> mercredi 7\u00a0mai 2025 soir sur leurs r\u00e9seaux apr\u00e8s la <a href=\"https:\/\/actu.fr\/occitanie\/plaisance-du-touch_31424\/on-trouvera-des-reponses-ou-est-passee-geraldine-lefoul-elue-pres-de-toulouse-et-portee-disparue_62601426.html\" rel=\"nofollow noopener\" target=\"_blank\"><strong>disparition de cette \u00e9lue du conseil municipal de Plaisance-du-Touch<\/strong><\/a>, datant du <strong>28\u00a0avril 2025<\/strong> \u00e0 8\u00a0heures.<\/p>\n<p>    <a href=\"https:\/\/www.facebook.com\/plugins\/post.php?href=https%3A%2F%2Fwww.facebook.com%2FGGD31%2Fposts%2Fpfbid02LDB1fo7xKfdsyYMrVHaTHJEU5DUPNL3gWd5qmfc1HjvAqLMoyWVDTLdgdREac3Ghl&amp;show_text=true&amp;width=350\" title=\"Ouvrie le lien\" rel=\"nofollow noopener\" target=\"_blank\">Cliquez ici pour visualiser le contenu<\/a><\/p>\n<p>Son t\u00e9l\u00e9phone borne au Grand Ramier<\/p>\n<p class=\" wall-content\">Depuis ce jour-l\u00e0, le t\u00e9l\u00e9phone de G\u00e9raldine, \u00ab\u2009personne ayant des intentions suicidaires\u2009\u00bb, borne aux abords de<a href=\"https:\/\/actu.fr\/occitanie\/toulouse_31555\/toulouse-cet-ancien-batiment-de-l-ile-du-ramier-completement-demoli-un-projet-innovant-va-voir-le-jour_62065018.html\" rel=\"nofollow noopener\" target=\"_blank\"> l\u2019\u00eele du Grand Ramier<\/a> \u00e0 Toulouse.<\/p>\n<p class=\" wall-content\">C\u2019est dans ce secteur, par ailleurs, que sa fille Lucy a appel\u00e9 \u00e0 toute aide bienvenue et \u00ab\u2009pr\u00e9cieuse\u2009\u00bb pour tenter de d\u00e9celer, ce jeudi 8\u00a0mai 2025, une piste via des d\u00e9tecteurs de m\u00e9taux. \u00ab\u2009Pr\u00e8s du Parc Gilbert Boucher, <strong>\u00e0 c\u00f4t\u00e9 du Jardin solidaire du Grand-Ramier et du Rowing club<\/strong>\u2009\u00bb, pr\u00e9cise-t-elle dans une publication Facebook.<\/p>\n<p>    <a href=\"https:\/\/www.facebook.com\/plugins\/post.php?href=https%3A%2F%2Fwww.facebook.com%2Fpermalink.php%3Fstory_fbid%3Dpfbid0jyd9TreMo8XYDQFdaybPvqJHNKX3nyC8hHEuZw5KUjb1ih9156pM3mbnAACTMoJpl%26id%3D100065052158560&amp;show_text=true&amp;width=350\" title=\"Ouvrie le lien\" rel=\"nofollow noopener\" target=\"_blank\">Cliquez ici pour visualiser le contenu<\/a><\/p>\n<p>Vid\u00e9os : en ce moment sur ActuUne femme v\u00eatue de noire<\/p>\n<p class=\" wall-content\">Lors de sa derni\u00e8re apparition, les proches de G\u00e9raldine Lefoul indiquent qu\u2019elle poss\u00e9dait une coupe au carr\u00e9 plongeant de couleur caramel, portait un <strong>sac \u00e0 dos noir<\/strong>, une <strong>veste en laine noire,<\/strong> une ceinture noire, un <strong>pantalon sombre <\/strong>et des chaussures <strong>tennis claires de marque Puma.<\/strong> Elle avait \u00e9galement, sur elle, ses documents d\u2019identit\u00e9.<\/p>\n<p>Si vous disposez d\u2019informations permettant de la localiser, veuillez contacter\u00a0imm\u00e9diatement le 112 ou le 17.<\/p>\n<p class=\" wall-content\">Suivez toute l\u2019actualit\u00e9 de vos villes et m\u00e9dias favoris en vous inscrivant \u00e0 <a href=\"https:\/\/moncompte.actu.fr\" title=\"D\u00e9couvez Mon Actu\" rel=\"nofollow noopener\" data-trk=\"{&quot;cta&quot;:{&quot;action&quot;:&quot;https:\\\/\\\/moncompte.actu.fr&quot;,&quot;category&quot;:&quot;mon compte&quot;,&quot;from&quot;:&quot;article footer&quot;,&quot;name&quot;:&quot;Mon actu&quot;,&quot;type&quot;:&quot;cta&quot;}}\" target=\"_blank\">Mon Actu<\/a>.<\/p>\n<ul class=\"ac-article-tag wall-content\">\n<li><a href=\"https:\/\/actu.fr\/tag\/disparition\" data-trk=\"{&quot;cta&quot;:{&quot;action&quot;:&quot;Disparition inqui\\u00e9tante&quot;,&quot;category&quot;:&quot;tag&quot;,&quot;from&quot;:&quot;article footer&quot;,&quot;name&quot;:&quot;Disparition inqui\\u00e9tante&quot;,&quot;type&quot;:&quot;cta&quot;}}\" rel=\"nofollow noopener\" target=\"_blank\">#Disparition inqui\u00e9tante<\/a><\/li>\n<li><a href=\"https:\/\/actu.fr\/tag\/gendarmerie\" data-trk=\"{&quot;cta&quot;:{&quot;action&quot;:&quot;Gendarmerie&quot;,&quot;category&quot;:&quot;tag&quot;,&quot;from&quot;:&quot;article footer&quot;,&quot;name&quot;:&quot;Gendarmerie&quot;,&quot;type&quot;:&quot;cta&quot;}}\" rel=\"nofollow noopener\" target=\"_blank\">#Gendarmerie<\/a><\/li>\n<\/ul>\n","protected":false},"excerpt":{"rendered":"Par Mar\u00e9va Laville Publi\u00e9 le 8 mai 2025 \u00e0 9h43 Elle mesure 1m65, est brune et mince. G\u00e9raldine&hellip;\n","protected":false},"author":2,"featured_media":83935,"comment_status":"","ping_status":"","sticky":false,"template":"","format":"standard","meta":{"footnotes":""},"categories":[2816],"tags":[1111,11,3676,1777,674,118,1011,27,3381,12,2680,25,2312],"class_list":{"0":"post-83934","1":"post","2":"type-post","3":"status-publish","4":"format-standard","5":"has-post-thumbnail","7":"category-toulouse","8":"tag-actu","9":"tag-actualites","10":"tag-disparition-inquietante","11":"tag-eu","12":"tag-europe","13":"tag-faits-divers","14":"tag-fr","15":"tag-france","16":"tag-gendarmerie","17":"tag-news","18":"tag-occitanie","19":"tag-republique-francaise","20":"tag-toulouse"},"share_on_mastodon":{"url":"https:\/\/pubeurope.com\/@fr\/114471162976663043","error":""},"_links":{"self":[{"href":"https:\/\/www.europesays.com\/fr\/wp-json\/wp\/v2\/posts\/83934","targetHints":{"allow":["GET"]}}],"collection":[{"href":"https:\/\/www.europesays.com\/fr\/wp-json\/wp\/v2\/posts"}],"about":[{"href":"https:\/\/www.europesays.com\/fr\/wp-json\/wp\/v2\/types\/post"}],"author":[{"embeddable":true,"href":"https:\/\/www.europesays.com\/fr\/wp-json\/wp\/v2\/users\/2"}],"replies":[{"embeddable":true,"href":"https:\/\/www.europesays.com\/fr\/wp-json\/wp\/v2\/comments?post=83934"}],"version-history":[{"count":0,"href":"https:\/\/www.europesays.com\/fr\/wp-json\/wp\/v2\/posts\/83934\/revisions"}],"wp:featuredmedia":[{"embeddable":true,"href":"https:\/\/www.europesays.com\/fr\/wp-json\/wp\/v2\/media\/83935"}],"wp:attachment":[{"href":"https:\/\/www.europesays.com\/fr\/wp-json\/wp\/v2\/media?parent=83934"}],"wp:term":[{"taxonomy":"category","embeddable":true,"href":"https:\/\/www.europesays.com\/fr\/wp-json\/wp\/v2\/categories?post=83934"},{"taxonomy":"post_tag","embeddable":true,"href":"https:\/\/www.europesays.com\/fr\/wp-json\/wp\/v2\/tags?post=83934"}],"curies":[{"name":"wp","href":"https:\/\/api.w.org\/{rel}","templated":true}]}}