{"id":83936,"date":"2025-05-08T08:01:09","date_gmt":"2025-05-08T08:01:09","guid":{"rendered":"https:\/\/www.europesays.com\/fr\/83936\/"},"modified":"2025-05-08T08:01:09","modified_gmt":"2025-05-08T08:01:09","slug":"enorme-coup-dur-pour-toulouse","status":"publish","type":"post","link":"https:\/\/www.europesays.com\/fr\/83936\/","title":{"rendered":"\u00e9norme coup dur pour Toulouse !"},"content":{"rendered":"<p class=\"\" data-start=\"298\" data-end=\"547\"><strong data-start=\"298\" data-end=\"547\">Bonne nouvelle pour les Verts : Toulouse se d\u00e9placera \u00e0 Geoffroy-Guichard sans son entra\u00eeneur principal, Carles Martinez Novell, ce qui pourrait peser dans ce duel qui pourrait \u00eatre d\u00e9cisif pour le maintien.<\/strong><\/p>\n<p class=\"\" data-start=\"549\" data-end=\"871\">La derni\u00e8re journ\u00e9e de Ligue 1 entre l&rsquo;AS Saint-\u00c9tienne et le Toulouse FC s\u2019annonce d\u00e9j\u00e0 \u00e9lectrique. En jeu : la survie dans l\u2019\u00e9lite pour les Verts. Mais ce choc capital se disputera sans <strong data-start=\"737\" data-end=\"763\">Carles Martinez Novell<\/strong>, l\u2019entra\u00eeneur du TFC, suspendu pour <strong data-start=\"800\" data-end=\"834\">accumulation de cartons jaunes<\/strong> lors des trois derni\u00e8res rencontres.<\/p>\n<p class=\"\" data-start=\"873\" data-end=\"1152\">L\u2019information est officielle : <strong data-start=\"904\" data-end=\"918\">Pol Garcia<\/strong>, son adjoint, sera charg\u00e9 de diriger les Violets depuis le banc dimanche prochain \u00e0 Geoffroy-Guichard. Un contexte particulier pour Toulouse, qui devra composer sans son strat\u00e8ge habituel dans une atmosph\u00e8re qui s\u2019annonce bouillante&#8230; si les Verts l&#8217;emportent \u00e0 Reims ce week-end et que Le Havre tr\u00e9buche !<\/p>\n<p>L\u2019ASSE \u00e9vite le huis clos face \u00e0 Toulouse<\/p>\n<p class=\"\" data-start=\"1185\" data-end=\"1529\">De son c\u00f4t\u00e9, <strong data-start=\"1198\" data-end=\"1226\">l\u2019ASSE a \u00e9t\u00e9 sanctionn\u00e9e<\/strong> par la Commission de discipline d\u2019un <a href=\"https:\/\/peuple-vert.fr\/a-la-une\/derby-asse-ol-ligue-1-commission-discipline-sanction\/\" target=\"_blank\" rel=\"noopener\"><strong data-start=\"1264\" data-end=\"1298\">retrait d\u2019un point avec sursis<\/strong><\/a> \u00e0 la suite des incidents survenus en tribunes. Usage massif d\u2019engins pyrotechniques, jets d\u2019objets ayant bless\u00e9 un officiel et interruption de match : le club a \u00e9chapp\u00e9 de peu \u00e0 un huis clos redout\u00e9 pour cette derni\u00e8re \u00e0 domicile.<\/p>\n<p class=\"\" data-start=\"1531\" data-end=\"1705\">Bonne nouvelle donc : <strong data-start=\"1553\" data-end=\"1595\">le Chaudron sera bien ouvert au public<\/strong> pour soutenir les Verts face aux Toulousains. Mais en cas de r\u00e9cidive, le point de sursis deviendra effectif.<\/p>\n<p>Comolli \u00e9galement suspendu il y a quelques semaines<\/p>\n<p class=\"\" data-start=\"1764\" data-end=\"2079\">Cette nouvelle suspension c\u00f4t\u00e9 toulousain fait \u00e9cho \u00e0 celle de <strong data-start=\"1827\" data-end=\"1845\">Damien Comolli<\/strong>, pr\u00e9sident du TFC\u2026 et ancien dirigeant de l\u2019ASSE. Sanctionn\u00e9 d\u00e9but avril par la LFP, il avait \u00e9cop\u00e9 de <strong data-start=\"1949\" data-end=\"2005\">deux matches de suspension ferme et deux avec sursis<\/strong>, \u00e0 la suite de son comportement lors de la r\u00e9ception de Monaco le 7 mars.<\/p>\n<p class=\"\" data-start=\"2081\" data-end=\"2477\">Priv\u00e9 de banc de touche et de toute fonction officielle, <strong data-start=\"2138\" data-end=\"2199\">Comolli avait d\u00fb rester en tribunes contre Lille et Reims<\/strong>, sans que les raisons pr\u00e9cises de sa sanction ne soient rendues publiques. Selon plusieurs sources, ce sont <strong data-start=\"2308\" data-end=\"2350\">des \u00e9changes tendus avec des officiels<\/strong>, en marge d\u2019une rencontre perturb\u00e9e par des chants hostiles \u00e0 la Ligue \u2014 en pr\u00e9sence de la ministre des Sports, Marie Barsacq.<\/p>\n<p class=\"\" data-start=\"2479\" data-end=\"2568\">Un climat \u00e9lectrique entoure donc le TFC \u00e0 l\u2019approche du rendez-vous \u00e0 Geoffroy-Guichard\u2026<\/p>\n<p>Des absences aussi c\u00f4t\u00e9 TFC<\/p>\n<p class=\"\" data-start=\"2603\" data-end=\"2879\">Si le retour de <strong data-start=\"2619\" data-end=\"2636\">Mark McKenzie<\/strong> est attendu (il a purg\u00e9 deux matchs de suspension apr\u00e8s son rouge contre Reims), Toulouse devra encore faire sans <strong data-start=\"2751\" data-end=\"2772\">Charlie Cresswell<\/strong> (trois jaunes en moins de dix matchs) et <strong data-start=\"2814\" data-end=\"2830\">Noah Edjouma<\/strong>, toujours suspendu apr\u00e8s son expulsion \u00e0 Nantes.<\/p>\n","protected":false},"excerpt":{"rendered":"Bonne nouvelle pour les Verts : Toulouse se d\u00e9placera \u00e0 Geoffroy-Guichard sans son entra\u00eeneur principal, Carles Martinez Novell,&hellip;\n","protected":false},"author":2,"featured_media":83937,"comment_status":"","ping_status":"","sticky":false,"template":"","format":"standard","meta":{"footnotes":""},"categories":[2816],"tags":[1111,11,19259,19260,19261,19262,19263,1777,674,1011,27,19264,19265,12,2680,19266,25,2312],"class_list":{"0":"post-83936","1":"post","2":"type-post","3":"status-publish","4":"format-standard","5":"has-post-thumbnail","7":"category-toulouse","8":"tag-actu","9":"tag-actualites","10":"tag-asse-toulouse","11":"tag-asse-maintien","12":"tag-carles-martinez-novell-suspendu","13":"tag-damien-comolli-suspension","14":"tag-entraineur-tfc-sanctionne","15":"tag-eu","16":"tag-europe","17":"tag-fr","18":"tag-france","19":"tag-geoffroy-guichard-huis-clos","20":"tag-ligue-1-derniere-journee","21":"tag-news","22":"tag-occitanie","23":"tag-pol-garcia-entraineur-tfc","24":"tag-republique-francaise","25":"tag-toulouse"},"share_on_mastodon":{"url":"https:\/\/pubeurope.com\/@fr\/114471166518165870","error":""},"_links":{"self":[{"href":"https:\/\/www.europesays.com\/fr\/wp-json\/wp\/v2\/posts\/83936","targetHints":{"allow":["GET"]}}],"collection":[{"href":"https:\/\/www.europesays.com\/fr\/wp-json\/wp\/v2\/posts"}],"about":[{"href":"https:\/\/www.europesays.com\/fr\/wp-json\/wp\/v2\/types\/post"}],"author":[{"embeddable":true,"href":"https:\/\/www.europesays.com\/fr\/wp-json\/wp\/v2\/users\/2"}],"replies":[{"embeddable":true,"href":"https:\/\/www.europesays.com\/fr\/wp-json\/wp\/v2\/comments?post=83936"}],"version-history":[{"count":0,"href":"https:\/\/www.europesays.com\/fr\/wp-json\/wp\/v2\/posts\/83936\/revisions"}],"wp:featuredmedia":[{"embeddable":true,"href":"https:\/\/www.europesays.com\/fr\/wp-json\/wp\/v2\/media\/83937"}],"wp:attachment":[{"href":"https:\/\/www.europesays.com\/fr\/wp-json\/wp\/v2\/media?parent=83936"}],"wp:term":[{"taxonomy":"category","embeddable":true,"href":"https:\/\/www.europesays.com\/fr\/wp-json\/wp\/v2\/categories?post=83936"},{"taxonomy":"post_tag","embeddable":true,"href":"https:\/\/www.europesays.com\/fr\/wp-json\/wp\/v2\/tags?post=83936"}],"curies":[{"name":"wp","href":"https:\/\/api.w.org\/{rel}","templated":true}]}}