{"id":83939,"date":"2025-05-08T08:03:17","date_gmt":"2025-05-08T08:03:17","guid":{"rendered":"https:\/\/www.europesays.com\/fr\/83939\/"},"modified":"2025-05-08T08:03:17","modified_gmt":"2025-05-08T08:03:17","slug":"plaintes-classees-sans-suite-les-deputes-pour-un-meilleur-accompagnement-des-victimes","status":"publish","type":"post","link":"https:\/\/www.europesays.com\/fr\/83939\/","title":{"rendered":"Plaintes class\u00e9es sans suite\u00a0: les d\u00e9put\u00e9s pour un meilleur accompagnement des victimes"},"content":{"rendered":"<p>Les d\u00e9put\u00e9s ont approuv\u00e9 mercredi 7\u00a0mai 2025 au soir une proposition de loi transpartisane pour renforcer l\u2019accompagnement des victimes lors du classement sans suite de leur plainte, en rendant notamment obligatoire la motivation de cette d\u00e9cision dans des termes <strong>\u00ab\u00a0simples et accessibles\u00a0\u00bb<\/strong>.<\/p>\n<p>Le texte, port\u00e9 par le d\u00e9put\u00e9 socialiste Jiovanny William (Martinique) et soutenu par le gouvernement, a \u00e9t\u00e9 adopt\u00e9 \u00e0 l\u2019unanimit\u00e9 en premi\u00e8re lecture par 55\u00a0voix. Les d\u00e9put\u00e9s du Rassemblement national et leurs alli\u00e9s <strong>\u00ab\u00a0ciottistes\u00a0\u00bb<\/strong> se sont abstenus.<\/p>\n<p>Le droit pr\u00e9voit d\u00e9j\u00e0 que le procureur de la R\u00e9publique informe la victime du classement sans suite de sa plainte en indiquant les raisons qui motivent cette d\u00e9cision.<\/p>\n<p>\n                Nous avons bloqu\u00e9 l\u2019affichage de ce contenu pour respecter vos choix en mati\u00e8re de cookies.<br \/>En cliquant sur \u00abConsulter\u00bb, vous acceptez le d\u00e9p\u00f4t de cookies par des services de r\u00e9seaux sociaux tels que Twitter.<br \/>\n                Consulter\n            <\/p>\n<blockquote class=\"twitter-tweet\" wp_automatic_readability=\"6.1414141414141\">\n<p lang=\"fr\" dir=\"ltr\">? Adoption \u00e0 l&rsquo;unanimit\u00e9 de la proposition de loi visant \u00e0 pr\u00e9server les droits des victimes d\u00e9positaires de plaintes class\u00e9es sans suite, en premi\u00e8re lecture.<br \/>?? En savoir plus : <a href=\"https:\/\/t.co\/7T3W1iW5fX\">https:\/\/t.co\/7T3W1iW5fX<\/a><a href=\"https:\/\/twitter.com\/hashtag\/DirectAN?src=hash&amp;ref_src=twsrc%5Etfw\" target=\"_blank\" rel=\"noopener\">#DirectAN<\/a> <a href=\"https:\/\/t.co\/WRWSd4cenf\">pic.twitter.com\/WRWSd4cenf<\/a><\/p>\n<p>\u2014 Assembl\u00e9e nationale (@AssembleeNat) <a href=\"https:\/\/twitter.com\/AssembleeNat\/status\/1920173417401073928?ref_src=twsrc%5Etfw\" target=\"_blank\" rel=\"noopener\">May 7, 2025<\/a><\/p><\/blockquote>\n<p>Mais <a href=\"https:\/\/rennes.maville.com\/actu\/actudet_-violences-sexuelles.-une-association-rennaise-denonce-80-de-plaintes-classees-sans-suite-_7-6117210_actu.Htm\" target=\"_self\" rel=\"noopener\">de nombreux t\u00e9moignages de victimes ces derni\u00e8res ann\u00e9es &#8211; en particulier de violences sexistes et sexuelles &#8211;<\/a> ont point\u00e9 du doigt des <strong>\u00ab\u00a0dysfonctionnements majeurs\u00a0\u00bb<\/strong>, selon le rapporteur.<\/p>\n<p>Des classements <strong>\u00ab\u00a0annonc\u00e9s par le biais d\u2019appels t\u00e9l\u00e9phoniques, sans pouvoir retenir la date de classement, courriers simples, courriers recommand\u00e9s non r\u00e9ceptionn\u00e9s, changement d\u2019adresse, motivations parfois lapidaires, incompr\u00e9hensibles\u00a0\u00bb<\/strong>, a d\u00e9taill\u00e9 M. William.<\/p>\n<p>Ainsi, le texte vise \u00e0<strong> \u00ab\u00a0mieux accompagner les victimes lorsque leur plainte est class\u00e9e sans suite\u00a0\u00bb<\/strong> alors <strong>\u00ab\u00a0que nous savons tous combien ce moment, lorsqu\u2019il survient, peut \u00eatre v\u00e9cu comme un nouveau choc\u00a0\u00bb<\/strong>, selon les mots du ministre de la justice G\u00e9rald Darmanin \u00e0 l\u2019ouverture des d\u00e9bats.<\/p>\n<p>\u00ab\u00a0Effort p\u00e9dagogique\u00a0\u00bb<\/p>\n<p>Au moment du d\u00e9p\u00f4t de leur plainte, les victimes se verront obligatoirement remettre une copie du proc\u00e8s-verbal, facilitant par la suite sa tra\u00e7abilit\u00e9.<\/p>\n<p>Elles pourront aussi choisir la voie qui leur convient pour \u00eatre notifi\u00e9es de la suite de leur plainte\u00a0: lettre recommand\u00e9e, courriel ou courrier simple.<\/p>\n<p>La motivation de la d\u00e9cision de classement devra <strong>\u00ab\u00a0\u00eatre exprim\u00e9e en termes simples et accessibles\u00a0\u00bb<\/strong> ainsi que les voies de recours possibles.<\/p>\n<p><strong>\u00ab\u00a0Cet effort p\u00e9dagogique est essentiel pour aider la victime \u00e0 comprendre le traitement de sa plainte et \u00e0 mieux accepter la d\u00e9cision de justice\u00a0\u00bb<\/strong>, selon le rapporteur.<\/p>\n<p>En outre, le procureur devra verser au dossier la preuve que l\u2019avis de classement a bien \u00e9t\u00e9 notifi\u00e9 au plaignant.<\/p>\n<p>La gauche a salu\u00e9 un texte <strong>\u00ab\u00a0n\u00e9cessaire\u00a0\u00bb<\/strong> tout en d\u00e9non\u00e7ant les coupes dans le budget du minist\u00e8re de la Justice.<\/p>\n<p><strong>\u00ab\u00a0Si tant de plaintes sont class\u00e9es, c\u2019est d\u2019abord parce que les parquets sont satur\u00e9s, les services d\u2019enqu\u00eate d\u00e9bord\u00e9s et les associations d\u2019aide aux victimes sous-financ\u00e9es\u00a0\u00bb<\/strong>, a rappel\u00e9 le d\u00e9put\u00e9 \u00e9cologiste Emmanuel Duplessy.<\/p>\n<p>Le RN s\u2019est abstenu, y voyant <strong>\u00ab\u00a0de jolis mots\u00a0\u00bb<\/strong> mais <strong>\u00ab\u00a0une mise en pratique qui ne servira \u00e0 rien\u00a0\u00bb<\/strong>, selon la d\u00e9put\u00e9e Sophie-Laurence Roy.<\/p>\n<p>\u00a0<\/p>\n<p>\t\t<script async src=\"https:\/\/platform.twitter.com\/widgets.js\" charset=\"utf-8\"><\/script><\/p>\n","protected":false},"excerpt":{"rendered":"Les d\u00e9put\u00e9s ont approuv\u00e9 mercredi 7\u00a0mai 2025 au soir une proposition de loi transpartisane pour renforcer l\u2019accompagnement des&hellip;\n","protected":false},"author":2,"featured_media":83940,"comment_status":"","ping_status":"","sticky":false,"template":"","format":"standard","meta":{"footnotes":""},"categories":[2815],"tags":[9269,1111,11,19268,423,1777,674,1011,27,811,1307,14954,12,19267,25,5104,2023],"class_list":{"0":"post-83939","1":"post","2":"type-post","3":"status-publish","4":"format-standard","5":"has-post-thumbnail","7":"category-lille","8":"tag-accompagnement","9":"tag-actu","10":"tag-actualites","11":"tag-classees","12":"tag-deputes","13":"tag-eu","14":"tag-europe","15":"tag-fr","16":"tag-france","17":"tag-hauts-de-france","18":"tag-lille","19":"tag-meilleur","20":"tag-news","21":"tag-plaintes","22":"tag-republique-francaise","23":"tag-suite","24":"tag-victimes"},"share_on_mastodon":{"url":"https:\/\/pubeurope.com\/@fr\/114471174401971116","error":""},"_links":{"self":[{"href":"https:\/\/www.europesays.com\/fr\/wp-json\/wp\/v2\/posts\/83939","targetHints":{"allow":["GET"]}}],"collection":[{"href":"https:\/\/www.europesays.com\/fr\/wp-json\/wp\/v2\/posts"}],"about":[{"href":"https:\/\/www.europesays.com\/fr\/wp-json\/wp\/v2\/types\/post"}],"author":[{"embeddable":true,"href":"https:\/\/www.europesays.com\/fr\/wp-json\/wp\/v2\/users\/2"}],"replies":[{"embeddable":true,"href":"https:\/\/www.europesays.com\/fr\/wp-json\/wp\/v2\/comments?post=83939"}],"version-history":[{"count":0,"href":"https:\/\/www.europesays.com\/fr\/wp-json\/wp\/v2\/posts\/83939\/revisions"}],"wp:featuredmedia":[{"embeddable":true,"href":"https:\/\/www.europesays.com\/fr\/wp-json\/wp\/v2\/media\/83940"}],"wp:attachment":[{"href":"https:\/\/www.europesays.com\/fr\/wp-json\/wp\/v2\/media?parent=83939"}],"wp:term":[{"taxonomy":"category","embeddable":true,"href":"https:\/\/www.europesays.com\/fr\/wp-json\/wp\/v2\/categories?post=83939"},{"taxonomy":"post_tag","embeddable":true,"href":"https:\/\/www.europesays.com\/fr\/wp-json\/wp\/v2\/tags?post=83939"}],"curies":[{"name":"wp","href":"https:\/\/api.w.org\/{rel}","templated":true}]}}