{"id":83942,"date":"2025-05-08T08:05:09","date_gmt":"2025-05-08T08:05:09","guid":{"rendered":"https:\/\/www.europesays.com\/fr\/83942\/"},"modified":"2025-05-08T08:05:09","modified_gmt":"2025-05-08T08:05:09","slug":"le-festival-marseille-jazz-des-5-continents-celebre-ses-25-ans-avec-deux-creations-inedites","status":"publish","type":"post","link":"https:\/\/www.europesays.com\/fr\/83942\/","title":{"rendered":"Le festival Marseille Jazz des 5 continents c\u00e9l\u00e8bre ses 25 ans avec deux cr\u00e9ations in\u00e9dites !"},"content":{"rendered":"<p><strong>25 ans, \u00e7a se f\u00eate<\/strong> ! Et justement, pour c\u00e9l\u00e9brer cet anniversaire symbolique, <strong>l&#8217;embl\u00e9matique Marseille Jazz des Cinq Continents compte mettre les petits plats dans les grands<\/strong>. D&rsquo;une part, <a href=\"https:\/\/www.jazzradio.fr\/news\/soiree\/41324\/pour-ses-25-ans-le-festival-marseille-jazz-des-5-continents-s-offre-un-casting-5-etoiles\" target=\"_blank\" rel=\"noopener nofollow\"><strong>en accueillant des artistes renomm\u00e9s<\/strong><\/a> comme <strong>Dee Dee Bridgewater<\/strong>, <strong>The Sacred Souls<\/strong>, <strong><a href=\"https:\/\/www.jazzradio.fr\/news\/culture-et-societe\/41336\/youn-sun-nah-bientot-de-retour-avec-un-13eme-album-en-2026\" target=\"_blank\" rel=\"noopener nofollow\">Youn Sun Nah<\/a> <\/strong>ou encore <strong>Caravan Palace<\/strong>, mais aussi en s&rsquo;offrant <strong>deux soir\u00e9es d&rsquo;exception <\/strong>plac\u00e9es sous le signe de l&rsquo;in\u00e9dit, de la cr\u00e9ation et du m\u00e9tissage culturel.\u00a0<\/p>\n<p>Le mardi 1er juillet, La Vieille Charit\u00e9 proposera une rencontre surprenante et qui s&rsquo;annonce passionnante entre <strong>les Poetic Ways<\/strong>, et <strong>l&rsquo;Orchestre Divertimento <\/strong>men\u00e9 \u00e0 la bague par <strong>la cheffe d&rsquo;orchestre Zahia Ziouani<\/strong>. Un moment suspendu, qui unira<strong> le jazz contemporain aux cordes et vents de l&rsquo;orchestre symphonique<\/strong> le temps d&rsquo;une soir\u00e9e, dans une fusion \u00e9l\u00e9gante et sensible. C&rsquo;est apr\u00e8s un concert improvis\u00e9 en 2021 que les <strong>Poetic Ways<\/strong> ont vu le jour, s&rsquo;imposant comme un v\u00e9ritable laboratoire de cr\u00e9ation musicale. En s&rsquo;associant \u00e0 <strong>la formation Divertimento<\/strong>, fond\u00e9e pour d\u00e9poussi\u00e9rer l&rsquo;image de la musique classique et pour porter sa diversit\u00e9 sur sc\u00e8ne, c&rsquo;est <strong>un v\u00e9ritable op\u00e9ra-jazz<\/strong> qui va na\u00eetre ce soir l\u00e0, sous les \u00e9toiles du ciel marseillais.\u00a0<\/p>\n<p class=\"\" data-start=\"1106\" data-end=\"1665\">Le dimanche 13 juillet, <strong>cap cette fois sur les Antilles<\/strong> au Th\u00e9\u00e2tre Silvain avec <strong>Jocelyne B\u00e9roard<\/strong> et <strong>Tony Chasseur<\/strong>, qui entra\u00eeneront les festivaliers dans un voyage vibrant et color\u00e9, entre zouk, jazz carib\u00e9en et traditions antillaises. V\u00e9ritable pilier de la musique cr\u00e9ole, <strong>Jocelyne B\u00e9roard<\/strong> partagera la sc\u00e8ne aux c\u00f4t\u00e9s de <strong>Tony Chasseur<\/strong>, voix qui porte haute et fort les couleurs du jazz cr\u00e9ole. Ensemble, ils rendront hommage aux rythmes chauds carib\u00e9ens, dans <strong>une ambiance aussi chaleureuse que joyeuse<\/strong>.\u00a0<\/p>\n<blockquote class=\"instagram-media\" style=\"background: #FFF; border: 0; border-radius: 3px; box-shadow: 0 0 1px 0 rgba(0,0,0,0.5),0 1px 10px 0 rgba(0,0,0,0.15); margin: 1px; max-width: 540px; min-width: 326px; padding: 0; width: calc(100% - 2px);\" data-instgrm-captioned=\"\" data-instgrm-permalink=\"https:\/\/www.instagram.com\/p\/DI3dzGvsuxZ\/?utm_source=ig_embed&amp;utm_campaign=loading\" data-instgrm-version=\"14\"><p>&#13;<br \/>\n&#13;\n<\/p><\/blockquote>\n<blockquote class=\"instagram-media\" style=\"background: #FFF; border: 0; border-radius: 3px; box-shadow: 0 0 1px 0 rgba(0,0,0,0.5),0 1px 10px 0 rgba(0,0,0,0.15); margin: 1px; max-width: 540px; min-width: 326px; padding: 0; width: calc(100% - 2px);\" data-instgrm-captioned=\"\" data-instgrm-permalink=\"https:\/\/www.instagram.com\/p\/DJBwx0HsCCH\/?utm_source=ig_embed&amp;utm_campaign=loading\" data-instgrm-version=\"14\"><p>&#13;<br \/>\n&#13;\n<\/p><\/blockquote>\n<p>\t\t\t\t\t\t\t\t\t\t\t\t\t\t\t\t\t\t\t<script async src=\"\/\/www.instagram.com\/embed.js\"><\/script><\/p>\n","protected":false},"excerpt":{"rendered":"25 ans, \u00e7a se f\u00eate ! Et justement, pour c\u00e9l\u00e9brer cet anniversaire symbolique, l&#8217;embl\u00e9matique Marseille Jazz des Cinq&hellip;\n","protected":false},"author":2,"featured_media":83943,"comment_status":"","ping_status":"","sticky":false,"template":"","format":"standard","meta":{"footnotes":""},"categories":[2814],"tags":[1111,11,19272,19271,8784,3526,903,11500,1777,674,1011,27,3620,19274,6910,19269,330,19278,19277,19275,884,1361,873,19276,12,19273,3551,882,1825,19270,25,1858,15457,3610,11714,3655],"class_list":{"0":"post-83942","1":"post","2":"type-post","3":"status-publish","4":"format-standard","5":"has-post-thumbnail","7":"category-marseille","8":"tag-actu","9":"tag-actualites","10":"tag-black-music","11":"tag-blues","12":"tag-classic","13":"tag-classique","14":"tag-concours","15":"tag-electro","16":"tag-eu","17":"tag-europe","18":"tag-fr","19":"tag-france","20":"tag-funk","21":"tag-gospel","22":"tag-jazz","23":"tag-jazz-radio","24":"tag-jeux","25":"tag-latin","26":"tag-lounge","27":"tag-manouche","28":"tag-marseille","29":"tag-music","30":"tag-musique","31":"tag-new-orleans","32":"tag-news","33":"tag-prog","34":"tag-programmation","35":"tag-provence-alpes-cote-dazur","36":"tag-radio","37":"tag-radio-jazz","38":"tag-republique-francaise","39":"tag-services","40":"tag-sexy","41":"tag-soul","42":"tag-swing","43":"tag-webradio"},"share_on_mastodon":{"url":"https:\/\/pubeurope.com\/@fr\/114471182264825008","error":""},"_links":{"self":[{"href":"https:\/\/www.europesays.com\/fr\/wp-json\/wp\/v2\/posts\/83942","targetHints":{"allow":["GET"]}}],"collection":[{"href":"https:\/\/www.europesays.com\/fr\/wp-json\/wp\/v2\/posts"}],"about":[{"href":"https:\/\/www.europesays.com\/fr\/wp-json\/wp\/v2\/types\/post"}],"author":[{"embeddable":true,"href":"https:\/\/www.europesays.com\/fr\/wp-json\/wp\/v2\/users\/2"}],"replies":[{"embeddable":true,"href":"https:\/\/www.europesays.com\/fr\/wp-json\/wp\/v2\/comments?post=83942"}],"version-history":[{"count":0,"href":"https:\/\/www.europesays.com\/fr\/wp-json\/wp\/v2\/posts\/83942\/revisions"}],"wp:featuredmedia":[{"embeddable":true,"href":"https:\/\/www.europesays.com\/fr\/wp-json\/wp\/v2\/media\/83943"}],"wp:attachment":[{"href":"https:\/\/www.europesays.com\/fr\/wp-json\/wp\/v2\/media?parent=83942"}],"wp:term":[{"taxonomy":"category","embeddable":true,"href":"https:\/\/www.europesays.com\/fr\/wp-json\/wp\/v2\/categories?post=83942"},{"taxonomy":"post_tag","embeddable":true,"href":"https:\/\/www.europesays.com\/fr\/wp-json\/wp\/v2\/tags?post=83942"}],"curies":[{"name":"wp","href":"https:\/\/api.w.org\/{rel}","templated":true}]}}