{"id":83946,"date":"2025-05-08T08:07:08","date_gmt":"2025-05-08T08:07:08","guid":{"rendered":"https:\/\/www.europesays.com\/fr\/83946\/"},"modified":"2025-05-08T08:07:08","modified_gmt":"2025-05-08T08:07:08","slug":"le-voile-dune-femme-musulmane-aurait-ete-arrache-par-un-individu-a-la-part-dieu","status":"publish","type":"post","link":"https:\/\/www.europesays.com\/fr\/83946\/","title":{"rendered":"le voile d&rsquo;une femme musulmane aurait \u00e9t\u00e9 arrach\u00e9 par un individu \u00e0 la Part-Dieu"},"content":{"rendered":"<p>Enqu\u00eate ouverte \u00e0 Lyon : le voile d&rsquo;une femme musulmane aurait \u00e9t\u00e9 arrach\u00e9 par un individu \u00e0 la Part-Dieu &#8211; DR<\/p>\n<p>Le parquet de Lyon a ouvert une enqu\u00eate, qui s&rsquo;oriente pour le moment uniquement sur des \u00ab\u00a0violences aggrav\u00e9es\u00a0\u00bb selon BFM-TV.<\/p>\n<p>Les faits d\u00e9nonc\u00e9s par la victime pr\u00e9sum\u00e9e se seraient d\u00e9roul\u00e9s \u00e0 la Part-Dieu dans le 3e arrondissement, \u00e0 proximit\u00e9 du centre commercial.<\/p>\n<p>Cette femme de confession musulmane et voil\u00e9e aurait \u00e9t\u00e9 pouss\u00e9e et projet\u00e9e au sol, puis son voile aurait \u00e9t\u00e9 arrach\u00e9.<\/p>\n<p>Elle n&rsquo;aurait pas fait appel \u00e0 la police et aurait port\u00e9 plainte le lendemain soir. Son entourage a fait savoir qu&rsquo;elle ne voulait d\u00e9sormais plus \u00e9voquer l&rsquo;agression et laisser les enqu\u00eateurs travailler pour retrouver l&rsquo;agresseur.<\/p>\n<p>On ne sait pas encore si un appel \u00e0 t\u00e9moins sera ou non lanc\u00e9 par la DIPN du Rh\u00f4ne, charg\u00e9e de faire la lumi\u00e8re sur cette affaire.<\/p>\n","protected":false},"excerpt":{"rendered":"Enqu\u00eate ouverte \u00e0 Lyon : le voile d&rsquo;une femme musulmane aurait \u00e9t\u00e9 arrach\u00e9 par un individu \u00e0 la&hellip;\n","protected":false},"author":2,"featured_media":83947,"comment_status":"","ping_status":"","sticky":false,"template":"","format":"standard","meta":{"footnotes":""},"categories":[1889],"tags":[1111,11,2813,2190,2430,1109,251,1112,2811,1777,674,118,1011,27,1922,1110,1114,2428,2810,12,241,316,25,2812,517,800],"class_list":{"0":"post-83946","1":"post","2":"type-post","3":"status-publish","4":"format-standard","5":"has-post-thumbnail","7":"category-lyon","8":"tag-actu","9":"tag-actualites","10":"tag-article","11":"tag-asvel","12":"tag-auvergne-rhone-alpes","13":"tag-breves","14":"tag-culture","15":"tag-depeches","16":"tag-economique","17":"tag-eu","18":"tag-europe","19":"tag-faits-divers","20":"tag-fr","21":"tag-france","22":"tag-info","23":"tag-informations","24":"tag-infos","25":"tag-lyon","26":"tag-lyonmag","27":"tag-news","28":"tag-ol","29":"tag-politique","30":"tag-republique-francaise","31":"tag-sociale","32":"tag-sport","33":"tag-transports"},"share_on_mastodon":{"url":"https:\/\/pubeurope.com\/@fr\/114471190044547859","error":""},"_links":{"self":[{"href":"https:\/\/www.europesays.com\/fr\/wp-json\/wp\/v2\/posts\/83946","targetHints":{"allow":["GET"]}}],"collection":[{"href":"https:\/\/www.europesays.com\/fr\/wp-json\/wp\/v2\/posts"}],"about":[{"href":"https:\/\/www.europesays.com\/fr\/wp-json\/wp\/v2\/types\/post"}],"author":[{"embeddable":true,"href":"https:\/\/www.europesays.com\/fr\/wp-json\/wp\/v2\/users\/2"}],"replies":[{"embeddable":true,"href":"https:\/\/www.europesays.com\/fr\/wp-json\/wp\/v2\/comments?post=83946"}],"version-history":[{"count":0,"href":"https:\/\/www.europesays.com\/fr\/wp-json\/wp\/v2\/posts\/83946\/revisions"}],"wp:featuredmedia":[{"embeddable":true,"href":"https:\/\/www.europesays.com\/fr\/wp-json\/wp\/v2\/media\/83947"}],"wp:attachment":[{"href":"https:\/\/www.europesays.com\/fr\/wp-json\/wp\/v2\/media?parent=83946"}],"wp:term":[{"taxonomy":"category","embeddable":true,"href":"https:\/\/www.europesays.com\/fr\/wp-json\/wp\/v2\/categories?post=83946"},{"taxonomy":"post_tag","embeddable":true,"href":"https:\/\/www.europesays.com\/fr\/wp-json\/wp\/v2\/tags?post=83946"}],"curies":[{"name":"wp","href":"https:\/\/api.w.org\/{rel}","templated":true}]}}