{"id":83956,"date":"2025-05-08T08:13:09","date_gmt":"2025-05-08T08:13:09","guid":{"rendered":"https:\/\/www.europesays.com\/fr\/83956\/"},"modified":"2025-05-08T08:13:09","modified_gmt":"2025-05-08T08:13:09","slug":"cinq-hommes-mis-en-examen","status":"publish","type":"post","link":"https:\/\/www.europesays.com\/fr\/83956\/","title":{"rendered":"cinq hommes mis en examen"},"content":{"rendered":"<p>            Par<br \/>\n        <strong><br \/>\n            <a href=\"https:\/\/actu.fr\/auteur\/redaction-paris\" title=\"Consulter tous les articles de R\u00e9daction Paris\" target=\"_blank\" rel=\"noopener\">R\u00e9daction Paris<\/a><br \/>\n        <\/strong><\/p>\n<p>        Publi\u00e9 le<\/p>\n<p>            8 mai 2025 \u00e0 9h42        <\/p>\n<p>D\u00e9tention provisoire pour les ran\u00e7onneurs pr\u00e9sum\u00e9s. Mercredi 7 mai 2025, cinq jeunes hommes ont \u00e9t\u00e9 mis en examen \u00e0 <a href=\"https:\/\/actu.fr\/paris\/\" target=\"_blank\" rel=\"noopener\">Paris<\/a>. Ils sont soup\u00e7onn\u00e9s d\u2019avoir particip\u00e9 <a href=\"https:\/\/actu.fr\/ile-de-france\/paris_75056\/le-pere-d-un-dirigeant-de-societe-dans-les-cryptomonnaies-libere-apres-avoir-ete-enleve-a-paris_62592790.html\" target=\"_blank\" rel=\"noopener\">au rocambolesque enl\u00e8vement<\/a> du p\u00e8re d\u2019un entrepreneur en cryptomonnaies dans la capitale. La victime avait \u00e9t\u00e9 lib\u00e9r\u00e9e <strong>apr\u00e8s plus de 50 heures de s\u00e9questration<\/strong>.\u00a0Ces cinq suspects, \u00e2g\u00e9s de 18 \u00e0 26 ans, ont \u00e9t\u00e9 plac\u00e9s en d\u00e9tention provisoire, a annonc\u00e9 la procureure de la capitale,<strong> Laure Beccuau<\/strong>.<\/p>\n<p>Extorsion et torture<\/p>\n<p class=\" wall-content\">Ils sont poursuivis pour<strong> extorsion en bande organis\u00e9e<\/strong>, enl\u00e8vement, et s\u00e9questration avec torture ou acte de barbarie commis en bande organis\u00e9e. Ce dernier chef leur fait encourir la r\u00e9clusion criminelle \u00e0 perp\u00e9tuit\u00e9, a soulign\u00e9 la procureure dans son communiqu\u00e9.<br \/>Ils sont aussi mis en examen pour blanchiment en bande organis\u00e9e et association de malfaiteurs.<\/p>\n<p class=\" wall-content\">Ces suspects, \u00ab\u00a0n\u00e9s en Alg\u00e9rie, \u00e0 la R\u00e9union, au <a href=\"https:\/\/actu.fr\/ile-de-france\/le-chesnay-rocquencourt_78158\" target=\"_blank\" rel=\"noopener\">Chesnay<\/a> et \u00e0 <a href=\"https:\/\/actu.fr\/ile-de-france\/levallois-perret_92044\" target=\"_blank\" rel=\"noopener\">Levallois<\/a>, avaient d\u00e9j\u00e0 \u00e9t\u00e9 condamn\u00e9s, pour des faits de violences ou d\u2019extorsion, ou de nature diff\u00e9rente\u00a0\u00bb, a pr\u00e9cis\u00e9 Mme Beccuau. Certains avocats en d\u00e9fense, joints par l\u2019AFP, n\u2019ont pas donn\u00e9 suite.<\/p>\n<p>Enqu\u00eate \u00ab\u00a0d\u2019anthologie\u00a0\u00bb.\u00a0<\/p>\n<p class=\" wall-content\">L\u2019enqu\u00eate avait d\u00e9marr\u00e9 le jeudi 1er mai, apr\u00e8s que la justice a \u00e9t\u00e9 avis\u00e9e du kidnapping, en pleine rue du XIVe arrondissement, du p\u00e8re de l\u2019entrepreneur, qui a fait fortune dans les cryptomonnaies. Une <strong>centaine de policiers<\/strong> de plusieurs services de police judiciaire \u00e9taient mobilis\u00e9s pour constituer une taskforce, au 36 rue du Bastion. Parmi les brigades pr\u00e9sentes, la <strong>BRB<\/strong> (<a href=\"https:\/\/actu.fr\/ile-de-france\/paris_75056\/braquages-home-jackings-dans-les-coulisses-de-la-mythique-brigade-de-repression-du-banditisme-de-paris_62212063.html\" target=\"_blank\" rel=\"noopener\">Brigade de r\u00e9pression du banditisme<\/a>) en service coordonnateur, mais \u00e9galement la <a href=\"https:\/\/actu.fr\/ile-de-france\/paris_75056\/terrorisme-meurtres-mysterieux-cold-case-a-la-rencontre-de-la-brigade-criminelle-de-paris_59898628.html\" target=\"_blank\" rel=\"noopener\">Brigade criminelle<\/a>, la <strong>BRI<\/strong> (Brigade de recherche et d\u2019intervention) et la Brigade de lutte contre la cybercriminalit\u00e9 (BL2C).<\/p>\n<p class=\" wall-content\">Comme lors d\u2019attentats, des ateliers de travail ont \u00e9t\u00e9 organis\u00e9s en fonction des expertises des uns et des autres, pour traiter les donn\u00e9es (t\u00e9l\u00e9phonie, applications, cryptomonnaies). Une enqu\u00eate \u00ab\u00a0hors norme\u00a0\u00bb, d&rsquo;\u00a0\u00bbanthologie\u00a0\u00bb, a soulign\u00e9 une source proche du dossier \u00e0 l\u2019AFP.<br \/>Ces enqu\u00eateurs sp\u00e9cialis\u00e9s \u00e9taient en effet mobilis\u00e9s dans une course contre-la-montre : la famille de la victime recevait des ultimatums et des menaces de mutilations sur l\u2019otage.<br \/>L\u2019homme, retenu dans des conditions \u00ab\u00a0extr\u00eamement difficiles\u00a0\u00bb, a m\u00eame eu un doigt sectionn\u00e9, selon la source proche.<\/p>\n<p>Vid\u00e9os : en ce moment sur ActuMutilations<\/p>\n<p class=\" wall-content\">\u00ab\u00a0Plusieurs millions d\u2019euros\u00a0\u00bb sous forme de cryptomonnaies ont \u00e9t\u00e9 r\u00e9clam\u00e9s au fils, revenu de Malte, et qui \u00e9tait assist\u00e9 par des n\u00e9gociateurs et des psychologues durant les \u00e9changes avec les ravisseurs, a relat\u00e9 sur RTL <strong>Fabrice Gardon<\/strong>, patron de la PJ parisienne. Le samedi soir, l\u2019assaut a \u00e9t\u00e9 donn\u00e9 dans le pavillon que les enqu\u00eateurs \u00e9taient parvenus \u00e0 localiser, notamment pour \u00e9viter d\u2019autres mutilations. La victime, bless\u00e9e, a \u00e9t\u00e9 prise en charge par les secours.<\/p>\n<p class=\" wall-content\">Cinq personnes ont \u00e9t\u00e9 interpell\u00e9es lors de l\u2019intervention des forces de l\u2019ordre, \u00ab\u00a0dans ou \u00e0 proximit\u00e9 du logement\u00a0\u00bb, ainsi que \u00ab\u00a0deux autres le lendemain\u00a0\u00bb, a d\u00e9taill\u00e9 mercredi la procureure. \u00c0 ce stade des investigations, Fabrice Gardon les range plut\u00f4t dans la cat\u00e9gorie des \u00ab\u00a0ex\u00e9cutants\u00a0\u00bb. Parmi les personnes gard\u00e9es \u00e0 vue, deux ont \u00e9t\u00e9 ensuite rel\u00e2ch\u00e9es et \u00ab\u00a0mises hors de cause, aucun lien suffisant n\u2019ayant \u00e9t\u00e9 \u00e9tabli avec la commission des faits\u00a0\u00bb, a ajout\u00e9 Laure Beccuau. Les investigations se poursuivent, d\u00e9sormais confi\u00e9es \u00e0 des juges d\u2019instruction de la<strong> Juridiction nationale de lutte contre la criminalit\u00e9 organis\u00e9e<\/strong> (Junalco)<\/p>\n<p>Un nouveau ph\u00e9nom\u00e8ne ?\u00a0<\/p>\n<p class=\" wall-content\">. Cet enl\u00e8vement intervient trois mois et demi <a href=\"https:\/\/actu.fr\/faits-divers\/main-mutilee-rancon-gign-ce-que-l-on-sait-du-kidnapping-du-cofondateur-d-une-entreprise-de-cryptomonnaies_62160918.html\" target=\"_blank\" rel=\"noopener\">apr\u00e8s le rapt du cofondateur de Ledger<\/a>, soci\u00e9t\u00e9 sp\u00e9cialis\u00e9e dans les cryptoactifs. Le 21 janvier, au petit matin, David Balland et sa compagne avaient \u00e9t\u00e9 kidnapp\u00e9s \u00e0 leur domicile \u00e0 M\u00e9reau (Cher).<\/p>\n<p class=\" wall-content\">L\u2019alerte avait \u00e9t\u00e9 donn\u00e9e par<strong> Eric Larchev\u00eaque<\/strong>, cofondateur de Ledger, qui avait re\u00e7u une vid\u00e9o d\u2019un doigt coup\u00e9 de David Balland, accompagn\u00e9e d\u2019une importante demande de ran\u00e7on en cryptomonnaies. S\u00e9questr\u00e9 \u00e0 Ch\u00e2teauroux, David Balland a \u00e9t\u00e9 lib\u00e9r\u00e9 le 22 janvier. Sa compagne a \u00e9t\u00e9 retrouv\u00e9e ligot\u00e9e dans le coffre d\u2019un v\u00e9hicule dans <a href=\"https:\/\/actu.fr\/essonne\/\" target=\"_blank\" rel=\"noopener\">l\u2019Essonne<\/a> le lendemain.<\/p>\n<p class=\" wall-content\">Au moins neuf suspects ont \u00e9t\u00e9 mis en examen dans ce dossier, dont le commanditaire pr\u00e9sum\u00e9.<\/p>\n<p class=\" wall-content\">Avec AFP<\/p>\n<p class=\" wall-content\">Suivez toute l\u2019actualit\u00e9 de vos villes et m\u00e9dias favoris en vous inscrivant \u00e0 <a href=\"https:\/\/moncompte.actu.fr\" title=\"D\u00e9couvez Mon Actu\" rel=\"nofollow noopener\" data-trk=\"{&quot;cta&quot;:{&quot;action&quot;:&quot;https:\\\/\\\/moncompte.actu.fr&quot;,&quot;category&quot;:&quot;mon compte&quot;,&quot;from&quot;:&quot;article footer&quot;,&quot;name&quot;:&quot;Mon actu&quot;,&quot;type&quot;:&quot;cta&quot;}}\" target=\"_blank\">Mon Actu<\/a>.<\/p>\n","protected":false},"excerpt":{"rendered":"Par R\u00e9daction Paris Publi\u00e9 le 8 mai 2025 \u00e0 9h42 D\u00e9tention provisoire pour les ran\u00e7onneurs pr\u00e9sum\u00e9s. Mercredi 7&hellip;\n","protected":false},"author":2,"featured_media":83957,"comment_status":"","ping_status":"","sticky":false,"template":"","format":"standard","meta":{"footnotes":""},"categories":[1888],"tags":[11,11250,1777,674,118,1011,27,303,12,626,25],"class_list":{"0":"post-83956","1":"post","2":"type-post","3":"status-publish","4":"format-standard","5":"has-post-thumbnail","7":"category-paris","8":"tag-actualites","9":"tag-enlevements","10":"tag-eu","11":"tag-europe","12":"tag-faits-divers","13":"tag-fr","14":"tag-france","15":"tag-justice","16":"tag-news","17":"tag-paris","18":"tag-republique-francaise"},"share_on_mastodon":{"url":"https:\/\/pubeurope.com\/@fr\/114471213639755640","error":""},"_links":{"self":[{"href":"https:\/\/www.europesays.com\/fr\/wp-json\/wp\/v2\/posts\/83956","targetHints":{"allow":["GET"]}}],"collection":[{"href":"https:\/\/www.europesays.com\/fr\/wp-json\/wp\/v2\/posts"}],"about":[{"href":"https:\/\/www.europesays.com\/fr\/wp-json\/wp\/v2\/types\/post"}],"author":[{"embeddable":true,"href":"https:\/\/www.europesays.com\/fr\/wp-json\/wp\/v2\/users\/2"}],"replies":[{"embeddable":true,"href":"https:\/\/www.europesays.com\/fr\/wp-json\/wp\/v2\/comments?post=83956"}],"version-history":[{"count":0,"href":"https:\/\/www.europesays.com\/fr\/wp-json\/wp\/v2\/posts\/83956\/revisions"}],"wp:featuredmedia":[{"embeddable":true,"href":"https:\/\/www.europesays.com\/fr\/wp-json\/wp\/v2\/media\/83957"}],"wp:attachment":[{"href":"https:\/\/www.europesays.com\/fr\/wp-json\/wp\/v2\/media?parent=83956"}],"wp:term":[{"taxonomy":"category","embeddable":true,"href":"https:\/\/www.europesays.com\/fr\/wp-json\/wp\/v2\/categories?post=83956"},{"taxonomy":"post_tag","embeddable":true,"href":"https:\/\/www.europesays.com\/fr\/wp-json\/wp\/v2\/tags?post=83956"}],"curies":[{"name":"wp","href":"https:\/\/api.w.org\/{rel}","templated":true}]}}