{"id":83980,"date":"2025-05-08T08:25:11","date_gmt":"2025-05-08T08:25:11","guid":{"rendered":"https:\/\/www.europesays.com\/fr\/83980\/"},"modified":"2025-05-08T08:25:11","modified_gmt":"2025-05-08T08:25:11","slug":"ce-titre-les-tourangeaux-le-veulent-tres-tres-fort","status":"publish","type":"post","link":"https:\/\/www.europesays.com\/fr\/83980\/","title":{"rendered":"ce titre, les Tourangeaux le veulent tr\u00e8s, tr\u00e8s fort"},"content":{"rendered":"<p>Dans deux semaines, chacun suivra sa route. Certains resteront au TVB, bien s\u00fbr. \u00c0 l\u2019image de Strehlau, qui a prolong\u00e9, de Ramon ou du fid\u00e8le duo Coric-Aracaju, qui vivra une sixi\u00e8me saison en Touraine. D\u2019autres vogueront vers un autre club, un autre championnat, et c\u2019est le lot de chaque saison.\u00a0Mais tous veulent aller au bout de cette histoire. Aller chercher ce titre de champion.<\/p>\n<p>Comme chaque ann\u00e9e\u00a0? Oui, bien s\u00fbr, \u00e9videmment. Mais peut-\u00eatre d\u2019une mani\u00e8re encore plus profonde, encore plus essentielle cette fois, et m\u00eame intime. C\u2019est ce qui transparaissait dans les propos partag\u00e9s, quelques minutes apr\u00e8s <a target=\"_self\" href=\"https:\/\/www.lanouvellerepublique.fr\/tours\/msl-une-finale-de-plus-pour-le-tvb-un-scenario-de-fou-1746486935\" rel=\"nofollow noopener\">ce succ\u00e8s arrach\u00e9 \u00e0 Montpellier<\/a> au bout du tie-break, par les Tourangeaux, avec des \u00ab\u00a0je\u00a0\u00bb et des \u00ab\u00a0on\u00a0\u00bb m\u00eal\u00e9s, avec du soulagement teint\u00e9 d\u2019une d\u00e9termination d\u00e9j\u00e0 affirm\u00e9e.<\/p>\n<p>\u00ab\u00a0C\u2019est un sentiment de bonheur et en m\u00eame temps tr\u00e8s pos\u00e9, exposait, \u00e0 mots compt\u00e9s, Marcelo Fronckowiak. J\u2019ai encore une finale \u00e0 jouer et je veux la gagner.\u00a0\u00bb Encore une en effet, et pour lui ce sera en l\u2019occurrence la huiti\u00e8me depuis son arriv\u00e9e au TVB en 2021 entre championnat, Coupe de France, Supercoupe et coupe CEV. \u00ab\u00a0Avec Thomas Royer (son adjoint), avec\u00a0Thomas Souli\u00e9 (le pr\u00e9parateur physique), avec Leo (Aracaju), avec Zeljko (Coric), nous sommes en train de vivre notre quatri\u00e8me finale de championnat d\u2019affil\u00e9e. C\u2019est quand m\u00eame beau, mais ce n\u2019est pas fini.\u00a0\u00bb<\/p>\n<p>\u00ab\u00a0Des finales, on en gagne, on en perd et c\u2019est bien de les gagner aussi\u00a0\u00bb<\/p>\n<p>Ce n\u2019est pas fini parce qu\u2019il y a donc \u00ab\u00a0un titre \u00e0 aller chercher, une Ligue des champions \u00e0 aller chercher\u00a0\u00bb. Mais aussi parce que, durant cette \u00e8re Fronckowiak-Aracaju-Coric, le TVB n\u2019a pas toujours gagn\u00e9 \u00e0 la fin. \u00ab\u00a0Depuis des ann\u00e9es, on joue des finales et je pense qu\u2019on en a beaucoup plus perdu que gagn\u00e9\u00a0\u00bb, glissait entre deux tirades Zeljko Coric. Ce qui n\u2019est pas faux, avec un doubl\u00e9 Coupe-championnat en 2023 et une Supercoupe en suivant contre les fameuses trois finales perdues en 2022 et bien s\u00fbr celle c\u00e9d\u00e9e en championnat l\u2019an dernier <a target=\"_self\" href=\"https:\/\/www.lanouvellerepublique.fr\/tours\/direct-msl-suivez-la-finale-retour-entre-tours-et-saint-nazaire\" rel=\"nofollow noopener\">au golden set face \u00e0 Saint-Nazaire<\/a>. \u00ab\u00a0Des finales, on en gagne, on en perd et c\u2019est bien de les gagner aussi\u00a0\u00bb, sugg\u00e9rait, dans un sourire, Marcelo Fronckowiak.<\/p>\n<p>Et c\u2019est aussi fort de ces exp\u00e9riences que le TVB devra aborder ce rendez-vous face \u00e0 Poitiers, \u00e0 partir de samedi. Comme il a su s\u2019en nourrir lors de cette demi-finale \u00e9pique remport\u00e9e en trois actes contre Montpellier. \u00ab\u00a0L\u2019exp\u00e9rience de jouer ce genre de matchs compte. On n\u2019\u00e9tait pas tendu dans le tie-break, ou m\u00eame dans le quatri\u00e8me set, assurait lundi Zeljko Coric. On a gard\u00e9 notre tranquillit\u00e9 et elle a pay\u00e9 \u00e0 la fin.\u00a0\u00bb<\/p>\n<p>\u00ab\u00a0Peut-\u00eatre qu\u2019il y a de la rage, peut-\u00eatre qu\u2019il y a de tout\u00a0\u00bb<\/p>\n<p>Une tranquillit\u00e9 qui ressemble peut-\u00eatre \u00e0 une force sup\u00e9rieure, forg\u00e9e aussi dans cette saison chaotique. Les mots ici de Zeljko Coric \u00e9taient particuli\u00e8rement forts. \u00ab\u00a0Pendant neuf mois, on a eu beaucoup de probl\u00e8mes, y compris de la tristesse. On a connu des probl\u00e8mes de la vie priv\u00e9e, de la vie professionnelle. On s\u2019est gal\u00e9r\u00e9, on a chang\u00e9 des joueurs, on a \u00e9t\u00e9 oblig\u00e9 de changer de pointu, de prendre un passeur. La saison a \u00e9t\u00e9 tr\u00e8s particuli\u00e8re et on arrive en finale. Ce n\u2019est pas par hasard, peut-\u00eatre qu\u2019il y a de la rage, peut-\u00eatre qu\u2019il y a de tout, mais on n\u2019est pas encore satisfait.\u00a0\u00bb<\/p>\n<p>Et d\u2019ajouter\u00a0: \u00ab\u00a0Depuis le d\u00e9but, on n\u2019est pas consid\u00e9r\u00e9 comme les favoris, m\u00eame l\u2019ann\u00e9e derni\u00e8re. Et par hasard (sic), on est toujours l\u00e0\u2026\u00a0\u00bb Doit-on pr\u00e9ciser que Zeljko Coric a d\u00e9j\u00e0 \u00ab\u00a0h\u00e2te\u00a0\u00bb d\u2019\u00eatre \u00e0 cette finale\u00a0? \u00ab\u00a0Ce sera plus difficile encore que cette demie. En finale, la pression augmente, le ballon devient plus lourd.\u00a0\u00bb<\/p>\n<p>Mais il pourrait y avoir au bout un titre \u00e0 m\u00eame d\u2019all\u00e9ger bien des c\u0153urs.<\/p>\n<p>Finale aller\u00a0: Poitiers\u00a0&#8211; Tours, salle Lawson-Body, samedi 10\u00a0mai \u00e0 20\u00a0h.<br \/>Finale retour\u00a0: Tours\u00a0&#8211; Poitiers, salle Grenon, samedi 17\u00a0mai, \u00e0 20\u00a0h.<\/p>\n<p>\u00a0<\/p>\n<p class=\"alireaussi\"><b>&gt;\u00a0Rejoignez la communaut\u00e9 NR\u00a0&#8211; Les sports en Touraine sur Facebook.<\/b><\/p>\n<p>Nous avons bloqu\u00e9 l&rsquo;affichage de ce contenu pour respecter vos choix en mati\u00e8re de cookies. En cliquant sur \u00ab\u00a0Accepter\u00a0\u00bb,\u00a0vous acceptez le d\u00e9p\u00f4t de cookies. Vous pouvez modifier vos choix \u00e0 tout moment en vous rendant sur <a class=\"blocSansConsentement_lien__m9THN\" href=\"https:\/\/www.lanouvellerepublique.fr\/politique-de-confidentialite\" rel=\"nofollow noopener\" target=\"_blank\">cette page<\/a>.<\/p>\n<p>Accepter<\/p>\n","protected":false},"excerpt":{"rendered":"Dans deux semaines, chacun suivra sa route. Certains resteront au TVB, bien s\u00fbr. \u00c0 l\u2019image de Strehlau, qui&hellip;\n","protected":false},"author":2,"featured_media":83981,"comment_status":"","ping_status":"","sticky":false,"template":"","format":"standard","meta":{"footnotes":""},"categories":[1417],"tags":[1392,1011,27,1387,1655,60,1390,1471,2767,1470,1469],"class_list":{"0":"post-83980","1":"post","2":"type-post","3":"status-publish","4":"format-standard","5":"has-post-thumbnail","7":"category-volley","8":"tag-a-la-une-local","9":"tag-fr","10":"tag-france","11":"tag-indre-et-loire","12":"tag-ligue-a","13":"tag-sports","14":"tag-tours","15":"tag-tours-volley-ball","16":"tag-tvb-37","17":"tag-volley","18":"tag-volleyball"},"share_on_mastodon":{"url":"https:\/\/pubeurope.com\/@fr\/114471260820144777","error":""},"_links":{"self":[{"href":"https:\/\/www.europesays.com\/fr\/wp-json\/wp\/v2\/posts\/83980","targetHints":{"allow":["GET"]}}],"collection":[{"href":"https:\/\/www.europesays.com\/fr\/wp-json\/wp\/v2\/posts"}],"about":[{"href":"https:\/\/www.europesays.com\/fr\/wp-json\/wp\/v2\/types\/post"}],"author":[{"embeddable":true,"href":"https:\/\/www.europesays.com\/fr\/wp-json\/wp\/v2\/users\/2"}],"replies":[{"embeddable":true,"href":"https:\/\/www.europesays.com\/fr\/wp-json\/wp\/v2\/comments?post=83980"}],"version-history":[{"count":0,"href":"https:\/\/www.europesays.com\/fr\/wp-json\/wp\/v2\/posts\/83980\/revisions"}],"wp:featuredmedia":[{"embeddable":true,"href":"https:\/\/www.europesays.com\/fr\/wp-json\/wp\/v2\/media\/83981"}],"wp:attachment":[{"href":"https:\/\/www.europesays.com\/fr\/wp-json\/wp\/v2\/media?parent=83980"}],"wp:term":[{"taxonomy":"category","embeddable":true,"href":"https:\/\/www.europesays.com\/fr\/wp-json\/wp\/v2\/categories?post=83980"},{"taxonomy":"post_tag","embeddable":true,"href":"https:\/\/www.europesays.com\/fr\/wp-json\/wp\/v2\/tags?post=83980"}],"curies":[{"name":"wp","href":"https:\/\/api.w.org\/{rel}","templated":true}]}}