{"id":83982,"date":"2025-05-08T08:27:08","date_gmt":"2025-05-08T08:27:08","guid":{"rendered":"https:\/\/www.europesays.com\/fr\/83982\/"},"modified":"2025-05-08T08:27:08","modified_gmt":"2025-05-08T08:27:08","slug":"atp-azarenka-personnellement-jaime-beaucoup-jannik-sinner-sur-le-plan-professionnel-en-revanche-je-pense-quil-y-a-des-divergences","status":"publish","type":"post","link":"https:\/\/www.europesays.com\/fr\/83982\/","title":{"rendered":"ATP > Azarenka : \u00ab\u00a0Personnellement, j&rsquo;aime beaucoup Jannik Sinner, sur le plan professionnel en revanche, je pense qu&rsquo;il y a des divergences\u00a0\u00bb"},"content":{"rendered":"<p>La joueuse de Minsk s\u2019est exprim\u00e9e au sujet de l\u2019Italien et m\u00eame si elle prend des gants, elle passe quand m\u00eame des messages.<\/p>\n<p><strong>\u00ab\u202fPersonnellement, j\u2019aime beau\u00adcoup Jannik. Je pense que c\u2019est un type formi\u00addable. Il a toujours \u00e9t\u00e9 tr\u00e8s gentil avec moi. Il a l\u2019air d\u2019\u00eatre quel\u00adqu\u2019un de tr\u00e8s humble. Je ne le connais pas tr\u00e8s bien, mais j\u2019ai du mal \u00e0 \u00eatre trop critique sur le plan personnel. Sur le plan profes\u00adsionnel en revanche, je pense qu\u2019il y a des diver\u00adgences, car je ne pense pas que tous les joueurs soient trait\u00e9s de la m\u00eame mani\u00e8re. Ce n\u2019est pas seule\u00adment son cas. Je pense qu\u2019il y a beau\u00adcoup de ques\u00adtions diff\u00e9\u00adrentes sur la fa\u00e7on dont les choses ont \u00e9t\u00e9 men\u00e9es.\u202f\u00bb<\/strong><\/p>\n<p class=\"post-published-date\" style=\"color: silver; font-size: 75%; text-align: left;\">Publi\u00e9 le jeudi 8 mai 2025 \u00e0 08:45<\/p>\n","protected":false},"excerpt":{"rendered":"La joueuse de Minsk s\u2019est exprim\u00e9e au sujet de l\u2019Italien et m\u00eame si elle prend des gants, elle&hellip;\n","protected":false},"author":2,"featured_media":83983,"comment_status":"","ping_status":"","sticky":false,"template":"","format":"standard","meta":{"footnotes":""},"categories":[1415],"tags":[15309,1011,27,2127,60,1467],"class_list":{"0":"post-83982","1":"post","2":"type-post","3":"status-publish","4":"format-standard","5":"has-post-thumbnail","7":"category-tennis","8":"tag-azarenka","9":"tag-fr","10":"tag-france","11":"tag-sinner","12":"tag-sports","13":"tag-tennis"},"share_on_mastodon":{"url":"https:\/\/pubeurope.com\/@fr\/114471268716471189","error":""},"_links":{"self":[{"href":"https:\/\/www.europesays.com\/fr\/wp-json\/wp\/v2\/posts\/83982","targetHints":{"allow":["GET"]}}],"collection":[{"href":"https:\/\/www.europesays.com\/fr\/wp-json\/wp\/v2\/posts"}],"about":[{"href":"https:\/\/www.europesays.com\/fr\/wp-json\/wp\/v2\/types\/post"}],"author":[{"embeddable":true,"href":"https:\/\/www.europesays.com\/fr\/wp-json\/wp\/v2\/users\/2"}],"replies":[{"embeddable":true,"href":"https:\/\/www.europesays.com\/fr\/wp-json\/wp\/v2\/comments?post=83982"}],"version-history":[{"count":0,"href":"https:\/\/www.europesays.com\/fr\/wp-json\/wp\/v2\/posts\/83982\/revisions"}],"wp:featuredmedia":[{"embeddable":true,"href":"https:\/\/www.europesays.com\/fr\/wp-json\/wp\/v2\/media\/83983"}],"wp:attachment":[{"href":"https:\/\/www.europesays.com\/fr\/wp-json\/wp\/v2\/media?parent=83982"}],"wp:term":[{"taxonomy":"category","embeddable":true,"href":"https:\/\/www.europesays.com\/fr\/wp-json\/wp\/v2\/categories?post=83982"},{"taxonomy":"post_tag","embeddable":true,"href":"https:\/\/www.europesays.com\/fr\/wp-json\/wp\/v2\/tags?post=83982"}],"curies":[{"name":"wp","href":"https:\/\/api.w.org\/{rel}","templated":true}]}}