{"id":83988,"date":"2025-05-08T08:31:13","date_gmt":"2025-05-08T08:31:13","guid":{"rendered":"https:\/\/www.europesays.com\/fr\/83988\/"},"modified":"2025-05-08T08:31:13","modified_gmt":"2025-05-08T08:31:13","slug":"courir-a-la-maison-ma-manque-valentin-madouas-va-disputer-les-boucles-de-laulne-et-le-tro-bro-leon","status":"publish","type":"post","link":"https:\/\/www.europesays.com\/fr\/83988\/","title":{"rendered":"\u00ab\u00a0Courir \u00e0 la maison m\u2019a manqu\u00e9\u00a0\u00bb : Valentin Madouas va disputer les Boucles de l\u2019Aulne et le Tro Bro Leon"},"content":{"rendered":"<p>Boucles de l\u2019Aulne, ce jeudi 8 mai \u00e0 Ch\u00e2teaulin<\/p>\n<p>Une journ\u00e9e d\u2019\u00e9t\u00e9 indien. C\u2019est sous un soleil d\u00e9clinant, le 17 octobre 2021, que Valentin Madouas a disput\u00e9 sa derni\u00e8re \u00e9preuve dans \u00ab son \u00bb Finist\u00e8re. Trois mois apr\u00e8s le Tour de France qui s\u2019\u00e9lan\u00e7ait cette ann\u00e9e-l\u00e0 de Brest, le coureur de la Groupama-FDJ avait mis la touche finale \u00e0 sa saison \u00e0 l\u2019occasion des Boucles de l\u2019Aulne, reprogramm\u00e9es \u00e0 l\u2019automne en raison de l\u2019\u00e9pid\u00e9mie de covid-19.<\/p>\n<p>Pas tr\u00e8s loin des plages de Pentrez o\u00f9 il passait ses vacances enfant, celui que tout le monde voulait voir gagner en ce haut lieu du v\u00e9lo avait d\u00fb se contenter du premier accessit, \u00e0 une trentaine de secondes du Belge d\u2019AG2R, <a href=\"https:\/\/www.letelegramme.fr\/sports\/cyclisme\/boucles-de-l-aulne-stan-dewulf-l-equipier-modele-enfin-recompense-198895.php\" target=\"_blank\" rel=\"noopener\">Stan Dewulf.<\/a> \u00ab Une grosse frustration \u00bb, se rappelle-t-il. Depuis, Valentin Madouas (28 ans) n\u2019est pas r\u00e9apparu en comp\u00e9tition \u00e0 la pointe bretonne.<\/p>\n<p>Les intensit\u00e9s de Menez Quelerc\u2019h<\/p>\n<p>\u00ab Ces derni\u00e8res ann\u00e9es, les courses du mois de mai ne correspondaient pas avec mon calendrier. J\u2019\u00e9tais soit en coupure apr\u00e8s les classiques ardennaises, soit en stage d\u2019altitude pour pr\u00e9parer le Tour de France \u00bb, explique-t-il, ravi d\u2019avoir pu prolonger son premier bloc de l\u2019ann\u00e9e (avant une pause comp\u00e9tition jusqu\u2019au Tour de Suisse) avec deux \u00e9preuves qui lui tiennent particuli\u00e8rement \u00e0 c\u0153ur. <\/p>\n<p>\u00ab Quand tu cours toute la saison en WorldTour face \u00e0 Pogacar et Van der Poel, \u00e7a fait du bien de redescendre d\u2019un cran pour jouer la gagne. Courir \u00e0 la maison m\u2019a manqu\u00e9, donner aux jeunes l\u2019envie de faire du v\u00e9lo, c\u2019est top \u00bb, ajoute le natif de Brest qui encha\u00eenera donc <a href=\"https:\/\/www.letelegramme.fr\/sports\/cyclisme\/quel-est-le-parcours-des-boucles-de-laulne-2025-6811494.php\" title=\"www.letelegramme.fr\" target=\"_blank\" rel=\"noopener\">Boucles de l\u2019Aulne (ce jeudi)<\/a> et Tro Bro Leon (dimanche).<\/p>\n<p>\u00ab Ch\u00e2teaulin, j\u2019adore ! Je connais tr\u00e8s tr\u00e8s bien <a href=\"https:\/\/www.letelegramme.fr\/sports\/cyclisme\/quel-est-le-parcours-des-boucles-de-laulne-2025-6811494.php\" target=\"_blank\" rel=\"noopener\">le parcours<\/a> (ce sera sa 4e participation), j\u2019ai l\u2019habitude d\u2019aller faire mes intensit\u00e9s dans la mont\u00e9e de Menez Quelerc\u2019h (quatre kilom\u00e8tres avec une pente moyenne de 5,1 %), j\u2019y ai mes rep\u00e8res, je sais que \u00e7a peut me convenir \u00bb, ajoute Madouas, forc\u00e9ment tr\u00e8s ambitieux avant ces retrouvailles. \u00ab L\u2019objectif minimum, c\u2019est le podium. Maintenant, quand tu as d\u00e9j\u00e0 termin\u00e9 2e d\u2019une course comme celle-l\u00e0, tu as juste envie de faire mieux \u00bb.<\/p>\n<p>Le Tro Bro Leon, enfin\u2026<\/p>\n<p>Le Tro Bro Leon, ses sentiers et son ambiance incomparable, \u00e0 l\u2019inverse, seront une totale d\u00e9couverte pour Valentin Madouas. Enfin, pas tout \u00e0 fait. Il a disput\u00e9 le Tro Bro cadets (le lever de rideau des pros) \u00e0 deux reprises, il est souvent venu en voisin voir cette course qui l\u2019a toujours fascin\u00e9 et il y a m\u00eame jou\u00e9 les assistants de luxe pour la Groupama-FDJ en donnant des roues \u00e0 ses co\u00e9quipiers. <\/p>\n<p>Cette fois, il montera donc sur sc\u00e8ne. \u00ab \u00c7a a toujours \u00e9t\u00e9 un r\u00eave d\u2019\u00eatre au d\u00e9part du Tro Bro. Les routes, je les connais par c\u0153ur. Les ribino\u00f9, je les ai r\u00e9cemment d\u00e9couverts \u00e0 l\u2019entra\u00eenement. \u00c7a me pla\u00eet beaucoup \u00bb, sourit l\u2019enfant du pays qui aura m\u00eame <a href=\"https:\/\/www.letelegramme.fr\/sports\/cyclisme\/on-veut-lui-rendre-la-pareille-un-virage-valentin-madouas-se-monte-en-vue-du-tro-bro-leon-6799809.php\" target=\"_blank\" rel=\"noopener\">un virage \u00e0 son nom<\/a> sur le circuit d\u2019arriv\u00e9e (500 supporters y seront r\u00e9unis). \u00ab Je vais \u00eatre attendu, j\u2019ai h\u00e2te, j\u2019aime la pression. J\u2019esp\u00e8re \u00eatre fort, je vais tout donner pour r\u00e9pondre pr\u00e9sent. J\u2019ai envie de gagner, c\u2019est une \u00e9vidence \u00bb, dit encore celui qui souhaite se racheter apr\u00e8s un d\u00e9but de saison tr\u00e8s loin de ses attentes (\u00ab J\u2019ai parfois couru un peu n\u2019importe comment \u00bb), sans r\u00e9sultat. \u00ab Une perf\u2019 sur les Boucles de l\u2019Aulne et au Tro Bro Leon effacerait tout \u00bb, sourit-il. Cap Finist\u00e8re !<\/p>\n","protected":false},"excerpt":{"rendered":"Boucles de l\u2019Aulne, ce jeudi 8 mai \u00e0 Ch\u00e2teaulin Une journ\u00e9e d\u2019\u00e9t\u00e9 indien. C\u2019est sous un soleil d\u00e9clinant,&hellip;\n","protected":false},"author":2,"featured_media":83989,"comment_status":"","ping_status":"","sticky":false,"template":"","format":"standard","meta":{"footnotes":""},"categories":[1411],"tags":[3450,6206,1154,207,1011,27,12174,2427,60,18764,19282],"class_list":{"0":"post-83988","1":"post","2":"type-post","3":"status-publish","4":"format-standard","5":"has-post-thumbnail","7":"category-cyclisme","8":"tag-brest","9":"tag-chateaulin","10":"tag-cycling","11":"tag-cyclisme","12":"tag-fr","13":"tag-france","14":"tag-lannilis","15":"tag-professionnels","16":"tag-sports","17":"tag-tro-bro-leon","18":"tag-valentin-madouas"},"share_on_mastodon":{"url":"https:\/\/pubeurope.com\/@fr\/114471284443867648","error":""},"_links":{"self":[{"href":"https:\/\/www.europesays.com\/fr\/wp-json\/wp\/v2\/posts\/83988","targetHints":{"allow":["GET"]}}],"collection":[{"href":"https:\/\/www.europesays.com\/fr\/wp-json\/wp\/v2\/posts"}],"about":[{"href":"https:\/\/www.europesays.com\/fr\/wp-json\/wp\/v2\/types\/post"}],"author":[{"embeddable":true,"href":"https:\/\/www.europesays.com\/fr\/wp-json\/wp\/v2\/users\/2"}],"replies":[{"embeddable":true,"href":"https:\/\/www.europesays.com\/fr\/wp-json\/wp\/v2\/comments?post=83988"}],"version-history":[{"count":0,"href":"https:\/\/www.europesays.com\/fr\/wp-json\/wp\/v2\/posts\/83988\/revisions"}],"wp:featuredmedia":[{"embeddable":true,"href":"https:\/\/www.europesays.com\/fr\/wp-json\/wp\/v2\/media\/83989"}],"wp:attachment":[{"href":"https:\/\/www.europesays.com\/fr\/wp-json\/wp\/v2\/media?parent=83988"}],"wp:term":[{"taxonomy":"category","embeddable":true,"href":"https:\/\/www.europesays.com\/fr\/wp-json\/wp\/v2\/categories?post=83988"},{"taxonomy":"post_tag","embeddable":true,"href":"https:\/\/www.europesays.com\/fr\/wp-json\/wp\/v2\/tags?post=83988"}],"curies":[{"name":"wp","href":"https:\/\/api.w.org\/{rel}","templated":true}]}}