{"id":84001,"date":"2025-05-08T08:38:19","date_gmt":"2025-05-08T08:38:19","guid":{"rendered":"https:\/\/www.europesays.com\/fr\/84001\/"},"modified":"2025-05-08T08:38:19","modified_gmt":"2025-05-08T08:38:19","slug":"notre-critique-cinema-du-film-les-musiciens-le-classique-a-lhonneur","status":"publish","type":"post","link":"https:\/\/www.europesays.com\/fr\/84001\/","title":{"rendered":"Notre critique cin\u00e9ma du film \u00ab\u00a0Les Musiciens\u00a0\u00bb, le classique \u00e0 l\u2019honneur"},"content":{"rendered":"<p>L\u2019histoire<\/p>\n<p>Astrid Thompson (Val\u00e9rie Donzelli) parvient enfin \u00e0 r\u00e9aliser le r\u00eave de son p\u00e8re\u00a0: <a href=\"https:\/\/www.laprovence.com\/actu\/en-direct\/6798336\/un-rare-stradivarius-vendu-153-millions-de-dollars-tutoie-le-record.html\" target=\"_blank\" rel=\"noopener\">r\u00e9unir quatre Stradivarius<\/a> pour un concert unique attendu par les m\u00e9lomanes du monde entier. Mais Lise (Marie Vialle), George (Mathieu Spinosi), Peter (Daniel Garlitsky) et Apolline (Emma Ravier), les quatre virtuoses recrut\u00e9s pour l\u2019occasion, sont incapables de jouer ensemble. Les crises d\u2019ego se succ\u00e8dent au rythme des r\u00e9p\u00e9titions. Sans solution, Astrid se r\u00e9sout \u00e0 aller chercher le seul qui, \u00e0 ses yeux, peut encore sauver l\u2019\u00e9v\u00e9nement\u00a0: <a href=\"https:\/\/www.laprovence.com\/article\/culture-loisirs\/3021827089145414\/a-avignon-frederic-pierrot-le-psy-de-la-serie-en-therapie-evoque-une-saison-3\" target=\"_blank\" rel=\"noopener\">Charlie Beaumont (Fr\u00e9d\u00e9ric Pierrot)<\/a>, le compositeur de la partition.<\/p>\n<p>Notre avis<\/p>\n<p>Qui a dit que la musique classique \u00e9tait r\u00e9serv\u00e9e \u00e0 un public bourgeois ou \u00e9litiste\u00a0? Soucieux de combattre ce pr\u00e9jug\u00e9, Gr\u00e9gory Magne signe une com\u00e9die chorale qui d\u00e9montre <a href=\"https:\/\/www.laprovence.com\/article\/region\/1308501787736415\/me-liberer-de-ce-que-je-trouve-pesant-dans-le-langage-a-aix-le-film-les-musiciens-mixe-cinema-et-melodie\" target=\"_blank\" rel=\"noopener\">\u00e0 quel point elle est accessible \u00e0 tous, sans effort.<\/a> Orchestr\u00e9e par Val\u00e9rie Donzelli et Fr\u00e9d\u00e9ric Pierrot, cette variation a le bon go\u00fbt de ne pas se servir de cet art comme un simple pr\u00e9texte pour faire rire, mais de transmettre une passion, tout en \u00e9vitant l\u2019aspect didactique. Concentr\u00e9 dans cette d\u00e9marche, le r\u00e9alisateur a tendance \u00e0 assurer le strict minimum dans sa r\u00e9alisation et dans le d\u00e9veloppement de ses personnages, qui s\u2019appuient sur des arch\u00e9types, sans arriver \u00e0 r\u00e9ellement exister. Amourettes pr\u00e9visibles, vieilles querelles qui refont surface, conflits de g\u00e9n\u00e9rations\u2026 Tout est l\u00e0, mais l\u2019ensemble manque de substance et de moments lyriques pour que le public soit concern\u00e9 par les histoires personnelles. Une petite fausse note rattrap\u00e9e lorsque le film s\u2019int\u00e9resse aux r\u00e9p\u00e9titions et montre un groupe au travail, avec des musiciens qui parviennent \u00e0 surmonter leurs diff\u00e9rences pour jouer en harmonie. Le choix de Gr\u00e9gory Magne de confier les r\u00f4les des membres du quatuor \u00e0 de v\u00e9ritables virtuoses participe \u00e0 l\u2019immersion dans ce monde, finalement peu repr\u00e9sent\u00e9 au cin\u00e9ma.<\/p>\n","protected":false},"excerpt":{"rendered":"L\u2019histoire Astrid Thompson (Val\u00e9rie Donzelli) parvient enfin \u00e0 r\u00e9aliser le r\u00eave de son p\u00e8re\u00a0: r\u00e9unir quatre Stradivarius pour&hellip;\n","protected":false},"author":2,"featured_media":84002,"comment_status":"","ping_status":"","sticky":false,"template":"","format":"standard","meta":{"footnotes":""},"categories":[1354],"tags":[17,650,3526,7257,251,58,59,2081,1346,1011,27,151,1360,9313,14455],"class_list":{"0":"post-84001","1":"post","2":"type-post","3":"status-publish","4":"format-standard","5":"has-post-thumbnail","7":"category-films","8":"tag-17","9":"tag-cinema","10":"tag-classique","11":"tag-critique","12":"tag-culture","13":"tag-divertissement","14":"tag-entertainment","15":"tag-film","16":"tag-films","17":"tag-fr","18":"tag-france","19":"tag-les","20":"tag-movies","21":"tag-musiciens","22":"tag-notre"},"share_on_mastodon":{"url":"https:\/\/pubeurope.com\/@fr\/114471312136023842","error":""},"_links":{"self":[{"href":"https:\/\/www.europesays.com\/fr\/wp-json\/wp\/v2\/posts\/84001","targetHints":{"allow":["GET"]}}],"collection":[{"href":"https:\/\/www.europesays.com\/fr\/wp-json\/wp\/v2\/posts"}],"about":[{"href":"https:\/\/www.europesays.com\/fr\/wp-json\/wp\/v2\/types\/post"}],"author":[{"embeddable":true,"href":"https:\/\/www.europesays.com\/fr\/wp-json\/wp\/v2\/users\/2"}],"replies":[{"embeddable":true,"href":"https:\/\/www.europesays.com\/fr\/wp-json\/wp\/v2\/comments?post=84001"}],"version-history":[{"count":0,"href":"https:\/\/www.europesays.com\/fr\/wp-json\/wp\/v2\/posts\/84001\/revisions"}],"wp:featuredmedia":[{"embeddable":true,"href":"https:\/\/www.europesays.com\/fr\/wp-json\/wp\/v2\/media\/84002"}],"wp:attachment":[{"href":"https:\/\/www.europesays.com\/fr\/wp-json\/wp\/v2\/media?parent=84001"}],"wp:term":[{"taxonomy":"category","embeddable":true,"href":"https:\/\/www.europesays.com\/fr\/wp-json\/wp\/v2\/categories?post=84001"},{"taxonomy":"post_tag","embeddable":true,"href":"https:\/\/www.europesays.com\/fr\/wp-json\/wp\/v2\/tags?post=84001"}],"curies":[{"name":"wp","href":"https:\/\/api.w.org\/{rel}","templated":true}]}}