{"id":84021,"date":"2025-05-08T08:49:11","date_gmt":"2025-05-08T08:49:11","guid":{"rendered":"https:\/\/www.europesays.com\/fr\/84021\/"},"modified":"2025-05-08T08:49:11","modified_gmt":"2025-05-08T08:49:11","slug":"nancy-le-nederlands-dans-theater-captive-le-public-de-lopera-avec-une-danse-dune-precision-saisissante","status":"publish","type":"post","link":"https:\/\/www.europesays.com\/fr\/84021\/","title":{"rendered":"Nancy. Le Nederlands Dans Theater captive le public de l\u2019Op\u00e9ra avec une danse d\u2019une pr\u00e9cision saisissante"},"content":{"rendered":"<p>Il fallait faire la queue pour entrer \u00e0 l\u2019op\u00e9ra de Nancy ce mercredi soir, \u00e0 l\u2019occasion d\u2019un programme de danse. Ce n\u2019est pas chose courante et cela montre toute la r\u00e9putation du Nederlands Dans Theater, une des plus grandes troupes mondiales de danse contemporaine. La troupe de d\u00e9veloppement, le NDT 2, \u00e9tait invit\u00e9e dans le cadre de la programmation du Ballet de Lorraine, une invitation lanc\u00e9e par la nouvelle directrice, Maud Le Pladec.<\/p>\n<p>Les deux pi\u00e8ces pr\u00e9sent\u00e9es ont beaucoup en commun\u00a0: une tr\u00e8s grande technicit\u00e9, bien s\u00fbr, dans le geste, une m\u00eame indiff\u00e9renciation des femmes et des hommes dans les costumes, une capacit\u00e9 \u00e0 danser \u00e0 l\u2019unisson ou \u00e0 mettre l\u2019individu \u00e0 l\u2019\u00e9cart, des lumi\u00e8res tr\u00e8s soign\u00e9es et identiquement s\u00e9pulcrales \u00e0 chaque fois.<\/p>\n<p>  Une inversion du programme<\/p>\n<p>Le choix avait \u00e9t\u00e9 fait de mettre en premier Watch Ur Mouth  (\u00ab\u00a0Fais attention \u00e0 ce que tu dis\u00a0\u00bb), de Botis Seva, une cr\u00e9ation de mars dernier, au d\u00e9triment de Folka , qui tourne d\u00e9j\u00e0 depuis plusieurs ann\u00e9es. Il n\u2019est pas s\u00fbr que la strat\u00e9gie soit la meilleure tant cette derni\u00e8re propose des images impressionnantes et d\u00e9montre tout le savoir-faire des danseurs du NDT 2.<\/p>\n<p>Botis Seva propose une dr\u00f4le de cr\u00e9ation sur le r\u00f4le de la critique, avec huit interpr\u00e8tes en \u00ab\u00a0uniformes\u00a0\u00bb. Sa gestuelle vient du hip-hop. La salle, comble, a appr\u00e9ci\u00e9 ce travail, parfois un peu lassant, un peu \u00ab\u00a0l\u00e9ger\u00a0\u00bb par rapport \u00e0 Folka.<\/p>\n<p>  Une ligne de t\u00eates<\/p>\n<p>La chor\u00e9graphie de Marcos Morau para\u00eet parfois surhumaine dans sa gestuelle, tant les quatorze danseurs ex\u00e9cutent les gestes \u00e0 grande vitesse. Le plus souvent \u00e0 genoux, ils laissent leurs mains, leurs t\u00eates, leurs torses se d\u00e9former en tous sens, tous ensemble. <\/p>\n<p>Il y a de la sorcellerie dans ce qui se cr\u00e9e sous nos yeux en moins d\u2019une demi-heure, comme ce groupe, serr\u00e9, uni, en mouvement, capable de laisser un danseur \u00e0 terre sans que l\u2019on comprenne comment il a pu s\u2019extraire. Comment ne pas \u00eatre stup\u00e9fait par cette ligne de t\u00eates pos\u00e9es sur les unes sur les autres, ou cet accouchement g\u00e9ant, corps glissant de l\u2019union des danseurs d\u2019une mani\u00e8re exquise et pr\u00e9cise\u00a0?<\/p>\n<p>Folka , sur un fond sonore de ch\u0153urs, de souffles des interpr\u00e8tes, vise \u00e0 nous emmener au fond de nos pens\u00e9es, de nos r\u00eaves, de nos mythes. \u00c0 elle seule, cette pi\u00e8ce vaut le voyage jusqu\u2019\u00e0 l\u2019op\u00e9ra voir ces danseurs d\u00e9j\u00e0 si prodigieux.<\/p>\n<p class=\"note\">Seconde et derni\u00e8re repr\u00e9sentation le 9\u00a0mai, \u00e0 20\u00a0h, op\u00e9ra national de Lorraine.<\/p>\n","protected":false},"excerpt":{"rendered":"Il fallait faire la queue pour entrer \u00e0 l\u2019op\u00e9ra de Nancy ce mercredi soir, \u00e0 l\u2019occasion d\u2019un programme&hellip;\n","protected":false},"author":2,"featured_media":84022,"comment_status":"","ping_status":"","sticky":false,"template":"","format":"standard","meta":{"footnotes":""},"categories":[9635],"tags":[1111,11,1687,1704,1777,674,1011,27,775,873,1702,1703,12,25],"class_list":{"0":"post-84021","1":"post","2":"type-post","3":"status-publish","4":"format-standard","5":"has-post-thumbnail","7":"category-nancy","8":"tag-actu","9":"tag-actualites","10":"tag-culture-loisirs","11":"tag-edition-nancy-et-agglomeration","12":"tag-eu","13":"tag-europe","14":"tag-fr","15":"tag-france","16":"tag-grand-est","17":"tag-musique","18":"tag-nancy","19":"tag-nancy-ville-54b","20":"tag-news","21":"tag-republique-francaise"},"share_on_mastodon":{"url":"https:\/\/pubeurope.com\/@fr\/114471355253814649","error":""},"_links":{"self":[{"href":"https:\/\/www.europesays.com\/fr\/wp-json\/wp\/v2\/posts\/84021","targetHints":{"allow":["GET"]}}],"collection":[{"href":"https:\/\/www.europesays.com\/fr\/wp-json\/wp\/v2\/posts"}],"about":[{"href":"https:\/\/www.europesays.com\/fr\/wp-json\/wp\/v2\/types\/post"}],"author":[{"embeddable":true,"href":"https:\/\/www.europesays.com\/fr\/wp-json\/wp\/v2\/users\/2"}],"replies":[{"embeddable":true,"href":"https:\/\/www.europesays.com\/fr\/wp-json\/wp\/v2\/comments?post=84021"}],"version-history":[{"count":0,"href":"https:\/\/www.europesays.com\/fr\/wp-json\/wp\/v2\/posts\/84021\/revisions"}],"wp:featuredmedia":[{"embeddable":true,"href":"https:\/\/www.europesays.com\/fr\/wp-json\/wp\/v2\/media\/84022"}],"wp:attachment":[{"href":"https:\/\/www.europesays.com\/fr\/wp-json\/wp\/v2\/media?parent=84021"}],"wp:term":[{"taxonomy":"category","embeddable":true,"href":"https:\/\/www.europesays.com\/fr\/wp-json\/wp\/v2\/categories?post=84021"},{"taxonomy":"post_tag","embeddable":true,"href":"https:\/\/www.europesays.com\/fr\/wp-json\/wp\/v2\/tags?post=84021"}],"curies":[{"name":"wp","href":"https:\/\/api.w.org\/{rel}","templated":true}]}}