{"id":84025,"date":"2025-05-08T08:51:09","date_gmt":"2025-05-08T08:51:09","guid":{"rendered":"https:\/\/www.europesays.com\/fr\/84025\/"},"modified":"2025-05-08T08:51:09","modified_gmt":"2025-05-08T08:51:09","slug":"a-ollioules-la-clinique-saint-martin-lance-ses-travaux-de-renovation","status":"publish","type":"post","link":"https:\/\/www.europesays.com\/fr\/84025\/","title":{"rendered":"A Ollioules, la clinique Saint-Martin lance ses travaux de r\u00e9novation"},"content":{"rendered":"<p>C\u2019est un acte symbolique, mais lourd de sens pour les patients et le personnel de la clinique Saint-Martin, \u00e0 Ollioules.<\/p>\n<p>Hier matin, la premi\u00e8re pierre du chantier de r\u00e9novation a \u00e9t\u00e9 pos\u00e9e, marquant le coup d\u2019envoi d\u2019un vaste programme de modernisation de l\u2019\u00e9tablissement.<\/p>\n<p>Propri\u00e9t\u00e9 du groupe Ramsay Sant\u00e9, la clinique f\u00eatera ses soixante ans en 2025. Pour l\u2019occasion, un ambitieux chantier a \u00e9t\u00e9 lanc\u00e9 en avril 2024. Il se d\u00e9roulera en deux phases sur une p\u00e9riode totale de trente mois: la premi\u00e8re, d\u2019une dur\u00e9e de quinze mois, portera sur l\u2019extension du site. La seconde concernera la r\u00e9novation compl\u00e8te du b\u00e2timent existant.<\/p>\n<p>\u00ab\u00a0Ce projet int\u00e8gre \u00e0 la fois la r\u00e9novation totale des locaux actuels et la cr\u00e9ation d\u2019une nouvelle extension qui permettra d\u2019ouvrir onze lits suppl\u00e9mentaires. L\u2019objectif est de r\u00e9pondre aux besoins de sant\u00e9 de la population dans les ann\u00e9es \u00e0 venir. \u00c0 son inauguration, la clinique atteindra une capacit\u00e9 totale de 120 lits et places, pr\u00e9cise Hortense Paquier, directrice de l\u2019\u00e9tablissement. Avec ce chantier, nous nous inscrivons dans la dur\u00e9e\u00a0\u00bb.<\/p>\n<p>Respect du site existant et confort accru<\/p>\n<p>Le projet architectural a \u00e9t\u00e9 confi\u00e9 au cabinet Galloni et associ\u00e9s, qui a mis un point d\u2019honneur \u00e0 pr\u00e9server l\u2019environnement naturel du site.<\/p>\n<p>\u00ab\u00a0Nous voulions garder l\u2019\u00e2me du paysage, tout en respectant les normes environnementales. L\u2019extension accueillera des chambres individuelles, toutes \u00e9quip\u00e9es de balcons et de sanitaires, pour un meilleur confort des patients\u00a0\u00bb, explique l\u2019architecte Brigitte Galloni (1).<\/p>\n<p>Le b\u00e2timent existant, quant \u00e0 lui, sera r\u00e9nov\u00e9 autour de patios qui offriront des espaces de convivialit\u00e9 suppl\u00e9mentaires pour les r\u00e9sidents et le personnel.<\/p>\n<p>Le chantier, estim\u00e9 \u00e0 20 millions d\u2019euros, devrait s\u2019achever \u00e0 la rentr\u00e9e 2027. Durant toute cette p\u00e9riode, la direction assure que l\u2019accueil des patients sera pleinement maintenu.<\/p>\n<p>1. Brigitte Galloni a travaill\u00e9 sur le projet aux c\u00f4t\u00e9s de Guillaume Geminard et Olivier Rouanet, architectes.<\/p>\n","protected":false},"excerpt":{"rendered":"C\u2019est un acte symbolique, mais lourd de sens pour les patients et le personnel de la clinique Saint-Martin,&hellip;\n","protected":false},"author":2,"featured_media":84026,"comment_status":"","ping_status":"","sticky":false,"template":"","format":"standard","meta":{"footnotes":""},"categories":[9619],"tags":[1111,11,1777,674,1011,27,12,882,25,2310,3366],"class_list":{"0":"post-84025","1":"post","2":"type-post","3":"status-publish","4":"format-standard","5":"has-post-thumbnail","7":"category-toulon","8":"tag-actu","9":"tag-actualites","10":"tag-eu","11":"tag-europe","12":"tag-fr","13":"tag-france","14":"tag-news","15":"tag-provence-alpes-cote-dazur","16":"tag-republique-francaise","17":"tag-toulon","18":"tag-vie-locale"},"share_on_mastodon":{"url":"https:\/\/pubeurope.com\/@fr\/114471363076681032","error":""},"_links":{"self":[{"href":"https:\/\/www.europesays.com\/fr\/wp-json\/wp\/v2\/posts\/84025","targetHints":{"allow":["GET"]}}],"collection":[{"href":"https:\/\/www.europesays.com\/fr\/wp-json\/wp\/v2\/posts"}],"about":[{"href":"https:\/\/www.europesays.com\/fr\/wp-json\/wp\/v2\/types\/post"}],"author":[{"embeddable":true,"href":"https:\/\/www.europesays.com\/fr\/wp-json\/wp\/v2\/users\/2"}],"replies":[{"embeddable":true,"href":"https:\/\/www.europesays.com\/fr\/wp-json\/wp\/v2\/comments?post=84025"}],"version-history":[{"count":0,"href":"https:\/\/www.europesays.com\/fr\/wp-json\/wp\/v2\/posts\/84025\/revisions"}],"wp:featuredmedia":[{"embeddable":true,"href":"https:\/\/www.europesays.com\/fr\/wp-json\/wp\/v2\/media\/84026"}],"wp:attachment":[{"href":"https:\/\/www.europesays.com\/fr\/wp-json\/wp\/v2\/media?parent=84025"}],"wp:term":[{"taxonomy":"category","embeddable":true,"href":"https:\/\/www.europesays.com\/fr\/wp-json\/wp\/v2\/categories?post=84025"},{"taxonomy":"post_tag","embeddable":true,"href":"https:\/\/www.europesays.com\/fr\/wp-json\/wp\/v2\/tags?post=84025"}],"curies":[{"name":"wp","href":"https:\/\/api.w.org\/{rel}","templated":true}]}}