{"id":84036,"date":"2025-05-08T09:02:10","date_gmt":"2025-05-08T09:02:10","guid":{"rendered":"https:\/\/www.europesays.com\/fr\/84036\/"},"modified":"2025-05-08T09:02:10","modified_gmt":"2025-05-08T09:02:10","slug":"ces-policiers-de-rennes-pedaleront-460-km-pour-aider-les-familles-frappees-par-un-feminicide","status":"publish","type":"post","link":"https:\/\/www.europesays.com\/fr\/84036\/","title":{"rendered":"Ces policiers de Rennes p\u00e9daleront 460\u00a0km pour aider les familles frapp\u00e9es par un f\u00e9minicide"},"content":{"rendered":"<p>\u00ab La nuit, nous recevons \u00e9norm\u00e9ment d\u2019appels de femmes victimes de violences conjugales, explique Julien un policier du commissariat de Rennes. C\u2019est devenu LE sujet central dans notre m\u00e9tier. En discutant avec la psychologue du commissariat, elle m\u2019a mis en contact avec la F\u00e9d\u00e9ration nationale des victimes de f\u00e9minicides. \u00bb<\/p>\n<p>Voil\u00e0 comment douze policiers du commissariat de Rennes ont eu l\u2019id\u00e9e d\u2019aider la FNVF. Pour cela, ils partiront des Sables d\u2019Olonne en Vend\u00e9e pour rejoindre Rennes \u00e0 v\u00e9lo en cinq jours. Un d\u00e9fi sportif gr\u00e2ce auquel ils esp\u00e8rent r\u00e9colter des fonds pour aider l\u2019association.<a href=\"https:\/\/www.leetchi.com\/fr\/c\/velodyssee2025-5839000?utm_source=native&amp;utm_medium=social_sharing\" target=\"_blank\" rel=\"nofollow noopener\"> Une cagnotte Leetchi a \u00e9t\u00e9 ouverte il y a un mois<\/a>. D\u00e9but mai, elle totalisait d\u00e9j\u00e0 pr\u00e8s de 1600 euros.<\/p>\n<p>Renforcer l\u2019esprit d\u2019\u00e9quipe<\/p>\n<p>Entre le 2 et le 6 juin, les policiers parcourront 460 km. Une camionnette les suivra avec leurs affaires. \u00ab Nous dormirons sous tente. Le v\u00e9lo et le camping am\u00e8nent beaucoup de camaraderie et d\u2019entraide. Cela cr\u00e9e aussi des liens entre coll\u00e8gues qui d\u2019ordinaire se c\u00f4toient peu. \u00bb Si tous appartiennent \u00e0 des unit\u00e9s diff\u00e9rentes telles que : la brigade anti criminalit\u00e9, la brigade jour, mais aussi des enqu\u00eateurs, ou la brigade nuit, le groupe de d\u00e9part travaille majoritairement la nuit. En 2022, certains d\u2019entre eux avaient d\u00e9j\u00e0 particip\u00e9 \u00e0 un rallye entre Brest et Rennes. Depuis, au gr\u00e9 des changements de poste, certains ont \u00e9t\u00e9 amen\u00e9s \u00e0 travailler le jour.<\/p>\n<p>Le jour de l\u2019arriv\u00e9e, vendredi 6 juin, la pr\u00e9sidente de la F\u00e9d\u00e9ration nationale des victimes de f\u00e9minicides parcourra les 15 derniers kilom\u00e8tres \u00e0 v\u00e9lo avec le groupe. Ensemble, ils rejoindront le commissariat o\u00f9 un ch\u00e8que du montant r\u00e9colt\u00e9 lui sera remis.<\/p>\n<p>\u00ab Les fonds nous serviront \u00e0 accompagner les familles qui sont confront\u00e9es \u00e0 des f\u00e9minicides, explique Sylviane Gr\u00e9vin, pr\u00e9sidente de la F\u00e9d\u00e9ration nationale des victimes de f\u00e9minicides. Nous avons par exemple achet\u00e9 des v\u00eatements \u00e0 des orphelins, lou\u00e9 quelques jours un appartement pour qu\u2019une tante puisse retrouver ses neveux et ni\u00e8ces qui venaient de perdre leur m\u00e8re. En 2023, nous avons \u00e9dit\u00e9<a href=\"https:\/\/www.fnvf.org\/\" target=\"_blank\" rel=\"nofollow noopener\"> un guide<\/a> soutenu par l\u2019Etat et distribu\u00e9 aux proches. Apr\u00e8s un f\u00e9minicide, les familles des victimes sont extr\u00eamement d\u00e9munies et isol\u00e9es. Nous leur donnons des pistes pour qu\u2019elles sachent comment faire : actions en justice suite au d\u00e9c\u00e8s, autopsie du corps, acc\u00e8s\ufeff au domicile de leur m\u00e8re\u2026 De nombreuses questions se posent. Chaque ann\u00e9e, en France, une centaine de femmes d\u00e9c\u00e8dent sous les coups de leur compagnon. \u00bb<\/p>\n<p class=\"note\">V\u00e9l\u2019Odyss\u00e9e sur Instagram et Facebook : velodyss\u00e9e2025.<\/p>\n","protected":false},"excerpt":{"rendered":"\u00ab La nuit, nous recevons \u00e9norm\u00e9ment d\u2019appels de femmes victimes de violences conjugales, explique Julien un policier du&hellip;\n","protected":false},"author":2,"featured_media":84037,"comment_status":"","ping_status":"","sticky":false,"template":"","format":"standard","meta":{"footnotes":""},"categories":[2821],"tags":[1111,11,829,765,1777,674,3383,1011,27,12,584,25],"class_list":{"0":"post-84036","1":"post","2":"type-post","3":"status-publish","4":"format-standard","5":"has-post-thumbnail","7":"category-rennes","8":"tag-actu","9":"tag-actualites","10":"tag-bretagne","11":"tag-en-continu","12":"tag-eu","13":"tag-europe","14":"tag-faits-divers-a-rennes","15":"tag-fr","16":"tag-france","17":"tag-news","18":"tag-rennes","19":"tag-republique-francaise"},"share_on_mastodon":{"url":"https:\/\/pubeurope.com\/@fr\/114471406368967636","error":""},"_links":{"self":[{"href":"https:\/\/www.europesays.com\/fr\/wp-json\/wp\/v2\/posts\/84036","targetHints":{"allow":["GET"]}}],"collection":[{"href":"https:\/\/www.europesays.com\/fr\/wp-json\/wp\/v2\/posts"}],"about":[{"href":"https:\/\/www.europesays.com\/fr\/wp-json\/wp\/v2\/types\/post"}],"author":[{"embeddable":true,"href":"https:\/\/www.europesays.com\/fr\/wp-json\/wp\/v2\/users\/2"}],"replies":[{"embeddable":true,"href":"https:\/\/www.europesays.com\/fr\/wp-json\/wp\/v2\/comments?post=84036"}],"version-history":[{"count":0,"href":"https:\/\/www.europesays.com\/fr\/wp-json\/wp\/v2\/posts\/84036\/revisions"}],"wp:featuredmedia":[{"embeddable":true,"href":"https:\/\/www.europesays.com\/fr\/wp-json\/wp\/v2\/media\/84037"}],"wp:attachment":[{"href":"https:\/\/www.europesays.com\/fr\/wp-json\/wp\/v2\/media?parent=84036"}],"wp:term":[{"taxonomy":"category","embeddable":true,"href":"https:\/\/www.europesays.com\/fr\/wp-json\/wp\/v2\/categories?post=84036"},{"taxonomy":"post_tag","embeddable":true,"href":"https:\/\/www.europesays.com\/fr\/wp-json\/wp\/v2\/tags?post=84036"}],"curies":[{"name":"wp","href":"https:\/\/api.w.org\/{rel}","templated":true}]}}