{"id":84038,"date":"2025-05-08T09:03:22","date_gmt":"2025-05-08T09:03:22","guid":{"rendered":"https:\/\/www.europesays.com\/fr\/84038\/"},"modified":"2025-05-08T09:03:22","modified_gmt":"2025-05-08T09:03:22","slug":"apres-des-debuts-chaotiques-le-reme-fonctionne-enfin","status":"publish","type":"post","link":"https:\/\/www.europesays.com\/fr\/84038\/","title":{"rendered":"apr\u00e8s des d\u00e9buts chaotiques, le Reme \u00ab\u00a0fonctionne enfin\u00a0\u00bb"},"content":{"rendered":"<p>\u00ab\u00a0Enfin, \u00e7a fonctionne\u00a0\u00bb, se r\u00e9jouit Alain Jund devant les chiffres 2024 de fr\u00e9quentation des trains du Reme, le r\u00e9seau express m\u00e9tropolitain europ\u00e9en. Ce qui \u00ab\u00a0fonctionne\u00a0\u00bb, c\u2019est d\u2019assurer 700 trains suppl\u00e9mentaires par semaine sur l\u2019\u00e9toile ferroviaire qui part de Strasbourg. Non seulement avec une amplitude horaire et un cadencement int\u00e9ressants, mais en tenant la promesse chaque jour.<\/p>\n<p>Le soulagement, dans les propos de l\u2019\u00e9lu, c\u2019est celui d\u2019une am\u00e9lioration notable du service apr\u00e8s des <a href=\"https:\/\/www.dna.fr\/economie\/2023\/01\/12\/reme-region-et-ems-mettent-la-sncf-en-demeure\" target=\"_blank\" rel=\"nofollow noopener\">d\u00e9buts chaotiques<\/a> fin 2022 sur une promesse d\u2019un \u00ab\u00a0+\u00a0800 trains par semaine\u00a0\u00bb avec de nombreuses d\u00e9faillances&#8230;.<\/p>\n","protected":false},"excerpt":{"rendered":"\u00ab\u00a0Enfin, \u00e7a fonctionne\u00a0\u00bb, se r\u00e9jouit Alain Jund devant les chiffres 2024 de fr\u00e9quentation des trains du Reme, le&hellip;\n","protected":false},"author":2,"featured_media":84039,"comment_status":"","ping_status":"","sticky":false,"template":"","format":"standard","meta":{"footnotes":""},"categories":[2820],"tags":[1111,11,2389,33,2880,1777,674,107,1011,27,775,12,25,640,2879,800],"class_list":{"0":"post-84038","1":"post","2":"type-post","3":"status-publish","4":"format-standard","5":"has-post-thumbnail","7":"category-strasbourg","8":"tag-actu","9":"tag-actualites","10":"tag-alsace","11":"tag-economie","12":"tag-edition-strasbourg","13":"tag-eu","14":"tag-europe","15":"tag-fil-info","16":"tag-fr","17":"tag-france","18":"tag-grand-est","19":"tag-news","20":"tag-republique-francaise","21":"tag-strasbourg","22":"tag-strasbourg-ville","23":"tag-transports"},"share_on_mastodon":{"url":"https:\/\/pubeurope.com\/@fr\/114471410277378032","error":""},"_links":{"self":[{"href":"https:\/\/www.europesays.com\/fr\/wp-json\/wp\/v2\/posts\/84038","targetHints":{"allow":["GET"]}}],"collection":[{"href":"https:\/\/www.europesays.com\/fr\/wp-json\/wp\/v2\/posts"}],"about":[{"href":"https:\/\/www.europesays.com\/fr\/wp-json\/wp\/v2\/types\/post"}],"author":[{"embeddable":true,"href":"https:\/\/www.europesays.com\/fr\/wp-json\/wp\/v2\/users\/2"}],"replies":[{"embeddable":true,"href":"https:\/\/www.europesays.com\/fr\/wp-json\/wp\/v2\/comments?post=84038"}],"version-history":[{"count":0,"href":"https:\/\/www.europesays.com\/fr\/wp-json\/wp\/v2\/posts\/84038\/revisions"}],"wp:featuredmedia":[{"embeddable":true,"href":"https:\/\/www.europesays.com\/fr\/wp-json\/wp\/v2\/media\/84039"}],"wp:attachment":[{"href":"https:\/\/www.europesays.com\/fr\/wp-json\/wp\/v2\/media?parent=84038"}],"wp:term":[{"taxonomy":"category","embeddable":true,"href":"https:\/\/www.europesays.com\/fr\/wp-json\/wp\/v2\/categories?post=84038"},{"taxonomy":"post_tag","embeddable":true,"href":"https:\/\/www.europesays.com\/fr\/wp-json\/wp\/v2\/tags?post=84038"}],"curies":[{"name":"wp","href":"https:\/\/api.w.org\/{rel}","templated":true}]}}