{"id":84042,"date":"2025-05-08T09:05:08","date_gmt":"2025-05-08T09:05:08","guid":{"rendered":"https:\/\/www.europesays.com\/fr\/84042\/"},"modified":"2025-05-08T09:05:08","modified_gmt":"2025-05-08T09:05:08","slug":"pres-de-nice-cette-celebre-marque-ouvre-une-boutique-en-plein-centre-ville","status":"publish","type":"post","link":"https:\/\/www.europesays.com\/fr\/84042\/","title":{"rendered":"Pr\u00e8s de Nice. Cette c\u00e9l\u00e8bre marque ouvre une boutique en plein centre-ville"},"content":{"rendered":"<p>            Par<br \/>\n        <strong><br \/>\n            <a href=\"https:\/\/actu.fr\/auteur\/ugo-maillard\" title=\"Consulter tous les articles de Ugo Maillard\" rel=\"nofollow noopener\" target=\"_blank\">Ugo Maillard<\/a><br \/>\n        <\/strong><\/p>\n<p>        Publi\u00e9 le<\/p>\n<p>            8 mai 2025 \u00e0 10h06        <\/p>\n<p>Une arriv\u00e9e remarqu\u00e9e dans les rues de <a href=\"https:\/\/actu.fr\/provence-alpes-cote-d-azur\/cannes_06029\" rel=\"nofollow noopener\" target=\"_blank\">Cannes<\/a> (Alpes-Maritimes). La marque de sous-v\u00eatements et de maillots de bain <strong>Undiz<\/strong> a ouvert un nouveau point de vente le mardi 6\u00a0mai 2025.<\/p>\n<p class=\" wall-content\">Cette boutique situ\u00e9e au 53 rue d\u2019Antibes sera accessible aux clients de l\u2019enseigne <strong>jusqu\u2019au 23\u00a0juin<\/strong>, a appris<a href=\"https:\/\/actu.fr\/nice\/\" rel=\"nofollow noopener\" target=\"_blank\"> actu Nice<\/a> aupr\u00e8s d\u2019Undiz.<\/p>\n<p>    <a href=\"https:\/\/www.google.com\/maps\/embed?pb=!1m18!1m12!1m3!1d6306.477765618867!2d7.019441447464866!3d43.55377980421528!2m3!1f0!2f0!3f0!3m2!1i1024!2i768!4f13.1!3m3!1m2!1s0x12ce8193c7d9327b%3A0xc6e8a45d009d4442!2s53%20Rue%20d%27Antibes%2C%2006400%20Cannes!5e0!3m2!1sfr!2sfr!4v1746631395197!5m2!1sfr!2sfr\" title=\"Ouvrie le lien\" rel=\"nofollow noopener\" target=\"_blank\">Cliquez ici pour visualiser le contenu<\/a><\/p>\n<p class=\" wall-content\">Le pop-up store annonce de nombreuses surprises \u00e0 ses clients.<\/p>\n<p>Des cadeaux pour les clients<\/p>\n<p class=\" wall-content\">Le point de vente, tout en jaune, en r\u00e9f\u00e9rence \u00e0 la couleur de la <strong>collection \u00e9t\u00e9 2025<\/strong>, est d\u2019ores est d\u00e9j\u00e0 ouvert \u00e0 Cannes.<\/p>\n<p>Vid\u00e9os : en ce moment sur Actu<\/p>\n<p class=\" wall-content\"><a href=\"https:\/\/www.instagram.com\/p\/DJWO6lbNoQy\/embed\" title=\"Ouvrir le lien sur Instagram\" rel=\"nofollow noopener\" target=\"_blank\">Visualiser le contenu sur Instagram<\/a><\/p>\n<p class=\" wall-content\">Undiz pr\u00e9voit un programme haut en couleur\u2009:<\/p>\n<ul class=\" wall-content\">\n<li>Du 13 au 22\u00a0mai\u2009: pour 50\u20ac d\u2019achat, une serviette de plage offerte<\/li>\n<li>Les 23,24 et 25\u00a0mai\u2009: pour 40\u20ac d\u2019achat, un bracelet offert<\/li>\n<li>Les 6, 7 et 8\u00a0juin\u2009: d\u00e9gustez gratuitement les boissons Loven, le clean soda naturel frais et color\u00e9<\/li>\n<\/ul>\n<p class=\" wall-content\">\u00c0 noter que toutes les nouvelles collections de la marque seront disponibles dans la boutique cannoise.<\/p>\n<p class=\" wall-content\">Suivez toute l\u2019actualit\u00e9 de vos villes et m\u00e9dias favoris en vous inscrivant \u00e0 <a href=\"https:\/\/moncompte.actu.fr\" title=\"D\u00e9couvez Mon Actu\" rel=\"nofollow noopener\" data-trk=\"{&quot;cta&quot;:{&quot;action&quot;:&quot;https:\\\/\\\/moncompte.actu.fr&quot;,&quot;category&quot;:&quot;mon compte&quot;,&quot;from&quot;:&quot;article footer&quot;,&quot;name&quot;:&quot;Mon actu&quot;,&quot;type&quot;:&quot;cta&quot;}}\" target=\"_blank\">Mon Actu<\/a>.<\/p>\n<p>                    <script async src=\"\/\/www.instagram.com\/embed.js\"><\/script><\/p>\n","protected":false},"excerpt":{"rendered":"Par Ugo Maillard Publi\u00e9 le 8 mai 2025 \u00e0 10h06 Une arriv\u00e9e remarqu\u00e9e dans les rues de Cannes&hellip;\n","protected":false},"author":2,"featured_media":84043,"comment_status":"","ping_status":"","sticky":false,"template":"","format":"standard","meta":{"footnotes":""},"categories":[2819],"tags":[1111,11,215,1777,674,1011,27,1305,12,2401,882,25],"class_list":{"0":"post-84042","1":"post","2":"type-post","3":"status-publish","4":"format-standard","5":"has-post-thumbnail","7":"category-nice","8":"tag-actu","9":"tag-actualites","10":"tag-commerce","11":"tag-eu","12":"tag-europe","13":"tag-fr","14":"tag-france","15":"tag-lifestyle","16":"tag-news","17":"tag-nice","18":"tag-provence-alpes-cote-dazur","19":"tag-republique-francaise"},"share_on_mastodon":{"url":"https:\/\/pubeurope.com\/@fr\/114471418481878970","error":""},"_links":{"self":[{"href":"https:\/\/www.europesays.com\/fr\/wp-json\/wp\/v2\/posts\/84042","targetHints":{"allow":["GET"]}}],"collection":[{"href":"https:\/\/www.europesays.com\/fr\/wp-json\/wp\/v2\/posts"}],"about":[{"href":"https:\/\/www.europesays.com\/fr\/wp-json\/wp\/v2\/types\/post"}],"author":[{"embeddable":true,"href":"https:\/\/www.europesays.com\/fr\/wp-json\/wp\/v2\/users\/2"}],"replies":[{"embeddable":true,"href":"https:\/\/www.europesays.com\/fr\/wp-json\/wp\/v2\/comments?post=84042"}],"version-history":[{"count":0,"href":"https:\/\/www.europesays.com\/fr\/wp-json\/wp\/v2\/posts\/84042\/revisions"}],"wp:featuredmedia":[{"embeddable":true,"href":"https:\/\/www.europesays.com\/fr\/wp-json\/wp\/v2\/media\/84043"}],"wp:attachment":[{"href":"https:\/\/www.europesays.com\/fr\/wp-json\/wp\/v2\/media?parent=84042"}],"wp:term":[{"taxonomy":"category","embeddable":true,"href":"https:\/\/www.europesays.com\/fr\/wp-json\/wp\/v2\/categories?post=84042"},{"taxonomy":"post_tag","embeddable":true,"href":"https:\/\/www.europesays.com\/fr\/wp-json\/wp\/v2\/tags?post=84042"}],"curies":[{"name":"wp","href":"https:\/\/api.w.org\/{rel}","templated":true}]}}