{"id":84046,"date":"2025-05-08T09:08:09","date_gmt":"2025-05-08T09:08:09","guid":{"rendered":"https:\/\/www.europesays.com\/fr\/84046\/"},"modified":"2025-05-08T09:08:09","modified_gmt":"2025-05-08T09:08:09","slug":"que-faire-a-nantes-ce-week-end-du-8-au-11-mai-2025-big-city-nantes","status":"publish","type":"post","link":"https:\/\/www.europesays.com\/fr\/84046\/","title":{"rendered":"Que faire \u00e0 Nantes ce week-end du 8 au 11 mai 2025 ? \u2013 Big City Nantes"},"content":{"rendered":"<p>Encore un <strong>week-end de pont<\/strong> ! Respire le grand air, profite du soleil et d\u00e9tends toi \u00e0 <strong>Nantes<\/strong> car jeudi, c\u2019est jour f\u00e9ri\u00e9 pour (quasi) tout le monde ! Les chanceux auront m\u00eame un graand <strong>week-end de 4 jours<\/strong> du<strong> 8 au 11 mai 2025<\/strong>. L\u2019occasion r\u00eav\u00e9e pour profiter de toutes les sorties et soir\u00e9es \u00e0 faire \u00e0 Nantes et aux alentours. Mais comment s\u2019y retrouver dans tout ce qu\u2019il y a \u00e0 faire ? <strong>Big City <\/strong>est l\u00e0 pour t\u2019aider \u00e0 organiser ton grand week-end \u00e0 Nantes !\u00a0<strong>On ne te fait pas plus attendre, c\u2019est juste en dessous !<\/strong><\/p>\n<p>Que Faire \u00e0 Nantes ce week-end : le programme des sorties du jeudi 8 au dimanche 11 mai 2025<\/p>\n<p>C\u2019est encore un beau<strong> week-end<\/strong> qui t\u2019attend \u00e0 <strong>Nantes <\/strong>! Ce week-end festif du <strong>8 au 11 mai 2025 <\/strong>commence avec les animations pr\u00e9vues par <a href=\"https:\/\/www.facebook.com\/events\/1988391281663867\" target=\"_blank\" rel=\"noreferrer noopener\">Hip Opsession<\/a> qui vont te faire bouger pendant 4 jours non stop ! C\u00f4t\u00e9 <strong>d\u00e9gustation<\/strong>, ne loupe surtout pas le Grand Opening du <a href=\"https:\/\/www.facebook.com\/events\/1667242747490058\/\" target=\"_blank\" rel=\"noreferrer noopener\">Ch\u00e2teau de la Fr\u00e9moire<\/a> ! Pour les <strong>plus f\u00eatards<\/strong>, viens danser \u00e0 la Chaumi\u00e8re pour le <a href=\"https:\/\/www.facebook.com\/events\/1789824571800138\" target=\"_blank\" rel=\"noopener\">Festival Solidarity Between People<\/a>\u2026 Et si tu es un <strong>cr\u00e9atif et artiste<\/strong> dans l\u2019\u00e2me, on t\u2019attend \u00e0 l\u2019<a href=\"https:\/\/www.facebook.com\/events\/1078322404059238\" target=\"_blank\" rel=\"noreferrer noopener\">Atelier de Peinture sur C\u00e9ramique<\/a> ! Pour continuer dans ce week-end de f\u00eate, tu pourras te rendre au<a href=\"https:\/\/www.facebook.com\/events\/1778032586124461\/?acontext=%7B%22event_action_history%22%3A[%7B%22surface%22%3A%22home%22%7D%2C%7B%22mechanism%22%3A%22attachment%22%2C%22surface%22%3A%22newsfeed%22%7D]%2C%22ref_notif_type%22%3Anull%7D\" target=\"_blank\" rel=\"noreferrer noopener\"> Bibou<\/a> pour le Pont du Bibou ! Bref, on t\u2019avait pr\u00e9venu, tu as de quoi faire \u00e0 Nantes \ud83d\ude09<\/p>\n<p>Et \u00e7a, c\u2019est qu\u2019un aper\u00e7u\u2026\u00a0<strong>Regarde la liste ci-dessous<\/strong>\u00a0pour ne rien manquer, et surtout,\u00a0on te souhaite un <strong>bon week-end \u00e0 Nantes<\/strong>\u00a0\u2764\ufe0f<\/p>\n<p>  Jeudi   3 jours de pont chez BIBOU  <strong>BIBOU<\/strong> t&rsquo;accueille ce week-end pour 3 jours festifs ! Le<strong> mercredi 7 mai<\/strong>, le <strong>collectif NCR<\/strong> se produit une seconde fois au BIBOU dans le cadre d&rsquo;un \u00e9v\u00e8nement <strong>Hip Opsession<\/strong>, puis le jeudi 8 mai, c&rsquo;est le <strong>BIBOU&rsquo;Q<\/strong> avec une carte de tapas in\u00e9dites, et enfin <strong>Biboudredi le vendredi 9 mai<\/strong> avec le Soundset de <strong>Do You Dance<\/strong> ! Alors, tu viens au BIBOU ?\ud83d\ude0e<\/p>\n<p> <strong>O\u00f9<\/strong>Bibou<br \/><strong>Quand<\/strong>aujourd\u2019hui<br \/><strong>Horaires<\/strong>De 18h00 \u00e0 01h30<br \/><strong>Tarif<\/strong>Gratuit <\/p>\n<p>  33 heures de danse \u00e0 Macadam  Entre lives et DJ sets, <strong>DIVA <\/strong>t&rsquo;invite \u00e0 replonger dans son carrousel vibrant, partag\u00e9 entre<strong> Macadam et OHM Town<\/strong>, avec aux platines : Sam Alfred, BELLA, Bae Blade, ETNA, Combe, GTX, et Matilda. Une fresque embo\u00eet\u00e9e o\u00f9 les rythmes se m\u00ealent et les coeurs battent \u00e0 l\u2019unisson, pendant<strong> 33 heures<\/strong> en continu, du <strong>7 au 9 mai<\/strong>. Alors, tu viens danser ?<\/p>\n<p> <strong>O\u00f9<\/strong>Macadam<br \/><strong>Quand<\/strong>aujourd\u2019hui<br \/><strong>Horaires<\/strong>De 00h30 \u00e0 03h30<br \/><strong>Tarif<\/strong>Payant<\/p>\n<p>  Barbecue du Jeudi \u00e0 la Cambuse  Les <strong>barbecues du jeudi <\/strong>sont de retour depuis le <strong>1er mai<\/strong> \u00e0 la Cambuse ! <strong>Rever sevre <\/strong>met \u00e0 disposition un barbecue allum\u00e9 que les b\u00e9n\u00e9voles entretiennent jusqu&rsquo;\u00e0 21h. Tu rapportes ce qui te pla\u00eet \u00e0 faire griller, et tu d\u00e9gustes ton repas autour d&rsquo;un petit verre \u00e0 la <strong>Cambuse<\/strong> \ud83d\ude09<\/p>\n<p> <strong>O\u00f9<\/strong>Berge Sellier Goudy, 44200 Nantes, France<br \/><strong>Quand<\/strong>aujourd\u2019hui<br \/><strong>Horaires<\/strong>De 19h00 \u00e0 22h00<br \/><strong>Tarif<\/strong>Gratuit <\/p>\n<p>  Jeudi, Vendredi, Samedi et  Dimanche   Festival Handiclap 2025 : concerts, spectacles, expo  Le <strong>Festival Handiclap<\/strong> revient \u00e0 Nantes pour sa 38e \u00e9dition, du <strong data-start=\"63\" data-end=\"83\">8 au 11 mai 2025 !<\/strong>\u00a0Organis\u00e9 par l\u2019<strong data-start=\"15\" data-end=\"27\">APAJH 44<\/strong>, ce festival unique en son genre c\u00e9l\u00e8bre la diversit\u00e9, l\u2019inclusion et la cr\u00e9ativit\u00e9, en mettant \u00e0 l\u2019honneur des artistes en situation de handicap ou engag\u00e9s dans des d\u00e9marches inclusives. Au programme : spectacles immersifs, concerts, performances musicales&#8230; pendant tout le week-end !<\/p>\n<p> <strong>O\u00f9<\/strong>Machines de l\u2019\u00eele<br \/><strong>Quand<\/strong>aujourd\u2019hui<br \/><strong>Tarif<\/strong>Payant<\/p>\n<p>  Dernier week-end : Expo photo \u00ab Une fleur entre les pierres \u00bb  Viens d\u00e9couvrir l&rsquo;expo photographique <strong>\u00ab Une fleur entre les pierres \u00bb<\/strong> d\u2019Aliz\u00e9e Gau \u00e0 Cosmopolis <strong>jusqu\u2019au 11 mai<\/strong>. Elle t\u2019embarque au Rwanda, en Bosnie et en Arm\u00e9nie, l\u00e0 o\u00f9 l\u2019art et la m\u00e9moire s\u2019entrelacent pour panser les blessures.<\/p>\n<p> <strong>O\u00f9<\/strong>Espace Cosmopolis<br \/><strong>Quand<\/strong>aujourd\u2019hui<br \/><strong>Tarif<\/strong>Gratuit <\/p>\n<p>  Vendredi   MAUVE TOWN avec Arab House Collective  De retour \u00e0 Ohm Town, <strong>MAUVE<\/strong> te d\u00e9voile une facette solaire de son identit\u00e9 le 9 mai \u2600\ufe0f Pour l\u2019occasion, c&rsquo;est<strong> Monokultur<\/strong> tout droit venu de Berlin, cet habitu\u00e9 du Sisyphos qui se chargera d\u2019inonder le dancefloor avec sa selecta House, suivi de <strong>Gaya<\/strong> pour te faire taper du pied comme jamais !<\/p>\n<p> <strong>O\u00f9<\/strong>OHM Town<br \/><strong>Quand<\/strong>demain<br \/><strong>Horaires<\/strong>De 22h00 \u00e0 03h00<br \/><strong>Tarif<\/strong>Prix libre<\/p>\n<p>  Face 2 Face au Warehouse  <strong>FACE 2 FACE<\/strong> d\u00e9barque au <strong>Warehouse le vendredi 9 mai 2025<\/strong> pour une premi\u00e8re qui vaut le d\u00e9tour ! <strong>Adrian Mills<\/strong> affrontera <strong>Franck<\/strong>, les allemands <strong>Kuko<\/strong> et <strong>Per Pleks<\/strong> se mesureront lors d&rsquo;un duel acharn\u00e9. <strong>Serafina<\/strong> et <strong>Fumi<\/strong> se d\u00e9fieront haut et fort \u00e0 coups de gros BPM, et enfin, <strong>Miza<\/strong> et <strong>B\u00eatises<\/strong> habitu\u00e9es \u00e0 jouer ensemble se retrouveront cette fois-ci en F2F pour repr\u00e9senter la sc\u00e8ne locale. Alors, t&rsquo;es quelle team ?<\/p>\n<p> <strong>O\u00f9<\/strong>21 Quai des Antilles, 44200 Nantes, France<br \/><strong>Quand<\/strong>demain<br \/><strong>Horaires<\/strong>De 23h59 \u00e0 06h30<br \/><strong>Tarif<\/strong>Payant<\/p>\n<p>  Samedi   Saison France Br\u00e9sil au Pannonica  <strong>Pannonica<\/strong> a imagin\u00e9 dans le cadre de la saison crois\u00e9e <strong>France &#8211; Br\u00e9sil 2025<\/strong>\u00a0la cr\u00e9ation d\u2019un quartet et plus largement une programmation \u00e0 la th\u00e9matique br\u00e9silienne, pour le <strong>samedi 10 mai<\/strong>. Au programme : des concerts de jazz s&rsquo;inspirant des rythmes et vibrations de <strong>Recife<\/strong>, \u00e0 la rencontre de <strong>m\u00e9lodies nantaises<\/strong>. Alors, tu viens voyager ?<\/p>\n<p> <strong>O\u00f9<\/strong>9 rue basse-porte, 44000 Nantes, France<br \/><strong>Quand<\/strong>apr\u00e8s-demain<br \/><strong>Horaires<\/strong>De 20h30 \u00e0 23h30<br \/><strong>Tarif<\/strong>Payant<\/p>\n<p>  Journ\u00e9e nationale des m\u00e9moires de la traite, de l\u2019esclavage et de leurs abolitions  Le <strong>samedi 10 mai<\/strong>, c&rsquo;est la journ\u00e9e nationale des m\u00e9moires de la traite, de l\u2019esclavage et de leurs abolitions. <strong>D\u00e8s 17h<\/strong>, profite de la grande c\u00e9r\u00e9monie organis\u00e9e \u00e0 cette occasion avec tambours, minute de silence, jet de fleurs en Loire, discours, danse et concerts&#8230;<\/p>\n<p> <strong>O\u00f9<\/strong>Centre-ville de Nantes<br \/><strong>Quand<\/strong>apr\u00e8s-demain<br \/><strong>Horaires<\/strong>De 17h00 \u00e0 19h00<br \/><strong>Tarif<\/strong>Gratuit <\/p>\n<p>  Soir\u00e9e latine au ZAW  Ce samedi, la gare de Nantes passe en mode salsa pour la premi\u00e8re fois gr\u00e2ce au ZAW ! Au programme : une initiation gratuite de 19h30 \u00e0 20h, suivie oar un cours by Carlito Zuma (5\u20ac) jusqu&rsquo;\u00e0 21h&#8230; Et tout le monde est le bienvenue pour le reste de la soir\u00e9e et danser en mode latino jusqu&rsquo;\u00e0 minuit \ud83d\ude09<\/p>\n<p> <strong>O\u00f9<\/strong>ZAW Nantes<br \/><strong>Quand<\/strong>8 f\u00e9vrier 2025<br \/><strong>Horaires<\/strong>De 19h30 \u00e0 23h59<br \/><strong>Tarif<\/strong>Gratuit <\/p>\n<p>  March\u00e9 de la c\u00e9ramique \u00e0 Nantes  L&rsquo;association<strong> Abricadabroc <\/strong>organise sa <strong>3\u00e8me \u00e9dition du March\u00e9 de la C\u00e9ramique<\/strong> \u00e0 Nantes le samedi <strong>10 mai 2025<\/strong> ! <strong>20 cr\u00e9ateurs<\/strong> seront pr\u00e9sents, avec des cr\u00e9ations pour tous les go\u00fbts ! Amateur de c\u00e9ramique, on t&rsquo;attend !<\/p>\n<p> <strong>O\u00f9<\/strong>Place de la Bourse, 44000 Nantes, France<br \/><strong>Quand<\/strong>apr\u00e8s-demain<br \/><strong>Horaires<\/strong>De 10h00 \u00e0 13h00<br \/><strong>Tarif<\/strong>Gratuit <\/p>\n<p>  Atelier de Peinture sur C\u00e9ramique \u00e0 Nantes  Le chapiteau de la <strong>guinguette Les Nantais<\/strong> t&rsquo;accueille pour un atelier de peinture sur c\u00e9ramique le samedi <strong>10 mai 2025<\/strong> ! Le mat\u00e9riel est fourni et c&rsquo;est <strong>Gwen des C\u00e9ramiques Nantaises<\/strong> qui va te guider tout le long tu processus ! Alors, tu va peindre quoi ?\ud83c\udfa8<\/p>\n<p> <strong>O\u00f9<\/strong>2 bis rue du Souvenir Fran\u00e7ais, 44800 Saint-Herblain, France<br \/><strong>Quand<\/strong>apr\u00e8s-demain<br \/><strong>Horaires<\/strong>De 13h00 \u00e0 17h30<br \/><strong>Tarif<\/strong>Payant<\/p>\n<p>  Nuage Disco Club par Alan.D  <strong>Nuage Disco Club<\/strong>, c&rsquo;est le nouvel \u00e9v\u00e9nement Disco, Funk &amp; House \u00e0 la <strong>Station Nuage<\/strong> ! Viens retrouver <strong>Alan.D<\/strong> pour un m\u00e9lange groovy de nouveaut\u00e9s et de classiques intemporels \ud83c\udfb5<\/p>\n<p> <strong>O\u00f9<\/strong>Parc de l\u2019\u00eele Forget, Boulevard des Pas Enchant\u00e9s , 44230 Saint-S\u00e9bastien-sur-Loire, France<br \/><strong>Quand<\/strong>apr\u00e8s-demain<br \/><strong>Horaires<\/strong>De 18h00 \u00e0 23h00<br \/><strong>Tarif<\/strong>Gratuit <\/p>\n<p>  Samedi et  Dimanche   Installation immersive au Mus\u00e9e d\u2019Arts de Nantes  Dunking Island de<strong> Capucine Vever<\/strong>, c&rsquo;est une installation immersive au sein de laquelle le spectateur est invit\u00e9 \u00e0 d\u00e9ambuler, et qui prend place \u00e0 la <strong>Chapelle de l&rsquo;Oratoire le 10 mai<\/strong>. \u00c0 d\u00e9couvrir pour les plus curieux !<\/p>\n<p> <strong>O\u00f9<\/strong>Mus\u00e9e d\u2019arts de Nantes<br \/><strong>Quand<\/strong>apr\u00e8s-demain<br \/><strong>Tarif<\/strong>Payant<\/p>\n<p>  Dimanche   Spectacles de danse sur les remparts du Ch\u00e2teau des Ducs de Bretagne  Le <strong>dimanche 11 mai 2025 \u00e0 15h<\/strong>, <strong>Zone Danse<\/strong> rejoint pour la premi\u00e8re fois la programmation de <strong>Hip Opsession<\/strong>, avec l\u2019ambition de transformer la cour et les remparts du Ch\u00e2teau des Ducs de Bretagne en un v\u00e9ritable terrain de jeu chor\u00e9graphique. Retrouve huit spectacles de danse : 15h15 &#8211; Red King par Huaskar (The Rookies), 15h45 &#8211; Essence &#8211; par Sandra Sadhardheen, 16h &#8211; Quatre trois &#8211; par la Cie AS, 16h15 &#8211; R\u00e9sonnances, 16h30 &#8211; Victoria Cot\u00e9, 17h &#8211; Brut(e)s &#8211; par la Cie La Chute Libre, 17h45 &#8211; Zig Zag, 18h15 &#8211; Red Kinginterdit et chaos politique, sur fond de Bolivie en crise.<\/p>\n<p> <strong>O\u00f9<\/strong>Ch\u00e2teau des Ducs de Bretagne<br \/><strong>Quand<\/strong>11 mai 2025<br \/><strong>Horaires<\/strong>De 15h00 \u00e0 19h00<br \/><strong>Tarif<\/strong>Gratuit <\/p>\n<p>  Tous \u00e0 l\u2019op\u00e9ra, \u00e9dition 2025 \u00e0 Nantes  Aux c\u00f4t\u00e9s d\u2019une trentaine de maisons d\u2019op\u00e9ras fran\u00e7aises,<strong> Angers Nantes Op\u00e9ra<\/strong> est heureux d\u2019ouvrir grand ses portes le <strong>dimanche 11 mai<\/strong> dans le cadre de l&rsquo;\u00e9v\u00e9nement national <strong>Tous \u00e0 l&rsquo;op\u00e9ra<\/strong> ! Au programme : du <strong>Mozart<\/strong>, des <strong>concerts du Ch\u0153ur d\u2019Angers Nantes Op\u00e9ra<\/strong>\u2026 et pleins d&rsquo;autres surprises !<\/p>\n<p> <strong>O\u00f9<\/strong>Th\u00e9\u00e2tre Graslin<br \/><strong>Quand<\/strong>11 mai 2025<br \/><strong>Horaires<\/strong>De 11h00 \u00e0 18h00<br \/><strong>Tarif<\/strong>Gratuit <\/p>\n<p class=\"has-cyan-bluish-gray-color has-text-color\">Photo \u00e0 la une :  \u00a9<\/p>\n<p>\u00c0 faire chaque week-end<\/p>\n","protected":false},"excerpt":{"rendered":"Encore un week-end de pont ! Respire le grand air, profite du soleil et d\u00e9tends toi \u00e0 Nantes&hellip;\n","protected":false},"author":2,"featured_media":84047,"comment_status":"","ping_status":"","sticky":false,"template":"","format":"standard","meta":{"footnotes":""},"categories":[2818],"tags":[1111,11,4156,4157,1777,674,1011,27,766,12,2636,25,953,1669,3140,4064],"class_list":{"0":"post-84046","1":"post","2":"type-post","3":"status-publish","4":"format-standard","5":"has-post-thumbnail","7":"category-nantes","8":"tag-actu","9":"tag-actualites","10":"tag-concerts","11":"tag-dj-sets","12":"tag-eu","13":"tag-europe","14":"tag-fr","15":"tag-france","16":"tag-nantes","17":"tag-news","18":"tag-pays-de-la-loire","19":"tag-republique-francaise","20":"tag-soiree","21":"tag-sorties","22":"tag-spectacle","23":"tag-week-end"},"share_on_mastodon":{"url":"https:\/\/pubeurope.com\/@fr\/114471430173434495","error":""},"_links":{"self":[{"href":"https:\/\/www.europesays.com\/fr\/wp-json\/wp\/v2\/posts\/84046","targetHints":{"allow":["GET"]}}],"collection":[{"href":"https:\/\/www.europesays.com\/fr\/wp-json\/wp\/v2\/posts"}],"about":[{"href":"https:\/\/www.europesays.com\/fr\/wp-json\/wp\/v2\/types\/post"}],"author":[{"embeddable":true,"href":"https:\/\/www.europesays.com\/fr\/wp-json\/wp\/v2\/users\/2"}],"replies":[{"embeddable":true,"href":"https:\/\/www.europesays.com\/fr\/wp-json\/wp\/v2\/comments?post=84046"}],"version-history":[{"count":0,"href":"https:\/\/www.europesays.com\/fr\/wp-json\/wp\/v2\/posts\/84046\/revisions"}],"wp:featuredmedia":[{"embeddable":true,"href":"https:\/\/www.europesays.com\/fr\/wp-json\/wp\/v2\/media\/84047"}],"wp:attachment":[{"href":"https:\/\/www.europesays.com\/fr\/wp-json\/wp\/v2\/media?parent=84046"}],"wp:term":[{"taxonomy":"category","embeddable":true,"href":"https:\/\/www.europesays.com\/fr\/wp-json\/wp\/v2\/categories?post=84046"},{"taxonomy":"post_tag","embeddable":true,"href":"https:\/\/www.europesays.com\/fr\/wp-json\/wp\/v2\/tags?post=84046"}],"curies":[{"name":"wp","href":"https:\/\/api.w.org\/{rel}","templated":true}]}}