{"id":840500,"date":"2026-04-01T15:51:39","date_gmt":"2026-04-01T15:51:39","guid":{"rendered":"https:\/\/www.europesays.com\/fr\/840500\/"},"modified":"2026-04-01T15:51:39","modified_gmt":"2026-04-01T15:51:39","slug":"decouvrez-les-stations-service-en-rupture-de-stock-pres-de-chez-vous","status":"publish","type":"post","link":"https:\/\/www.europesays.com\/fr\/840500\/","title":{"rendered":"d\u00e9couvrez les stations-service en rupture de stock pr\u00e8s de chez vous"},"content":{"rendered":"<p>La guerre au Moyen-Orient continue d\u2019avoir des cons\u00e9quences sur le march\u00e9 des carburants. Selon <a href=\"https:\/\/www.prix-carburants.gouv.fr\/\" target=\"_self\" rel=\"nofollow noopener\">les donn\u00e9es du gouvernement<\/a>, qui rend accessible les informations des stations-service en temps r\u00e9el, 541\u00a0stations affichent au moins un carburant en rupture de stock \u00e0 17\u00a0h ce mercredi 1er\u00a0avril 2026. Cela repr\u00e9sente 5,5\u00a0% de l\u2019ensemble des stations disponibles (9 836 stations) dans la base du gouvernement.<\/p>\n<\/p>\n<p>        La plupart des stations en rupture sont du r\u00e9seau Total<\/p>\n<p>N\u00e9anmoins, la ministre d\u00e9l\u00e9gu\u00e9e \u00e0 l\u2019\u00c9nergie et porte-parole du gouvernement <a href=\"https:\/\/www.ouest-france.fr\/economie\/transports\/carburants-essence-diesel\/carburant-il-ny-a-aucun-risque-de-penurie-dans-les-stations-service-assure-la-porte-parole-du-gouvernement-be6a4332-2d96-11f1-9aaf-bfbe7938d313\" target=\"_self\" rel=\"nofollow noopener\">Maud Bregeon a assur\u00e9 ce mercredi sur <\/a>  <a href=\"https:\/\/www.ouest-france.fr\/economie\/transports\/carburants-essence-diesel\/carburant-il-ny-a-aucun-risque-de-penurie-dans-les-stations-service-assure-la-porte-parole-du-gouvernement-be6a4332-2d96-11f1-9aaf-bfbe7938d313\" target=\"_self\" rel=\"nofollow noopener\">TF1<\/a> \u00a0qu\u2019il n\u2019existait \u00e0 l\u2019heure actuelle <strong>\u00ab\u00a0aucun risque de rupture d\u2019approvisionnement\u00a0\u00bb<\/strong> en carburant dans les stations-service, m\u00eame si certaines font face \u00e0 quelques difficult\u00e9s.<\/p>\n<p><strong>\u00ab\u00a0Moins de 10\u00a0% des stations\u00a0\u00bb<\/strong> sont en rupture <strong>\u00ab\u00a0totale ou partielle\u00a0\u00bb,<\/strong> a indiqu\u00e9 Maud Bregeon. <a href=\"https:\/\/www.ouest-france.fr\/economie\/entreprises\/total\/carburants-faut-il-craindre-une-penurie-de-diesel-dans-les-stations-de-totalenergies-d793f354-2c41-11f1-b6d3-a26d21fbb514\" target=\"_self\" rel=\"nofollow noopener\">Il s\u2019agit le plus souvent de stations du groupe TotalEnergies<\/a>, qui a mis en place un prix plafond, <strong>\u00ab\u00a0ce qui g\u00e9n\u00e8re une affluence dans un grand nombre\u00a0\u00bb<\/strong> de ses stations-service et engendre donc <strong>\u00ab\u00a0ce type de tensions\u00a0\u00bb,<\/strong> a-t-elle soulign\u00e9.<\/p>\n<p>        D\u00e9couvrez la situation pr\u00e8s de chez vous<\/p>\n<p>La carte ci-dessous pr\u00e9sente les stations-service qui ont au moins un carburant en rupture de stock, \u00e0 17\u00a0h ce mercredi, selon les donn\u00e9es du gouvernement. Cette carte sera mise \u00e0 jour au cours de la journ\u00e9e.<\/p>\n<\/p>\n<p>Selon notre analyse, le r\u00e9seau Total et Total Access est en effet le plus touch\u00e9. Parmi les 541 stations en rupture partielle ou totale, 412 appartiennent au r\u00e9seau Total.<\/p>\n<p>        Pas de p\u00e9nurie sur le territoire national<\/p>\n<p>Lundi, Francis Pousse, pr\u00e9sident du syndicat professionnel Mobilians, qui repr\u00e9sente 5\u00a0800\u00a0stations-service traditionnelles\u00a0(hors grandes surfaces), avait temp\u00e9r\u00e9, aupr\u00e8s de l\u2019Agence France-Presse, ces difficult\u00e9s \u00e0 la pompe\u00a0: <strong>\u00ab\u00a0Il faut relativiser, il n\u2019y a pas de probl\u00e8me de p\u00e9nurie sur le territoire national.\u00a0\u00bb<\/strong><\/p>\n<p><strong>\u00ab\u00a0En revanche, \u00e9videmment, chez TotalEnergies, qui est le moins cher du moins cher en ce moment, il y a eu un afflux de client\u00e8le\u00a0\u00bb<\/strong> qui a pu causer des difficult\u00e9s ponctuelles. Un ph\u00e9nom\u00e8ne d\u00e9j\u00e0 observ\u00e9 lors de la pr\u00e9c\u00e9dente crise \u00e9nerg\u00e9tique provoqu\u00e9e par la guerre en Ukraine, avait-il ajout\u00e9. \u00c0 l\u2019\u00e9poque, TotalEnergies avait d\u00e9j\u00e0 proc\u00e9d\u00e9 \u00e0 un plafonnement de ses prix.<\/p>\n<p>Mardi, l\u2019entreprise a indiqu\u00e9 qu\u2019elle allait prolonger jusqu\u2019au 7\u00a0avril le plafonnement du prix de l\u2019essence \u00e0 1,99 euro le litre et celui du diesel \u00e0 2,09 euros le litre dans ses 3\u00a0300\u00a0stations-service en m\u00e9tropole.<\/p>\n","protected":false},"excerpt":{"rendered":"La guerre au Moyen-Orient continue d\u2019avoir des cons\u00e9quences sur le march\u00e9 des carburants. Selon les donn\u00e9es du gouvernement,&hellip;\n","protected":false},"author":2,"featured_media":840501,"comment_status":"","ping_status":"","sticky":false,"template":"","format":"standard","meta":{"footnotes":"","_share_on_mastodon":"0"},"categories":[2],"tags":[74853,11,86231,33,893,1011,27,3019,86170,12,90888,844,7612,25,800,96],"class_list":["post-840500","post","type-post","status-publish","format-standard","has-post-thumbnail","category-actualites","tag-actualite-en-continu","tag-actualites","tag-carburants-essence-diesel","tag-economie","tag-energie","tag-fr","tag-france","tag-iran","tag-mon-budget","tag-news","tag-penurie-de-carburant","tag-petrole","tag-proche-orient","tag-republique-francaise","tag-transports","tag-une"],"share_on_mastodon":{"url":"https:\/\/pubeurope.com\/@fr\/116330252767090888","error":""},"_links":{"self":[{"href":"https:\/\/www.europesays.com\/fr\/wp-json\/wp\/v2\/posts\/840500","targetHints":{"allow":["GET"]}}],"collection":[{"href":"https:\/\/www.europesays.com\/fr\/wp-json\/wp\/v2\/posts"}],"about":[{"href":"https:\/\/www.europesays.com\/fr\/wp-json\/wp\/v2\/types\/post"}],"author":[{"embeddable":true,"href":"https:\/\/www.europesays.com\/fr\/wp-json\/wp\/v2\/users\/2"}],"replies":[{"embeddable":true,"href":"https:\/\/www.europesays.com\/fr\/wp-json\/wp\/v2\/comments?post=840500"}],"version-history":[{"count":0,"href":"https:\/\/www.europesays.com\/fr\/wp-json\/wp\/v2\/posts\/840500\/revisions"}],"wp:featuredmedia":[{"embeddable":true,"href":"https:\/\/www.europesays.com\/fr\/wp-json\/wp\/v2\/media\/840501"}],"wp:attachment":[{"href":"https:\/\/www.europesays.com\/fr\/wp-json\/wp\/v2\/media?parent=840500"}],"wp:term":[{"taxonomy":"category","embeddable":true,"href":"https:\/\/www.europesays.com\/fr\/wp-json\/wp\/v2\/categories?post=840500"},{"taxonomy":"post_tag","embeddable":true,"href":"https:\/\/www.europesays.com\/fr\/wp-json\/wp\/v2\/tags?post=840500"}],"curies":[{"name":"wp","href":"https:\/\/api.w.org\/{rel}","templated":true}]}}