{"id":84056,"date":"2025-05-08T09:14:18","date_gmt":"2025-05-08T09:14:18","guid":{"rendered":"https:\/\/www.europesays.com\/fr\/84056\/"},"modified":"2025-05-08T09:14:18","modified_gmt":"2025-05-08T09:14:18","slug":"climat-le-mois-davril-2025-parmi-les-plus-chauds-jamais-enregistre-en-france","status":"publish","type":"post","link":"https:\/\/www.europesays.com\/fr\/84056\/","title":{"rendered":"Climat\u00a0: le mois d\u2019avril\u00a02025 parmi les plus chauds jamais enregistr\u00e9 en France"},"content":{"rendered":"<p>En France, le mois d\u2019avril\u00a02025 fait partie des plus chauds jamais enregistr\u00e9s depuis le d\u00e9but des mesures en 1900, d\u00e9taille M\u00e9t\u00e9o France dans un <a href=\"https:\/\/meteofrance.fr\/sites\/meteofrance.fr\/files\/files\/editorial\/bilan-climatique-avril-2025.pdf\" target=\"_self\" rel=\"noopener\">bilan paru ce mercredi 7\u00a0mai 2025<\/a>. Il se place au 5e rang des mois d\u2019avril avec 13,5\u00a0\u00b0C en moyenne sur le mois, un exc\u00e9dent de +\u00a01,7 degr\u00e9\u00a0par rapport aux normales.<\/p>\n<p>Deux \u00e9pisodes <strong>\u00ab\u00a0anormalement chauds\u00a0\u00bb<\/strong> sont intervenus d\u00e9but et fin avril\u00a02025, au cours desquels les 25\u00a0\u00b0C ont \u00e9t\u00e9 d\u00e9pass\u00e9s et les 30\u00a0\u00b0C presque atteints en certains endroits, notamment sur la partie nord du pays o\u00f9 des records de chaleur ont \u00e9t\u00e9 battus. Des records de chaleur nocturne ont \u00e9t\u00e9 <a href=\"https:\/\/fougeres.maville.com\/actu\/actudet_-le-thermometre-a-frole-les-30-dans-cette-commune-de-bretagne-un-record-pour-la-fin-avril-_7-6787993_actu.Htm\" target=\"_self\" rel=\"noopener\">enregistr\u00e9s en Bretagne<\/a>, comme \u00e0 Quimper (Finist\u00e8re) avec 14,4\u00a0\u00b0C.<\/p>\n<\/p>\n<p>\u00ab\u00a0Les p\u00e9riodes de chaleur sont amen\u00e9es \u00e0 devenir plus fr\u00e9quentes\u00a0\u00bb<\/p>\n<p>Cet \u00e9pisode de chaleur pr\u00e9coce n\u2019est toutefois pas in\u00e9dit, souligne M\u00e9t\u00e9o-France.\u00a0Ainsi en 2005, un \u00e9pisode de chaleur comparable avait concern\u00e9 l\u2019ensemble du pays du 28\u00a0avril au 2\u00a0mai, <a href=\"https:\/\/rennes.maville.com\/actu\/actudet_-chronologie.-de-1976-a-2019-la-france-face-a-plusieurs-secheresses-memorables_54135-3782003_actu.Htm\" target=\"_self\" rel=\"noopener\">quelques mois avant une p\u00e9riode d\u2019importantes s\u00e9cheresses<\/a>. Et l\u2019an dernier, des temp\u00e9ratures allant jusqu\u2019\u00e0 29\u00a0degr\u00e9s avaient \u00e9t\u00e9 relev\u00e9es dans certaines villes comme Lyon d\u00e8s le 6\u00a0avril.<\/p>\n<p><strong>\u00ab\u00a0Dans le contexte du changement climatique, les p\u00e9riodes de chaleur sont amen\u00e9es \u00e0 devenir plus fr\u00e9quentes et tendent \u00e0 s\u2019installer plus pr\u00e9cocement au cours du printemps qu\u2019avant\u00a0\u00bb<\/strong>, rappelle M\u00e9t\u00e9o France. Le franchissement du seuil de 25\u00a0\u00b0C survient <strong> <a href=\"https:\/\/rennes.maville.com\/actu\/actudet_-carte.-ces-records-de-chaleur-qui-sont-tombes-en-europe-depuis-10-ans-jusqu-aux-48-8-en-sicile-_54135-4775380_actu.Htm\" target=\"_self\" rel=\"noopener\">\u00ab\u00a0de plus en plus t\u00f4t\u00a0\u00bb<\/a> <\/strong> ajoute le pr\u00e9visionniste.<\/p>\n<p>\t<img decoding=\"async\" src=\"https:\/\/www.europesays.com\/fr\/wp-content\/uploads\/2025\/05\/P35213635D6796888G_px_640_.jpg\" alt=\"photo le mois d\u2019avril\u00a02025 compte parmi les plus chauds jamais enregistr\u00e9 en france.  \u00a9  m\u00e9t\u00e9o france\" width=\"640\" title=\" Le mois d\u2019avril\u00a02025 compte parmi les plus chauds jamais enregistr\u00e9 en France.   M\u00e9t\u00e9o France \"\/><\/p>\n<p class=\"elmt-legende\"> Le mois d\u2019avril\u00a02025 compte parmi les plus chauds jamais enregistr\u00e9 en France.   M\u00e9t\u00e9o France <\/p>\n<p>Un \u00ab\u00a0contraste nord-sud inhabituel\u00a0\u00bb<\/p>\n<p>Comme au mois de mars, un <strong>\u00ab\u00a0contraste nord-sud inhabituel\u00a0\u00bb<\/strong> a eu lieu en France. Le nord du pays a \u00e9t\u00e9 particuli\u00e8rement ensoleill\u00e9, tandis que le sud faisait davantage grise mine. Pour le troisi\u00e8me mois cons\u00e9cutif, le nord du pays a m\u00eame connu \u00a0des pr\u00e9cipitations d\u00e9ficitaires.  <strong>\u00ab\u00a0C\u2019est une situation qui <a href=\"https:\/\/rennes.maville.com\/actu\/actudet_-de-30-c-a-13-c-comment-le-changement-climatique-accentue-la-variation-brutale-des-temperatures-_54135-6796497_actu.Htm\" target=\"_self\" rel=\"noopener\">va \u00e0 l\u2019encontre des clich\u00e9s de la m\u00e9t\u00e9o en France<\/a> que l\u2019on peut avoir. C\u2019est \u00e0 l\u2019inverse de tout ce que l\u2019on conna\u00eet\u00a0\u00bb<\/strong>, <a href=\"https:\/\/www.liberation.fr\/societe\/beaucoup-de-soleil-au-nord-beaucoup-de-nuages-au-sud-le-temps-du-mois-de-mars-a-ete-a-linverse-de-tout-ce-que-lon-connait-explique-meteo-france-20250401_MNWSXCZWHFBIBHNLE2XICVQCSY\/#:~:text=Mais%20au%20total%2C%20avec%20une,climatique%C2%BB%2C%20conclut%20Matthieu%20Sorel.\" target=\"_self\" rel=\"noopener\">avan\u00e7ait le mois dernier Matthieu Sorel<\/a>, m\u00e9t\u00e9orologue \u00e0 M\u00e9t\u00e9o France.<\/p>\n<p>\t<img decoding=\"async\" src=\"https:\/\/www.europesays.com\/fr\/wp-content\/uploads\/2025\/05\/P35213636D6796888G_px_640_.jpg\" alt=\"photo comme au mois de mars\u00a02025, un \\\\\" contraste=\"\" nord-sud=\"\" inhabituel=\"\" a=\"\" constat=\"\" en=\"\" termes=\"\" d=\"\" m=\"\" france=\"\" width=\"640\" title=\" Comme au mois de mars\u00a02025, un \\\"\/><\/p>\n<p class=\"elmt-legende\"> Comme au mois de mars\u00a02025, un \\<\/p>\n<p>Au contraire, la Nouvelle-Aquitaine a subi des pr\u00e9cipitations particuli\u00e8rement abondantes, entra\u00eenant crues et inondations.\u00a0Pr\u00e8s de 100\u00a0mm de pluies sont tomb\u00e9es <a href=\"https:\/\/rennes.maville.com\/actu\/actudet_-en-images.-crues-dans-le-centre-ouest-la-vigilance-orange-maintenue-ce-mercredi-selon-meteo-france-_41460-6775727_actu.Htm\" target=\"_self\" rel=\"noopener\">en 48\u00a0heures dans le Centre-Ouest<\/a>.\u00a0La mi-avril a \u00e9galement \u00e9t\u00e9 marqu\u00e9e par des chutes de neige <strong>\u00ab\u00a0parfois exceptionnelles\u00a0\u00bb<\/strong> \u00e0 cette p\u00e9riode sur les Alpes, notamment en Savoie. Dans certaines villes, le cumul de\u00a0neige tomb\u00e9e\u00a0a atteint 1\u00a0m.<\/p>\n<p>\u00a0<\/p>\n","protected":false},"excerpt":{"rendered":"En France, le mois d\u2019avril\u00a02025 fait partie des plus chauds jamais enregistr\u00e9s depuis le d\u00e9but des mesures en&hellip;\n","protected":false},"author":2,"featured_media":84057,"comment_status":"","ping_status":"","sticky":false,"template":"","format":"standard","meta":{"footnotes":""},"categories":[2815],"tags":[17,1111,11,3270,19286,1129,6101,1777,674,1011,27,811,5776,1307,2561,12,25],"class_list":{"0":"post-84056","1":"post","2":"type-post","3":"status-publish","4":"format-standard","5":"has-post-thumbnail","7":"category-lille","8":"tag-17","9":"tag-actu","10":"tag-actualites","11":"tag-avril","12":"tag-chauds","13":"tag-climat","14":"tag-enregistre","15":"tag-eu","16":"tag-europe","17":"tag-fr","18":"tag-france","19":"tag-hauts-de-france","20":"tag-jamais","21":"tag-lille","22":"tag-mois","23":"tag-news","24":"tag-republique-francaise"},"share_on_mastodon":{"url":"https:\/\/pubeurope.com\/@fr\/114471453632969911","error":""},"_links":{"self":[{"href":"https:\/\/www.europesays.com\/fr\/wp-json\/wp\/v2\/posts\/84056","targetHints":{"allow":["GET"]}}],"collection":[{"href":"https:\/\/www.europesays.com\/fr\/wp-json\/wp\/v2\/posts"}],"about":[{"href":"https:\/\/www.europesays.com\/fr\/wp-json\/wp\/v2\/types\/post"}],"author":[{"embeddable":true,"href":"https:\/\/www.europesays.com\/fr\/wp-json\/wp\/v2\/users\/2"}],"replies":[{"embeddable":true,"href":"https:\/\/www.europesays.com\/fr\/wp-json\/wp\/v2\/comments?post=84056"}],"version-history":[{"count":0,"href":"https:\/\/www.europesays.com\/fr\/wp-json\/wp\/v2\/posts\/84056\/revisions"}],"wp:featuredmedia":[{"embeddable":true,"href":"https:\/\/www.europesays.com\/fr\/wp-json\/wp\/v2\/media\/84057"}],"wp:attachment":[{"href":"https:\/\/www.europesays.com\/fr\/wp-json\/wp\/v2\/media?parent=84056"}],"wp:term":[{"taxonomy":"category","embeddable":true,"href":"https:\/\/www.europesays.com\/fr\/wp-json\/wp\/v2\/categories?post=84056"},{"taxonomy":"post_tag","embeddable":true,"href":"https:\/\/www.europesays.com\/fr\/wp-json\/wp\/v2\/tags?post=84056"}],"curies":[{"name":"wp","href":"https:\/\/api.w.org\/{rel}","templated":true}]}}