{"id":84060,"date":"2025-05-08T09:16:15","date_gmt":"2025-05-08T09:16:15","guid":{"rendered":"https:\/\/www.europesays.com\/fr\/84060\/"},"modified":"2025-05-08T09:16:15","modified_gmt":"2025-05-08T09:16:15","slug":"bernard-tapie-aura-sa-statue-au-velodrome","status":"publish","type":"post","link":"https:\/\/www.europesays.com\/fr\/84060\/","title":{"rendered":"Bernard Tapie aura sa statue au V\u00e9lodrome"},"content":{"rendered":"<p><img loading=\"lazy\" decoding=\"async\" alt=\"\u00a9 Shutterstock - La statue en hommage \u00e0 Bernard Tapie va \u00eatre inaugur\u00e9e le 16 mai devant le stade Orange V\u00e9lodrome.\" data-zoom-src=\"https:\/\/www.europesays.com\/fr\/wp-content\/uploads\/2025\/05\/initial-statue-bernard-tapie-velodrome.jpg\" data-zoomable=\"\" height=\"702\" src=\"https:\/\/www.europesays.com\/fr\/wp-content\/uploads\/2025\/05\/initial-statue-bernard-tapie-velodrome.jpg\" width=\"1248\"\/>  <\/p>\n<p class=\"article-desc\">\u00a9 Shutterstock &#8211; La statue en hommage \u00e0 Bernard Tapie va \u00eatre inaugur\u00e9e le 16 mai devant le stade Orange V\u00e9lodrome. <\/p>\n<p><strong>Bernard Tapie<\/strong> va rester dans la l\u00e9gende \u00e0 <strong>Marseille<\/strong>. La Ville de Marseille a choisi le 16 mai pour inaugurer<strong> une statue et une esplanade<\/strong> en hommage \u00e0 l&rsquo;ancien patron de <strong>l&rsquo;Olympique de Marseille<\/strong>, avec lequel l&rsquo;\u00e9quipe de football de Marseille avait remport\u00e9 la Coupe d&rsquo;Europe en 1993. La famille de Bernard Tapie sera pr\u00e9sente, dont<strong> Dominique Tapie<\/strong>, sa femme. <\/p>\n<p>Une statue hommage \u00e0 Bernard Tapie, mais aussi \u00e0 Jean Bouin <\/p>\n<p>Cette statue a \u00e9t\u00e9 r\u00e9alis\u00e9e par <strong>le sculpteur Jo\u00ebl Vergne<\/strong>, sur commande de l&rsquo;association A jamais les Premiers, qui a \u00e9t\u00e9 fond\u00e9e par Laurent Tapie. Son financement a \u00e9t\u00e9 r\u00e9alis\u00e9 par des milliers de donateurs. La statue en l&rsquo;honneur de <strong>Bernard Tapie<\/strong> s\u2019appellera tout naturellement \u00ab\u00a0A jamais les Premiers\u00a0\u00bb. Ce 16 mai, l&rsquo;esplanade Bernard Tapie sera aussi inaugur\u00e9e au c\u0153ur du <a href=\"https:\/\/mesinfos.fr\/tag\/orange-velodrome\" rel=\"noopener\" target=\"_blank\">stade Orange V\u00e9lodrome<\/a>. <\/p>\n<p>A cette occasion, une autre statue consacr\u00e9e \u00e0 <strong>Jean Bouin<\/strong> sera aussi inaugur\u00e9e. R\u00e9alis\u00e9e en 1922 par le sculpteur Constant Roux, cette \u0153uvre d&rsquo;art a \u00e9t\u00e9 restaur\u00e9e. Elle sera r\u00e9install\u00e9e \u00e0 proximit\u00e9 du stade Orange V\u00e9lodrome. Jean Bouin est n\u00e9 \u00e0 Marseille en 1888 et a \u00e9t\u00e9 un grand champion de cross-country, mais aussi un h\u00e9ros de la premi\u00e8re guerre mondiale.<\/p>\n","protected":false},"excerpt":{"rendered":"\u00a9 Shutterstock &#8211; La statue en hommage \u00e0 Bernard Tapie va \u00eatre inaugur\u00e9e le 16 mai devant le&hellip;\n","protected":false},"author":2,"featured_media":84061,"comment_status":"","ping_status":"","sticky":false,"template":"","format":"standard","meta":{"footnotes":""},"categories":[2814],"tags":[1111,11,1191,1777,674,1011,27,884,12,882,25,19287],"class_list":{"0":"post-84060","1":"post","2":"type-post","3":"status-publish","4":"format-standard","5":"has-post-thumbnail","7":"category-marseille","8":"tag-actu","9":"tag-actualites","10":"tag-bernard-tapie","11":"tag-eu","12":"tag-europe","13":"tag-fr","14":"tag-france","15":"tag-marseille","16":"tag-news","17":"tag-provence-alpes-cote-dazur","18":"tag-republique-francaise","19":"tag-vu00e9lodrome-national"},"share_on_mastodon":{"url":"https:\/\/pubeurope.com\/@fr\/114471461465589283","error":""},"_links":{"self":[{"href":"https:\/\/www.europesays.com\/fr\/wp-json\/wp\/v2\/posts\/84060","targetHints":{"allow":["GET"]}}],"collection":[{"href":"https:\/\/www.europesays.com\/fr\/wp-json\/wp\/v2\/posts"}],"about":[{"href":"https:\/\/www.europesays.com\/fr\/wp-json\/wp\/v2\/types\/post"}],"author":[{"embeddable":true,"href":"https:\/\/www.europesays.com\/fr\/wp-json\/wp\/v2\/users\/2"}],"replies":[{"embeddable":true,"href":"https:\/\/www.europesays.com\/fr\/wp-json\/wp\/v2\/comments?post=84060"}],"version-history":[{"count":0,"href":"https:\/\/www.europesays.com\/fr\/wp-json\/wp\/v2\/posts\/84060\/revisions"}],"wp:featuredmedia":[{"embeddable":true,"href":"https:\/\/www.europesays.com\/fr\/wp-json\/wp\/v2\/media\/84061"}],"wp:attachment":[{"href":"https:\/\/www.europesays.com\/fr\/wp-json\/wp\/v2\/media?parent=84060"}],"wp:term":[{"taxonomy":"category","embeddable":true,"href":"https:\/\/www.europesays.com\/fr\/wp-json\/wp\/v2\/categories?post=84060"},{"taxonomy":"post_tag","embeddable":true,"href":"https:\/\/www.europesays.com\/fr\/wp-json\/wp\/v2\/tags?post=84060"}],"curies":[{"name":"wp","href":"https:\/\/api.w.org\/{rel}","templated":true}]}}