{"id":84066,"date":"2025-05-08T09:20:21","date_gmt":"2025-05-08T09:20:21","guid":{"rendered":"https:\/\/www.europesays.com\/fr\/84066\/"},"modified":"2025-05-08T09:20:21","modified_gmt":"2025-05-08T09:20:21","slug":"metro-rer-tram-votre-ligne-sera-t-elle-coupee-cet-ete-pour-travaux","status":"publish","type":"post","link":"https:\/\/www.europesays.com\/fr\/84066\/","title":{"rendered":"M\u00e9tro, RER, tram\u2026 votre ligne sera-t-elle coup\u00e9e cet \u00e9t\u00e9 pour travaux ?"},"content":{"rendered":"<p class=\"articleHead-lead\">\n            Si vous avez pr\u00e9vu de passer vos vacances d\u2019\u00e9t\u00e9 dans la capitale, de nombreuses perturbations devraient avoir lieu sur le r\u00e9seau de transport d&rsquo;Ile-de-France Mobilit\u00e9s, en raison de travaux. Plusieurs lignes de m\u00e9tro, de tramway et de RER devraient fermer temporairement.\n        <\/p>\n<p>            <img decoding=\"async\"  src=\"https:\/\/www.europesays.com\/fr\/wp-content\/uploads\/2025\/05\/1746696021_637_picture.jpg\"  class=\"apply-ratio\" alt=\"La station Cambronne, sur la ligne 6, sera ferm\u00e9e du 29 juin au 28 septembre inclus.\"\/><\/p>\n<p>\n                                            \u00a9 Getty_Images<\/p>\n<p>                                             &#8211; La station Cambronne, sur la ligne 6, sera ferm\u00e9e du 29 juin au 28 septembre inclus.\n                                    <\/p>\n<ul class=\"articleMainFollow-list\">\n<li class=\"articleMainFollow-item\">\n<p>                        Sauvegarder<\/p>\n<p>                        Sauvegard\u00e9<\/p>\n<\/li>\n<li class=\"articleMainFollow-item\">\n<\/li>\n<\/ul>\n<p>\n                    Recevoir les alertes Transport\n                <\/p>\n<p>Des voyages plus longs \u00e0 pr\u00e9voir cet \u00e9t\u00e9 ? Comme souvent, afin d\u2019entretenir les voies et moderniser davantage les infrastructures,<strong> de nombreux travaux <\/strong>auront lieu dans les prochaines semaines sur le r\u00e9seau <a href=\"https:\/\/www.capital.fr\/votre-argent\/bon-de-transport-personnes-concernees-et-demarches-pour-lobtenir-1439974\" rel=\"nofollow noopener\" target=\"_blank\">de transport<\/a> d&rsquo;Ile-de-France Mobilit\u00e9s, \u00e0 Paris et en Ile-de-France.\u00a0Ainsi, le trafic va \u00eatre interrompu sur<strong> plusieurs lignes de m\u00e9tro, tramway et RER<\/strong>. Sur <strong>la 6<\/strong>, toute la ligne sera ferm\u00e9e le dimanche 15 juin mais un bus de substitution desservira les stations entre Charles de Gaulle-\u00c9toile et La Motte-Picquet-Grenelle, mais \u00e9galement entre Daumesnil et Nation. Quant \u00e0 la station Cambronne, elle sera ferm\u00e9e du 29 juin au 28 septembre inclus, rapporte la<a href=\"https:\/\/www.ratp.fr\/les-travaux-en-cours-et-a-venir\" target=\"_blank\" rel=\"nofollow noopener\"> RATP<\/a>.<\/p>\n<p><strong>La ligne 8<\/strong> sera totalement ferm\u00e9e du lundi 4 ao\u00fbt, \u00e0 partir de 22h45, au vendredi 8 ao\u00fbt 2025 inclus. Des bus de remplacement circuleront ainsi entre les stations Pont de S\u00e8vres et Michel-Ange &#8211; Auteuil, et entre les stations Nation et Mairie de Montreuil, aux dates indiqu\u00e9es, aux horaires habituels <a href=\"https:\/\/www.capital.fr\/conso\/150-euros-d-amende-dans-le-metro-pour-une-raison-insolite-la-mesaventure-de-cette-parisienne-1513485\" rel=\"nofollow noopener\" target=\"_blank\">du m\u00e9tro <\/a>dans les deux sens de circulation.<\/p>\n<p>        \u00c0 lire aussi :<br \/>\n        <a class=\"articleToRead-link\" href=\"https:\/\/www.capital.fr\/conso\/bonne-nouvelle-ces-lignes-de-metro-archi-bondees-le-weekend-vont-etre-renforcees-1513517\" data-wide=\"\" rel=\"nofollow noopener\" target=\"_blank\"><br \/>\n            Bonne nouvelle : ces lignes de m\u00e9tro archi bond\u00e9es le weekend vont \u00eatre renforc\u00e9es<br \/>\n        <\/a><\/p>\n<p>La ligne T2 ferm\u00e9e entre les stations Porte de Versailles et Suzanne Lenglen depuis le 17 mars<\/p>\n<p>Le cas est identique en ce qui concerne <strong>la ligne 14<\/strong> du m\u00e9tro parisien qui sera compl\u00e8tement ferm\u00e9e \u00e0 partir de 22h les mercredis 4, 11, 18 et 25 juin, et les mercredis 2, 9, 16 et 23 juillet. Le dimanche 15 juin et le dimanche 29 juin, la ligne 14 sera ferm\u00e9e toute la journ\u00e9e. De plus, pour effectuer une mise \u00e0 niveau compl\u00e8te de tout le syst\u00e8me de pilotage des trains, elle sera aussi ferm\u00e9e du 4 au 8 ao\u00fbt 2025 inclus.<\/p>\n<p>Le tramway n\u2019est pas en reste puisque, vous le savez peut-\u00eatre d\u00e9j\u00e0, <strong>la ligne T2<\/strong> est ferm\u00e9e entre les stations Porte de Versailles et Suzanne Lenglen, jusqu\u2019au 2 novembre 2025 inclus, et ce, dans le cadre du projet d&rsquo;am\u00e9lioration de ses conditions d\u2019exploitation. Enfin,<strong> le RER B<\/strong> pourrait lui aussi conna\u00eetre quelques perturbations. Le trafic du RER B est interrompu dans les deux sens de circulation depuis le lundi 28 avril et jusqu\u2019au lundi 30 juin 2025 \u00e0 partir de 22h45 jusqu\u2019\u00e0 la fin du service.\u00a0Attention, la ligne sera ferm\u00e9e sauf le samedi et le dimanche.<\/p>\n<p>        Recevez nos derni\u00e8res news<\/p>\n<p>        Tous les jours, la s\u00e9lection des <b>principales infos<\/b> de la journ\u00e9e.<\/p>\n","protected":false},"excerpt":{"rendered":"Si vous avez pr\u00e9vu de passer vos vacances d\u2019\u00e9t\u00e9 dans la capitale, de nombreuses perturbations devraient avoir lieu&hellip;\n","protected":false},"author":2,"featured_media":84067,"comment_status":"","ping_status":"","sticky":false,"template":"","format":"standard","meta":{"footnotes":""},"categories":[1592],"tags":[1111,11,1777,674,1011,27,662,16077,12,626,625,25,2803],"class_list":{"0":"post-84066","1":"post","2":"type-post","3":"status-publish","4":"format-standard","5":"has-post-thumbnail","7":"category-ile-de-france","8":"tag-actu","9":"tag-actualites","10":"tag-eu","11":"tag-europe","12":"tag-fr","13":"tag-france","14":"tag-ile-de-france","15":"tag-mu00e9tro","16":"tag-news","17":"tag-paris","18":"tag-ratp","19":"tag-republique-francaise","20":"tag-transport"},"share_on_mastodon":{"url":"https:\/\/pubeurope.com\/@fr\/114471477169590186","error":""},"_links":{"self":[{"href":"https:\/\/www.europesays.com\/fr\/wp-json\/wp\/v2\/posts\/84066","targetHints":{"allow":["GET"]}}],"collection":[{"href":"https:\/\/www.europesays.com\/fr\/wp-json\/wp\/v2\/posts"}],"about":[{"href":"https:\/\/www.europesays.com\/fr\/wp-json\/wp\/v2\/types\/post"}],"author":[{"embeddable":true,"href":"https:\/\/www.europesays.com\/fr\/wp-json\/wp\/v2\/users\/2"}],"replies":[{"embeddable":true,"href":"https:\/\/www.europesays.com\/fr\/wp-json\/wp\/v2\/comments?post=84066"}],"version-history":[{"count":0,"href":"https:\/\/www.europesays.com\/fr\/wp-json\/wp\/v2\/posts\/84066\/revisions"}],"wp:featuredmedia":[{"embeddable":true,"href":"https:\/\/www.europesays.com\/fr\/wp-json\/wp\/v2\/media\/84067"}],"wp:attachment":[{"href":"https:\/\/www.europesays.com\/fr\/wp-json\/wp\/v2\/media?parent=84066"}],"wp:term":[{"taxonomy":"category","embeddable":true,"href":"https:\/\/www.europesays.com\/fr\/wp-json\/wp\/v2\/categories?post=84066"},{"taxonomy":"post_tag","embeddable":true,"href":"https:\/\/www.europesays.com\/fr\/wp-json\/wp\/v2\/tags?post=84066"}],"curies":[{"name":"wp","href":"https:\/\/api.w.org\/{rel}","templated":true}]}}