{"id":84070,"date":"2025-05-08T09:22:09","date_gmt":"2025-05-08T09:22:09","guid":{"rendered":"https:\/\/www.europesays.com\/fr\/84070\/"},"modified":"2025-05-08T09:22:09","modified_gmt":"2025-05-08T09:22:09","slug":"liesse-apres-la-victoire-du-psg-une-voiture-fonce-sur-la-foule-pres-des-champs-elysees-faisant-trois-blesses","status":"publish","type":"post","link":"https:\/\/www.europesays.com\/fr\/84070\/","title":{"rendered":"Liesse apr\u00e8s la victoire du PSG\u00a0: une voiture fonce sur la foule pr\u00e8s des Champs-\u00c9lys\u00e9es, faisant trois bless\u00e9s"},"content":{"rendered":"<p class=\"paragraph text_align_left\">Les <a href=\"https:\/\/www.leparisien.fr\/sports\/football\/ligue-des-champions\/le-psg-en-finale-de-la-ligue-des-champions-scenes-de-liesse-a-paris-des-champs-elysees-a-republique-08-05-2025-SN7VCNNJRZGABI2V6DZ2V3N264.php\" target=\"_blank\" rel=\"noopener\">sc\u00e8nes de joie<\/a> ont rapidement fait place \u00e0 l\u2019inqui\u00e9tude dans la rue Christophe-Colomb (VIIIe arrondissement) pr\u00e8s des Champs-\u00c9lys\u00e9es ce mercredi soir. Alors que des supporters c\u00e9l\u00e9braient la victoire de leur \u00e9quipe, <a href=\"https:\/\/www.leparisien.fr\/sports\/football\/ligue-des-champions\/psg-arsenal-2-1-courageux-et-merveilleux-paris-poursuit-son-reve-et-vole-vers-la-finale-de-ligue-des-champions-07-05-2025-ZVD7HYGYBRHQLESWNBCJYBTHIU.php\" target=\"_blank\" rel=\"noopener\">victorieuse d\u2019Arsenal au Parc des Princes,<\/a> une berline noire, pour une raison qui reste \u00e0 d\u00e9terminer, a fonc\u00e9 sur la foule, renversant plusieurs personnes.<\/p>\n<p class=\"paragraph text_align_left\">Au moins trois supporters ont \u00e9t\u00e9 pris en charge par les secours. L\u2018un, mineur, a \u00e9t\u00e9 transport\u00e9 \u00e0 l\u2019h\u00f4pital avec son pronostic vital engag\u00e9 et deux autres ont \u00e9t\u00e9 pris en charge sur place en urgence relative, font savoir la pr\u00e9fecture de police et le parquet de Paris.<\/p>\n<p>Deux occupants du v\u00e9hicule en fuite<\/p>\n<p class=\"paragraph text_align_left\">\u00c0 la suite de l\u2019incident, des dizaines de supporters ont poursuivi \u00e0 pied le v\u00e9hicule incrimin\u00e9, qui a \u00e9t\u00e9 retrouv\u00e9 br\u00fbl\u00e9 quelques m\u00e8tres plus loin. On ignore si les occupants de la voiture ont \u00e9t\u00e9 interpell\u00e9s, ni les raisons pour lesquelles le v\u00e9hicule a percut\u00e9 la foule. Sur une vid\u00e9o, on peut voir un passager situ\u00e9 \u00e0 l\u2019arri\u00e8re quitter le v\u00e9hicule. D\u2019apr\u00e8s une source polici\u00e8re, le chauffeur a \u00e9galement pris la fuite.<\/p>\n<p class=\"paragraph text_align_left\">Contact\u00e9, le parquet de Paris fait savoir que \u00ab de nombreuses investigations sont en cours \u00bb. Ainsi, une enqu\u00eate pour violences avec arme ayant entra\u00een\u00e9 une incapacit\u00e9 totale de travail sup\u00e9rieure \u00e0 8 jours, violences avec arme ayant entrain\u00e9 une incapacit\u00e9 totale de travail inf\u00e9rieure \u00e0 8 jours, d\u00e9lit de fuite et non-assistance \u00e0 personne en danger, a \u00e9t\u00e9 ouverte et confi\u00e9e \u00e0 la s\u00fbret\u00e9 territoriale de Paris.<\/p>\n<p>43 interpellations<\/p>\n<p class=\"paragraph text_align_left\">SI l\u2019ambiance \u00e9tait \u00e0 la c\u00e9l\u00e9bration pour les milliers de fans parisiens qui se sont retrouv\u00e9s sur les Champs-\u00c9lys\u00e9es, plusieurs sc\u00e8nes de tensions ont \u00e9t\u00e9 toutefois observ\u00e9es au cours de la nuit. Les policiers ont ainsi \u00e9t\u00e9 vis\u00e9s par des projectiles ou des tirs de mortier et ont d\u00fb faire usage de gaz lacrymog\u00e8nes pour disperser les groupes hostiles. Des commerces et des v\u00e9hicules ont \u00e9galement \u00e9t\u00e9 d\u00e9grad\u00e9s.<\/p>\n<p class=\"paragraph text_align_left\">Un peu plus t\u00f4t dans la soir\u00e9e, c\u2019est aux alentours du Parc des Princes que des sc\u00e8nes de liesses ont \u00e9clat\u00e9 avec des supporters d\u00e9munis de billets qui ont converg\u00e9 vers le stade apr\u00e8s le premier but marqu\u00e9. Au moment du coup de sifflet final, certains ont essay\u00e9 d\u2019investir le p\u00e9riph\u00e9rique au niveau de la porte de Saint-Cloud avant d\u2019\u00eatre repouss\u00e9s par les CRS. L\u00e0 aussi, les forces de l\u2019ordre ont \u00e9t\u00e9 la cible de tirs de mortier. Mais aucun incident majeur n\u2019a \u00e9t\u00e9 signal\u00e9 dans ce secteur.<\/p>\n<p class=\"paragraph text_align_left\">Vers 3 heures du matin, la pr\u00e9fecture de police dressait un bilan de 43 interpellations dans la capitale en marge des c\u00e9l\u00e9brations. Jeudi matin, peu apr\u00e8s 10 heures, le parquet de Paris faisait \u00e9tat de 44 gardes \u00e0 vue toujours en cours.<\/p>\n","protected":false},"excerpt":{"rendered":"Les sc\u00e8nes de joie ont rapidement fait place \u00e0 l\u2019inqui\u00e9tude dans la rue Christophe-Colomb (VIIIe arrondissement) pr\u00e8s des&hellip;\n","protected":false},"author":2,"featured_media":84071,"comment_status":"","ping_status":"","sticky":false,"template":"","format":"standard","meta":{"footnotes":""},"categories":[1888],"tags":[1111,1928,11,1927,898,8936,1777,674,1011,27,1944,12,1926,626,1925,19293,25,60],"class_list":{"0":"post-84070","1":"post","2":"type-post","3":"status-publish","4":"format-standard","5":"has-post-thumbnail","7":"category-paris","8":"tag-actu","9":"tag-actu-paris","10":"tag-actualites","11":"tag-actualites-paris","12":"tag-alerte","13":"tag-breaking-news","14":"tag-eu","15":"tag-europe","16":"tag-fr","17":"tag-france","18":"tag-ma-ville","19":"tag-news","20":"tag-news-paris","21":"tag-paris","22":"tag-paris-news","23":"tag-paris-75008","24":"tag-republique-francaise","25":"tag-sports"},"share_on_mastodon":{"url":"https:\/\/pubeurope.com\/@fr\/114471485167389281","error":""},"_links":{"self":[{"href":"https:\/\/www.europesays.com\/fr\/wp-json\/wp\/v2\/posts\/84070","targetHints":{"allow":["GET"]}}],"collection":[{"href":"https:\/\/www.europesays.com\/fr\/wp-json\/wp\/v2\/posts"}],"about":[{"href":"https:\/\/www.europesays.com\/fr\/wp-json\/wp\/v2\/types\/post"}],"author":[{"embeddable":true,"href":"https:\/\/www.europesays.com\/fr\/wp-json\/wp\/v2\/users\/2"}],"replies":[{"embeddable":true,"href":"https:\/\/www.europesays.com\/fr\/wp-json\/wp\/v2\/comments?post=84070"}],"version-history":[{"count":0,"href":"https:\/\/www.europesays.com\/fr\/wp-json\/wp\/v2\/posts\/84070\/revisions"}],"wp:featuredmedia":[{"embeddable":true,"href":"https:\/\/www.europesays.com\/fr\/wp-json\/wp\/v2\/media\/84071"}],"wp:attachment":[{"href":"https:\/\/www.europesays.com\/fr\/wp-json\/wp\/v2\/media?parent=84070"}],"wp:term":[{"taxonomy":"category","embeddable":true,"href":"https:\/\/www.europesays.com\/fr\/wp-json\/wp\/v2\/categories?post=84070"},{"taxonomy":"post_tag","embeddable":true,"href":"https:\/\/www.europesays.com\/fr\/wp-json\/wp\/v2\/tags?post=84070"}],"curies":[{"name":"wp","href":"https:\/\/api.w.org\/{rel}","templated":true}]}}