{"id":84076,"date":"2025-05-08T09:25:09","date_gmt":"2025-05-08T09:25:09","guid":{"rendered":"https:\/\/www.europesays.com\/fr\/84076\/"},"modified":"2025-05-08T09:25:09","modified_gmt":"2025-05-08T09:25:09","slug":"pourquoi-la-russie-ne-celebre-pas-la-victoire-sur-lallemagne-nazie-le-meme-jour","status":"publish","type":"post","link":"https:\/\/www.europesays.com\/fr\/84076\/","title":{"rendered":"pourquoi la Russie ne c\u00e9l\u00e8bre pas la victoire sur l&rsquo;Allemagne nazie le m\u00eame jour"},"content":{"rendered":"<p>Pour la troisi\u00e8me ann\u00e9e cons\u00e9cutive depuis le d\u00e9but de la guerre en Ukraine, la Russie appelle \u00e0 une tr\u00eave de quelques jours pour <strong>c\u00e9l\u00e9brer le 9\u00a0mai, jour f\u00e9ri\u00e9 national<\/strong>. Aussi connue sous le nom de \u00ab\u00a0Jour de la Victoire\u00a0\u00bb, cette date est tr\u00e8s importante pour la nation russe, mais aussi d&rsquo;autres pays issus de l&rsquo;ex-URSS. Tous f\u00eatent avec ce jour f\u00e9ri\u00e9 <a href=\"https:\/\/www.laprovence.com\/article\/sortie-loisirs\/76101598955918\/8-mai-pourquoi-ce-jour-est-il-ferie\" target=\"_blank\" rel=\"nofollow noopener\">la victoire sur l&rsquo;Allemagne nazie<\/a> lors de la Seconde Guerre mondiale.<\/p>\n<p>La question se pose alors, pourquoi la Russie c\u00e9l\u00e8bre-t-elle le 9 mai et pas le 8 mai comme la France, le Royaume-Uni et les \u00c9tats-Unis ? La r\u00e9ponse est simple : le d\u00e9calage horaire. La capitulation de l&rsquo;arm\u00e9e allemande, d&rsquo;abord sign\u00e9e \u00e0 Reims le 7 mai, arr\u00eatait les combats le 8 mai \u00e0 23 h 01. Mais le dictateur de l&rsquo;URSS, Staline, voulait absolument que l&rsquo;acte soit sign\u00e9 \u00e0 Berlin en pr\u00e9sence de repr\u00e9sentant de l&rsquo;Allemagne et de tous les Alli\u00e9s. La nouvelle avait d\u00e9j\u00e0 commenc\u00e9 \u00e0 se r\u00e9pandre et il fallait donc organiser la ratification rapidement. Pour co\u00efncider avec la fin des combats, <strong>c&rsquo;est le 8 mai \u00e0 23 h 01 qu&rsquo;est act\u00e9e la capitulation, soit le 9 mai \u00e0 1 h 01 pour l&rsquo;URSS<\/strong>.<\/p>\n<p>Un d\u00e9fil\u00e9 sous tension<\/p>\n<p>Cette ann\u00e9e, la Russie voit une nouvelle fois les choses en grand \u00e0 l&rsquo;aube des 80 ans de la victoire sur l&rsquo;Allemagne nazie. Comme le veut la tradition, <strong>un d\u00e9fil\u00e9 militaire sera organis\u00e9 sur la place Rouge \u00e0 Moscou<\/strong>. Face \u00e0 l&rsquo;invasion de l&rsquo;Ukraine qui s&rsquo;apparente \u00e0 un r\u00e9gime n\u00e9onazi dans la propagande russe, l&rsquo;Union europ\u00e9enne condamne les pays qui feront le voyage qui \u00ab\u00a0n&rsquo;est pas conforme aux valeurs de l&rsquo;UE\u00a0\u00bb selon Kaja Kallas, haute repr\u00e9sentante des 27 pour les affaires \u00e9trang\u00e8res et la politique de s\u00e9curit\u00e9.<\/p>\n<p>Sont tout de m\u00eame attendus une vingtaine de dirigeants dont <strong>le pr\u00e9sident serbe Aleksandar Vu\u010di\u0107, le chef du gouvernement slovaque Robert Fico ou encore le pr\u00e9sident chinois Xi Jinping<\/strong>. L&rsquo;Ukraine, quant \u00e0 elle, affirme ne pas <a href=\"https:\/\/www.laprovence.com\/article\/france-monde\/1056130999958915\/ukraine-zelensky-refuse-de-jouer-avec-les-courtes-treves-proposees-par-poutine\" target=\"_blank\" rel=\"nofollow noopener\">pouvoir garantir \u00ab\u00a0la s\u00e9curit\u00e9\u00a0\u00bb des dirigeants<\/a> pr\u00e9sents au d\u00e9fil\u00e9 russe du 9\u00a0mai.<\/p>\n","protected":false},"excerpt":{"rendered":"Pour la troisi\u00e8me ann\u00e9e cons\u00e9cutive depuis le d\u00e9but de la guerre en Ukraine, la Russie appelle \u00e0 une&hellip;\n","protected":false},"author":2,"featured_media":84077,"comment_status":"","ping_status":"","sticky":false,"template":"","format":"standard","meta":{"footnotes":""},"categories":[1591],"tags":[17,18719,11,3010,1887,329,12,5261,7555,1885,1886,132,3356,1264],"class_list":{"0":"post-84076","1":"post","2":"type-post","3":"status-publish","4":"format-standard","5":"has-post-thumbnail","7":"category-russie","8":"tag-17","9":"tag-8-mai","10":"tag-actualites","11":"tag-celebre","12":"tag-federation-de-russie","13":"tag-france-monde","14":"tag-news","15":"tag-pas","16":"tag-pourquoi","17":"tag-russia","18":"tag-russian-federation","19":"tag-russie","20":"tag-sur","21":"tag-victoire"},"share_on_mastodon":{"url":"https:\/\/pubeurope.com\/@fr\/114471496823468258","error":""},"_links":{"self":[{"href":"https:\/\/www.europesays.com\/fr\/wp-json\/wp\/v2\/posts\/84076","targetHints":{"allow":["GET"]}}],"collection":[{"href":"https:\/\/www.europesays.com\/fr\/wp-json\/wp\/v2\/posts"}],"about":[{"href":"https:\/\/www.europesays.com\/fr\/wp-json\/wp\/v2\/types\/post"}],"author":[{"embeddable":true,"href":"https:\/\/www.europesays.com\/fr\/wp-json\/wp\/v2\/users\/2"}],"replies":[{"embeddable":true,"href":"https:\/\/www.europesays.com\/fr\/wp-json\/wp\/v2\/comments?post=84076"}],"version-history":[{"count":0,"href":"https:\/\/www.europesays.com\/fr\/wp-json\/wp\/v2\/posts\/84076\/revisions"}],"wp:featuredmedia":[{"embeddable":true,"href":"https:\/\/www.europesays.com\/fr\/wp-json\/wp\/v2\/media\/84077"}],"wp:attachment":[{"href":"https:\/\/www.europesays.com\/fr\/wp-json\/wp\/v2\/media?parent=84076"}],"wp:term":[{"taxonomy":"category","embeddable":true,"href":"https:\/\/www.europesays.com\/fr\/wp-json\/wp\/v2\/categories?post=84076"},{"taxonomy":"post_tag","embeddable":true,"href":"https:\/\/www.europesays.com\/fr\/wp-json\/wp\/v2\/tags?post=84076"}],"curies":[{"name":"wp","href":"https:\/\/api.w.org\/{rel}","templated":true}]}}