{"id":84093,"date":"2025-05-08T09:33:12","date_gmt":"2025-05-08T09:33:12","guid":{"rendered":"https:\/\/www.europesays.com\/fr\/84093\/"},"modified":"2025-05-08T09:33:12","modified_gmt":"2025-05-08T09:33:12","slug":"video-un-maillot-de-lom-brule-apres-la-qualification-du-psg-en-finale-de-ligue-des-champions","status":"publish","type":"post","link":"https:\/\/www.europesays.com\/fr\/84093\/","title":{"rendered":"VID\u00c9O. Un maillot de l&rsquo;OM br\u00fbl\u00e9 apr\u00e8s la qualification du PSG en finale de Ligue des champions"},"content":{"rendered":"<p>Une f\u00eate qui a vir\u00e9 au cauchemar. Apr\u00e8s <a href=\"https:\/\/www.laprovence.com\/article\/sports\/1447073043905215\/football-32-ans-apres-lom-le-psg-disputera-la-finale-de-la-ligue-des-champions-a-munich-contre-un-club-milanais\" target=\"_blank\" rel=\"noopener\">la victoire contre Arsenal ce mercredi soir au Parc des Princes (2-1)<\/a>, synonyme de qualification parisienne pour la finale de Ligue des champions contre l&rsquo;Inter Milan, plusieurs milliers de supporters du Paris Saint-Germain se sont r\u00e9unis dans les rues de la capitale afin de c\u00e9l\u00e9brer leur victoire.<\/p>\n<p>Des festivit\u00e9s qui ont vite d\u00e9bord\u00e9, plusieurs boutiques ayant \u00e9t\u00e9 pill\u00e9es et plusieurs affrontements avec les forces ayant \u00e9clat\u00e9, et qui ont m\u00eame vir\u00e9 au drame lorsqu&rsquo;une voiture a fonc\u00e9 sur la foule, <a href=\"https:\/\/www.laprovence.com\/article\/faits-divers-justice\/1470632237104815\/video-une-voiture-fonce-sur-la-foule-pres-des-champs-elysees-en-fete-le-vehicule-incendie-par-des-personnes\" target=\"_blank\" rel=\"noopener\">blessant trois personnes<\/a> dont une a \u00e9t\u00e9 prise en charge en urgence absolue.<\/p>\n<p>Certains fans parisiens ont \u00e9galement eu une \u00ab\u00a0pens\u00e9e\u00a0\u00bb pour l&rsquo;OM lors des c\u00e9l\u00e9brations en br\u00fblant un maillot du club olympien. Un geste accompagn\u00e9 d&rsquo;un chant contre Adrien Rabiot et sa m\u00e8re V\u00e9ronique.<\/p>\n","protected":false},"excerpt":{"rendered":"Une f\u00eate qui a vir\u00e9 au cauchemar. Apr\u00e8s la victoire contre Arsenal ce mercredi soir au Parc des&hellip;\n","protected":false},"author":2,"featured_media":84094,"comment_status":"","ping_status":"","sticky":false,"template":"","format":"standard","meta":{"footnotes":""},"categories":[2],"tags":[17,11,150,11227,1011,27,4056,10274,12,149,93,7720,25,133],"class_list":{"0":"post-84093","1":"post","2":"type-post","3":"status-publish","4":"format-standard","5":"has-post-thumbnail","7":"category-actualites","8":"tag-17","9":"tag-actualites","10":"tag-apres","11":"tag-brule","12":"tag-fr","13":"tag-france","14":"tag-lom","15":"tag-maillot","16":"tag-news","17":"tag-om","18":"tag-psg","19":"tag-qualification","20":"tag-republique-francaise","21":"tag-video"},"share_on_mastodon":{"url":"https:\/\/pubeurope.com\/@fr\/114471528232864949","error":""},"_links":{"self":[{"href":"https:\/\/www.europesays.com\/fr\/wp-json\/wp\/v2\/posts\/84093","targetHints":{"allow":["GET"]}}],"collection":[{"href":"https:\/\/www.europesays.com\/fr\/wp-json\/wp\/v2\/posts"}],"about":[{"href":"https:\/\/www.europesays.com\/fr\/wp-json\/wp\/v2\/types\/post"}],"author":[{"embeddable":true,"href":"https:\/\/www.europesays.com\/fr\/wp-json\/wp\/v2\/users\/2"}],"replies":[{"embeddable":true,"href":"https:\/\/www.europesays.com\/fr\/wp-json\/wp\/v2\/comments?post=84093"}],"version-history":[{"count":0,"href":"https:\/\/www.europesays.com\/fr\/wp-json\/wp\/v2\/posts\/84093\/revisions"}],"wp:featuredmedia":[{"embeddable":true,"href":"https:\/\/www.europesays.com\/fr\/wp-json\/wp\/v2\/media\/84094"}],"wp:attachment":[{"href":"https:\/\/www.europesays.com\/fr\/wp-json\/wp\/v2\/media?parent=84093"}],"wp:term":[{"taxonomy":"category","embeddable":true,"href":"https:\/\/www.europesays.com\/fr\/wp-json\/wp\/v2\/categories?post=84093"},{"taxonomy":"post_tag","embeddable":true,"href":"https:\/\/www.europesays.com\/fr\/wp-json\/wp\/v2\/tags?post=84093"}],"curies":[{"name":"wp","href":"https:\/\/api.w.org\/{rel}","templated":true}]}}