{"id":84107,"date":"2025-05-08T09:42:10","date_gmt":"2025-05-08T09:42:10","guid":{"rendered":"https:\/\/www.europesays.com\/fr\/84107\/"},"modified":"2025-05-08T09:42:10","modified_gmt":"2025-05-08T09:42:10","slug":"margot-marasco-jai-ete-un-peu-trop-timide-actualite","status":"publish","type":"post","link":"https:\/\/www.europesays.com\/fr\/84107\/","title":{"rendered":"Margot Marasco : \u00ab J&rsquo;ai \u00e9t\u00e9 un peu trop timide \u00bb &#8211; Actualit\u00e9"},"content":{"rendered":"<p style=\"text-align: justify;\"><strong>\u00c9voluant le week-end dernier \u00e0 une quarantaine de kilom\u00e8tres de la maison \u00e0 l\u2019occasion du Festival Elsy Jacobs au Luxembourg, Margot Marasco a termin\u00e9 dimanche aux portes du Top 10 (<a href=\"https:\/\/www.directvelo.com\/actualite\/120419\/festival-elsy-jacobs-a-luxembourg-classement\" target=\"_blank\" rel=\"noopener\">voir classement<\/a>). Apr\u00e8s avoir encore accompli son r\u00f4le d\u2019\u00e9quipi\u00e8re, celle dont le contrat de deux ans au sein de la formation AG Insurance-Soudal NXTG se termine en fin d\u2019ann\u00e9e a pu faire le point avec DirectVelo, revenant sur ces deux journ\u00e9es de course et sa saison dans son ensemble.<\/strong><\/p>\n<p><strong>DirectVelo : Tu as d\u00e9croch\u00e9 ton meilleur r\u00e9sultat UCI ce week-end&#8230;<\/strong><br \/>Margot Marasco : Oui, cette 11e place fait du bien au moral, \u00e7a confirme ma forme. \u00c7a me donne davantage confiance pour la suite. Jusque l\u00e0 je suis plut\u00f4t contente de ma saison et de la progression par rapport \u00e0 l\u2019ann\u00e9e pass\u00e9e. Je n\u2019ai pas beaucoup de jours de course et j\u2019ai toujours un r\u00f4le d\u2019\u00e9quipi\u00e8re sur les courses alors je n\u2019ai pas vraiment de grosses performances notables pour l\u2019instant. Malgr\u00e9 \u00e7a j\u2019essaie quand m\u00eame de tout donner \u00e0 chaque fois.<\/p>\n<p><strong>Tu d\u00e9croches en plus ce r\u00e9sultat proche de la maison&#8230;<\/strong><br \/>Effectivement, \u00e7a fait plaisir de rouler \u00e0 c\u00f4t\u00e9 de la maison pour une fois ! On \u00e9tait principalement l\u00e0 pour \u00e9pauler Ilse Pluimers car elle passe bien le genre de bosses qu\u2019on avait sur les circuits durant les deux jours. Mon r\u00f4le \u00e9tait plus sp\u00e9cifiquement de la couvrir au max samedi. Idem dimanche, mais je devais aussi me charger de bien la placer pour le sprint.<\/p>\n<p><strong>\u00ab JE PENSE QUE J&rsquo;AVAIS LE TOP 10 DANS LES JAMBES \u00bb<\/strong><\/p>\n<p><strong>Comment s&rsquo;est pass\u00e9e ta course samedi ?<\/strong><br \/>Je ne me sentais pas trop mal. Cependant j\u2019ai p\u00e9t\u00e9 dans la longue bosse du Reibierg au septi\u00e8me et avant dernier tour (\u00e0 environ 25 kilom\u00e8tres de l\u2019arriv\u00e9e, NDLR). Je pense que j\u2019ai pay\u00e9 des efforts faits plus t\u00f4t dans la course car j\u2019ai d\u00fb chasser certaines attaques ou replacer Tess Moerman pour les GPM. Je me suis \u00e9galement assur\u00e9e qu&rsquo;Ilse restait toujours bien \u00e0 l\u2019avant pour \u00e9viter au max les chutes et ne pas se prendre d\u2019\u00e9ventuelles cassures. Donc globalement j&rsquo;avais de bonnes sensations mais il y avait un tour de trop pour moi malheureusement.<\/p>\n<p><strong>Dimanche, cette fois, tu as jou\u00e9 plac\u00e9e&#8230;<\/strong><br \/>Notre plan \u00e9tait toujours de supporter Ilse. J\u2019avais la t\u00e2che du lead out. Mais nous \u00e9tions toutes les quatre libres d\u2019attaquer, faire un peu ce qu\u2019on avait envie : s\u2019amuser, quoi ! Dans un premier temps j\u2019ai manqu\u00e9 l\u2019\u00e9chapp\u00e9e, mais on n\u2019a pas eu besoin de paniquer puisque Nina Lavenu et Ilse Pluimers y \u00e9taient. \u00c0 ce moment Tess et moi cherchions \u00e0 \u00e9viter le retour de tout le peloton sur l\u2019\u00e9chapp\u00e9e puisque c\u2019\u00e9tait un bon groupe devant avec des gros noms. Ensuite j\u2019ai pu faire le jump. J\u2019\u00e9tais vraiment contente parce que j\u2019aurais \u00e9t\u00e9 vraiment d\u00e9\u00e7ue de louper la bonne. J&rsquo;ai pu \u00e9pauler Ilse comme il faut car elle \u00e9tait seule de l\u2019\u00e9quipe \u00e0 l\u2019avant. Le fait que Tess nous rejoigne apr\u00e8s \u00e9tait parfait.<\/p>\n<p><strong>Comment as-tu g\u00e9r\u00e9 la fin de course ?<\/strong><br \/>On en a peut-\u00eatre trop fait, mais nous sommes une \u00e9quipe de d\u00e9veloppement et avons tout \u00e0 prouver encore. On aime rouler comme \u00e7a. On fonce, on a un but et on y va. Finalement nous sommes fi\u00e8res de montrer ce qu\u2019on peut faire et qu\u2019on est loin d\u2019\u00eatre ridicules \u00e0 c\u00f4t\u00e9 de WorldTeams. Les derniers kilom\u00e8tres se sont pass\u00e9s exactement comme pr\u00e9vus. Je devais l\u00e2cher Ilse \u00e0 700 m, en 5e position et id\u00e9alement dans la roue de Fidanza. J\u2019ai pu la d\u00e9poser comme pr\u00e9vu. Apr\u00e8s je suis rest\u00e9e au contact pour sprinter pour moi, je pense que j\u2019avais le Top 10 dans les jambes mais j\u2019ai \u00e9t\u00e9 un peu trop timide.<\/p>\n<p><strong>\u00ab VOIR SI JE PEUX AVOIR MA CHANCE \u00bb<\/strong><\/p>\n<p><strong>Ton hiver commence \u00e0 porter ses fruits ?<\/strong><br \/>Cet hiver je suis beaucoup partie rouler au soleil. Je pense avoir pass\u00e9 huit semaines entre l\u2019Espagne et le sud de la France pour faire un maximum d\u2019entra\u00eenements productifs. J\u2019ai mis de c\u00f4t\u00e9 mes \u00e9tudes en sciences politiques \u00e0 l\u2019Universit\u00e9 de Louvain-la-Neuve pour \u00eatre focus \u00e0 100% sur le v\u00e9lo. Je veux voir si \u00e7a me pla\u00eet comme vie et si je peux avoir ma chance.<\/p>\n<p><strong>Quelles sont tes prochaines \u00e9ch\u00e9ances ?<\/strong><br \/>Ce dimanche je vais participer \u00e0 l\u2019UCI Gravel Series de Valkenburg pour changer un peu de discipline et \u00e9viter de me lasser des courses toutes plates en Belgique. Ensuite je dois \u00eatre align\u00e9e sur le Simac Circuit de la Campine, puis en fin de mois sur le Tour de Norv\u00e8ge. Je vois ces courses comme les autres, \u00e0 savoir des opportunit\u00e9s de bien faire pour l\u2019\u00e9quipe et de me montrer encore. Avec ces courses j\u2019esp\u00e8re construire une bonne forme pour les Championnats de France fin juin.<\/p>\n<p><img loading=\"lazy\" decoding=\"async\" src=\"https:\/\/www.europesays.com\/fr\/wp-content\/uploads\/2025\/05\/681c65d6521ad.jpeg\" alt=\"\" width=\"650\" height=\"421\"\/><\/p>\n","protected":false},"excerpt":{"rendered":"\u00c9voluant le week-end dernier \u00e0 une quarantaine de kilom\u00e8tres de la maison \u00e0 l\u2019occasion du Festival Elsy Jacobs&hellip;\n","protected":false},"author":2,"featured_media":84108,"comment_status":"","ping_status":"","sticky":false,"template":"","format":"standard","meta":{"footnotes":""},"categories":[1411],"tags":[834,828,836,829,837,827,83,826,824,823,1154,207,814,817,815,816,822,821,832,211,839,1011,27,820,818,819,835,831,830,833,838,60,212,208,825],"class_list":{"0":"post-84107","1":"post","2":"type-post","3":"status-publish","4":"format-standard","5":"has-post-thumbnail","7":"category-cyclisme","8":"tag-attaque","9":"tag-belgique","10":"tag-braquet","11":"tag-bretagne","12":"tag-chute","13":"tag-competition","14":"tag-coupe-de-france","15":"tag-coureur","16":"tag-course-cyclisme","17":"tag-course-cycliste","18":"tag-cycling","19":"tag-cyclisme","20":"tag-direct","21":"tag-direct-velo","22":"tag-directvelo","23":"tag-directvelo-com","24":"tag-epreuve","25":"tag-epreuve-cycliste","26":"tag-federation-francaise-de-cyclisme","27":"tag-ffc","28":"tag-flandres","29":"tag-fr","30":"tag-france","31":"tag-live","32":"tag-live-course","33":"tag-live-epreuve","34":"tag-peloton","35":"tag-radio-peloton","36":"tag-radio-tour","37":"tag-ravitaillement","38":"tag-relance","39":"tag-sports","40":"tag-uci","41":"tag-velo","42":"tag-velos"},"share_on_mastodon":{"url":"https:\/\/pubeurope.com\/@fr\/114471563670792664","error":""},"_links":{"self":[{"href":"https:\/\/www.europesays.com\/fr\/wp-json\/wp\/v2\/posts\/84107","targetHints":{"allow":["GET"]}}],"collection":[{"href":"https:\/\/www.europesays.com\/fr\/wp-json\/wp\/v2\/posts"}],"about":[{"href":"https:\/\/www.europesays.com\/fr\/wp-json\/wp\/v2\/types\/post"}],"author":[{"embeddable":true,"href":"https:\/\/www.europesays.com\/fr\/wp-json\/wp\/v2\/users\/2"}],"replies":[{"embeddable":true,"href":"https:\/\/www.europesays.com\/fr\/wp-json\/wp\/v2\/comments?post=84107"}],"version-history":[{"count":0,"href":"https:\/\/www.europesays.com\/fr\/wp-json\/wp\/v2\/posts\/84107\/revisions"}],"wp:featuredmedia":[{"embeddable":true,"href":"https:\/\/www.europesays.com\/fr\/wp-json\/wp\/v2\/media\/84108"}],"wp:attachment":[{"href":"https:\/\/www.europesays.com\/fr\/wp-json\/wp\/v2\/media?parent=84107"}],"wp:term":[{"taxonomy":"category","embeddable":true,"href":"https:\/\/www.europesays.com\/fr\/wp-json\/wp\/v2\/categories?post=84107"},{"taxonomy":"post_tag","embeddable":true,"href":"https:\/\/www.europesays.com\/fr\/wp-json\/wp\/v2\/tags?post=84107"}],"curies":[{"name":"wp","href":"https:\/\/api.w.org\/{rel}","templated":true}]}}