{"id":84111,"date":"2025-05-08T09:44:11","date_gmt":"2025-05-08T09:44:11","guid":{"rendered":"https:\/\/www.europesays.com\/fr\/84111\/"},"modified":"2025-05-08T09:44:11","modified_gmt":"2025-05-08T09:44:11","slug":"kylie-jenner-et-timothee-chalamet-premier-tapis-rouge-en-amoureux-a-rome","status":"publish","type":"post","link":"https:\/\/www.europesays.com\/fr\/84111\/","title":{"rendered":"Kylie Jenner et Timoth\u00e9e Chalamet, premier tapis rouge en amoureux \u00e0 Rome"},"content":{"rendered":"<p>Tout le monde les attendait au <a href=\"https:\/\/www.vanityfair.fr\/dossier\/met-gala\" isautogenerated=\"true\" target=\"_blank\" rel=\"noopener\">Met Gala<\/a> 2025 et c&rsquo;est finalement deux jours plus tard, en Italie, qu&rsquo;ils ont d\u00e9cid\u00e9 d&rsquo;officialiser leur amour. <a href=\"https:\/\/www.vanityfair.fr\/dossier\/kylie-jenner\" isautogenerated=\"true\" target=\"_blank\" rel=\"noopener\">Kylie Jenner<\/a> et <a href=\"https:\/\/www.vanityfair.fr\/dossier\/timothee-chalamet\" isautogenerated=\"true\" target=\"_blank\" rel=\"noopener\">Timoth\u00e9e Chalamet<\/a> ont foul\u00e9 le tapis rouge pour la premi\u00e8re fois ensemble \u00e0 l&rsquo;occasion de la 70\u00e8me c\u00e9r\u00e9monie des David di Donatello (\u00e9quivalent italien des <a href=\"https:\/\/www.vanityfair.fr\/dossier\/cesar\" isautogenerated=\"true\" target=\"_blank\" rel=\"noopener\">C\u00e9sar<\/a>), qui s&rsquo;est tenue ce mercredi 7 mai aux Studios Cinecitt\u00e0, \u00e0 Rome. Timoth\u00e9e Chalamet y a re\u00e7u un prix sp\u00e9cial c\u00e9l\u00e9brant l&rsquo;excellence cin\u00e9matographique.<\/p>\n<p>Jusque-l\u00e0, l&rsquo;acteur et la femme d&rsquo;affaires veillaient \u00e0 ne pas appara\u00eetre ensemble sur le tapis rouge, m\u00eame s&rsquo;ils ne se cachaient plus depuis leur premi\u00e8re sortie en public au concert de Beyonc\u00e9, en septembre 2023, \u00e0 Los Angeles. R\u00e9cemment, on les a vus ensemble au festival Coachella ou, pendant la <a href=\"https:\/\/www.vanityfair.fr\/dossier\/saison-des-recompenses\" isautogenerated=\"true\" target=\"_blank\" rel=\"noopener\">saison des r\u00e9compenses<\/a>, aux <a href=\"https:\/\/www.vanityfair.fr\/dossier\/golden-globes\" isautogenerated=\"true\" target=\"_blank\" rel=\"noopener\">Golden Globes<\/a> et aux <a href=\"https:\/\/www.vanityfair.fr\/dossier\/oscars\" isautogenerated=\"true\" target=\"_blank\" rel=\"noopener\">Oscars<\/a>, o\u00f9 Timoth\u00e9e Chalamet \u00e9tait nomm\u00e9 pour son interpr\u00e9tation de <a href=\"https:\/\/www.vanityfair.fr\/dossier\/bob-dylan\" isautogenerated=\"true\" target=\"_blank\" rel=\"noopener\">Bob Dylan<\/a> dans le biopic Un Parfait inconnu.<\/p>\n<p>Ce tapis rouge romain, empreint d&rsquo;un certain romantisme \u00e0 l&rsquo;italienne, marque donc une \u00e9tape d\u00e9cisive dans l&rsquo;image publique du couple. Pour l&rsquo;occasion, les deux c\u00e9l\u00e9brit\u00e9s \u00e9taient assorties avec des looks noirs, sobres mais glamour. La star de <a href=\"https:\/\/www.vanityfair.fr\/dossier\/dune\" isautogenerated=\"true\" target=\"_blank\" rel=\"noopener\">Dune<\/a> portait un costume orn\u00e9 d&rsquo;une boutonni\u00e8re \u00e0 fleur blanche. \u00c0 ses c\u00f4t\u00e9s, la mannequin avait choisi une longue robe Schiaparelli, accessoiris\u00e9e avec une pochette et une paire de boucles d&rsquo;oreilles d\u00e9pareill\u00e9es \u00e0 motifs doigt et main, deux des codes surr\u00e9alistes de la maison.<\/p>\n<p>Retour en images sur leur premier tapis rouge<\/p>\n","protected":false},"excerpt":{"rendered":"Tout le monde les attendait au Met Gala 2025 et c&rsquo;est finalement deux jours plus tard, en Italie,&hellip;\n","protected":false},"author":2,"featured_media":84112,"comment_status":"","ping_status":"","sticky":false,"template":"","format":"standard","meta":{"footnotes":""},"categories":[1359],"tags":[58,59,1011,27,19295,973,13427],"class_list":{"0":"post-84111","1":"post","2":"type-post","3":"status-publish","4":"format-standard","5":"has-post-thumbnail","7":"category-people","8":"tag-divertissement","9":"tag-entertainment","10":"tag-fr","11":"tag-france","12":"tag-kylie-jenner","13":"tag-people","14":"tag-timothee-chalamet"},"share_on_mastodon":{"url":"https:\/\/pubeurope.com\/@fr\/114471571446009892","error":""},"_links":{"self":[{"href":"https:\/\/www.europesays.com\/fr\/wp-json\/wp\/v2\/posts\/84111","targetHints":{"allow":["GET"]}}],"collection":[{"href":"https:\/\/www.europesays.com\/fr\/wp-json\/wp\/v2\/posts"}],"about":[{"href":"https:\/\/www.europesays.com\/fr\/wp-json\/wp\/v2\/types\/post"}],"author":[{"embeddable":true,"href":"https:\/\/www.europesays.com\/fr\/wp-json\/wp\/v2\/users\/2"}],"replies":[{"embeddable":true,"href":"https:\/\/www.europesays.com\/fr\/wp-json\/wp\/v2\/comments?post=84111"}],"version-history":[{"count":0,"href":"https:\/\/www.europesays.com\/fr\/wp-json\/wp\/v2\/posts\/84111\/revisions"}],"wp:featuredmedia":[{"embeddable":true,"href":"https:\/\/www.europesays.com\/fr\/wp-json\/wp\/v2\/media\/84112"}],"wp:attachment":[{"href":"https:\/\/www.europesays.com\/fr\/wp-json\/wp\/v2\/media?parent=84111"}],"wp:term":[{"taxonomy":"category","embeddable":true,"href":"https:\/\/www.europesays.com\/fr\/wp-json\/wp\/v2\/categories?post=84111"},{"taxonomy":"post_tag","embeddable":true,"href":"https:\/\/www.europesays.com\/fr\/wp-json\/wp\/v2\/tags?post=84111"}],"curies":[{"name":"wp","href":"https:\/\/api.w.org\/{rel}","templated":true}]}}