{"id":84117,"date":"2025-05-08T09:47:09","date_gmt":"2025-05-08T09:47:09","guid":{"rendered":"https:\/\/www.europesays.com\/fr\/84117\/"},"modified":"2025-05-08T09:47:09","modified_gmt":"2025-05-08T09:47:09","slug":"laurent-ruquier-et-lea-salame-se-reconcilient-sur-france-inter","status":"publish","type":"post","link":"https:\/\/www.europesays.com\/fr\/84117\/","title":{"rendered":"Laurent Ruquier et L\u00e9a Salam\u00e9 se r\u00e9concilient sur France Inter"},"content":{"rendered":"<p>Mercredi matin, la journaliste et l\u2019animateur se sont retrouv\u00e9s pour la premi\u00e8re fois depuis la fin d\u2019\u00abOn est en direct\u00bb en juin 2022 sur France 2.<\/p>\n<p class=\"fig-paragraph\">Il a fallu presque trois ans \u00e0 Laurent Ruquier pour accepter une invitation de L\u00e9a Salam\u00e9. Mercredi 7 mai, la journaliste a re\u00e7u l\u2019animateur des \u00abGrosses T\u00eates\u00bb sur France Inter \u00e0 l\u2019occasion de la sortie de sa biographie, sign\u00e9e Marcela Iacub, Ruquier, vies secr\u00e8tes (\u00c9d. Harper Collins). Des retrouvailles apr\u00e8s une longue brouille.<\/p>\n<p class=\"fig-paragraph\">Pour rappel, Laurent Ruquier avait mal dig\u00e9r\u00e9 d\u2019avoir d\u00fb c\u00e9der sa place \u00e0 L\u00e9a Salam\u00e9 le samedi soir en deuxi\u00e8me partie de soir\u00e9e apr\u00e8s 23 ans de bons et loyaux services. Et ce apr\u00e8s avoir travaill\u00e9 ensemble durant deux saisons dans \u00abOn est en direct\u00bb. \u00abOn n\u2019a jamais \u00e9t\u00e9 amis. Je m\u2019entendais bien avec elle sur un plateau. Mais je ne voulais pas continuer \u00e0 deux. Ce n\u2019est pas fait pour moi. Avec L\u00e9a, on ne s\u2019appelle pas tous les jours. Mais on ne le faisait pas avant non plus\u00bb, avait-il d\u00e9clar\u00e9 en octobre 2022 avant de consid\u00e9rer \u00abQuelle \u00e9poque\u00a0!\u00bb \u00abplut\u00f4t comme un forum\u00bb.<\/p>\n<p class=\"fig-body-link\">\n            \u00c0 lire aussi<br \/>\n        <a class=\"fig-body-link__link\" href=\"http:\/\/tvmag.lefigaro.fr\/programme-tv\/actu-tele\/on-n-a-jamais-ete-amis-laurent-ruquier-franc-sur-sa-relation-avec-lea-salame-20221010\" target=\"_blank\" data-fig-type=\"Article\" rel=\"noopener\" data-gtm-custom-categorie=\"navigation\" data-gtm-custom-action=\"crossclick\" data-gtm-custom-label=\"Contextuel\" data-gtm-event=\"customEventSPE\" data-fig-domain=\"TVMAG\">\u00abOn n&rsquo;a jamais \u00e9t\u00e9 amis\u00bb\u00a0: Laurent Ruquier franc sur sa relation avec L\u00e9a Salam\u00e9<br \/>\n    <\/a>\n<\/p>\n<p class=\"fig-paragraph\">Un an plus tard, il avait expliqu\u00e9 pourquoi il ne se rendra jamais sur le plateau du talk-show de France 2. \u00abJe n\u2019en ai pas envie. Cette \u00e9mission n\u2019est pas en direct. Dans cette situation-l\u00e0, je n\u2019aurais pas confiance en la production, qui m\u2019avait \u00e9t\u00e9 impos\u00e9e \u00e0 l\u2019\u00e9poque d\u2019ailleurs [Winter Productions \u00e9tait le coproducteur d\u2019\u00abOn est en direct\u00bb, NDR]. J\u2019ai envie d\u2019avoir ma libert\u00e9 de parole et de savoir ce qu\u2019on va garder ou pas de ce que je vais dire\u00bb, avait-il d\u00e9clar\u00e9 assurant que cette d\u00e9cision n\u2019a rien \u00e0 voir avec L\u00e9a Salam\u00e9.<\/p>\n<blockquote class=\"fig-quote&#10;    \">\n<p class=\"fig-quote__text\">\u00ab Je n\u2019oublie jamais les conseils que vous m\u2019avez donn\u00e9s\u00a0\u00bb<\/p>\n<p>            L\u00e9a Salam\u00e9 \u00e0 Laurent Ruquier\n    <\/p><\/blockquote>\n<p class=\"fig-paragraph\">Mercredi matin, l\u2019ambiance \u00e9tait aux retrouvailles sur France Inter. Apr\u00e8s les salutations d\u2019usage, L\u00e9a Salam\u00e9 a d\u2019embl\u00e9e exprim\u00e9 sa joie de l\u2019accueillir dans son \u00e9mission. \u00ab\u00c7a m\u2019\u00e9meut, je suis sinc\u00e8rement \u00e9mue de vous recevoir ici \u00e0 Inter o\u00f9 vous avez travaill\u00e9 pendant des ann\u00e9es, que vous connaissez bien\u00bb, a-t-elle d\u00e9but\u00e9 avant d\u2019\u00e9voquer le livre qu\u2019elle juge \u00absurprenant, intime, parfois tranchant, tr\u00e8s tendre aussi\u00bb. \u00abOn apprend plein de choses sur vous, j\u2019ai appris plein de choses sur vous. Parce qu\u2019il faut reconna\u00eetre que vous \u00eates sans doute l\u2019un des animateurs les plus populaires, les plus c\u00e9l\u00e8bres de France et en m\u00eame temps l\u2019un des plus secrets, l\u2019un des plus discrets, l\u2019un des plus insaisissables\u00bb, a-t-elle ajout\u00e9.<\/p>\n<p class=\"fig-paragraph\">Plus tard, L\u00e9a Salam\u00e9 et Laurent Ruquier ont \u00e9voqu\u00e9 un souvenir commun. \u00abVous aviez peur quand vous aviez d\u00e9marr\u00e9 \u00e0 la t\u00e9l\u00e9vision, je vous disais\u00a0: \u201cOn va dire plein de mal de toi sur Twitter, mais en revanche quand tu seras dans la rue, on t\u2019embrassera et on te f\u00e9licitera\u201d\u00bb, a racont\u00e9 l\u2019animateur. \u00abJe n\u2019oublie jamais les conseils que vous m\u2019avez donn\u00e9s. Je dis tout le temps que c\u2019est Ruquier qui m\u2019a appris quand quelqu\u2019un a un bad buzz, il m\u2019a dit\u00a0: \u201cSerre les dents pendant 48 heures, \u00e7a passera\u201d\u00bb, a-t-elle affirm\u00e9.<\/p>\n<p class=\"fig-paragraph\">Au moment de se dire au revoir, L\u00e9a Salam\u00e9 n\u2019a pas manqu\u00e9 de souligner\u00a0: \u00abJ\u2019\u00e9tais tr\u00e8s heureuse de vous revoir pour de vrai\u00bb. Un sentiment partag\u00e9 par Laurent Ruquier. \u00abC\u2019\u00e9taient des retrouvailles, j\u2019\u00e9tais ravi de vous revoir moi aussi\u00a0\u00bb, a-t-il assur\u00e9. Et de conclure\u00a0: \u00abMais j\u2019attends votre promesse, je veux aller au Liban avec vous, souvenez-vous. Je me souviens des promesses, surtout quand elles ne sont pas tenues\u00bb. \u00abOn ira, promis\u00bb, a r\u00e9it\u00e9r\u00e9 la journaliste.<\/p>\n","protected":false},"excerpt":{"rendered":"Mercredi matin, la journaliste et l\u2019animateur se sont retrouv\u00e9s pour la premi\u00e8re fois depuis la fin d\u2019\u00abOn est&hellip;\n","protected":false},"author":2,"featured_media":84118,"comment_status":"","ping_status":"","sticky":false,"template":"","format":"standard","meta":{"footnotes":""},"categories":[1356],"tags":[497,496,499,58,59,1011,27,9102,1759,3806,500,504,505,495,503,502,501,252,1364,498],"class_list":{"0":"post-84117","1":"post","2":"type-post","3":"status-publish","4":"format-standard","5":"has-post-thumbnail","7":"category-television","8":"tag-actu-tv","9":"tag-actualite-tv","10":"tag-buzz-tv","11":"tag-divertissement","12":"tag-entertainment","13":"tag-fr","14":"tag-france","15":"tag-france-inter","16":"tag-laurent-ruquier","17":"tag-lea-salame","18":"tag-medias","19":"tag-news-tele","20":"tag-news-television","21":"tag-news-tv","22":"tag-programme-tele","23":"tag-programme-tv","24":"tag-quiz-tv","25":"tag-television","26":"tag-tv","27":"tag-tv-actu"},"share_on_mastodon":{"url":"https:\/\/pubeurope.com\/@fr\/114471583502487885","error":""},"_links":{"self":[{"href":"https:\/\/www.europesays.com\/fr\/wp-json\/wp\/v2\/posts\/84117","targetHints":{"allow":["GET"]}}],"collection":[{"href":"https:\/\/www.europesays.com\/fr\/wp-json\/wp\/v2\/posts"}],"about":[{"href":"https:\/\/www.europesays.com\/fr\/wp-json\/wp\/v2\/types\/post"}],"author":[{"embeddable":true,"href":"https:\/\/www.europesays.com\/fr\/wp-json\/wp\/v2\/users\/2"}],"replies":[{"embeddable":true,"href":"https:\/\/www.europesays.com\/fr\/wp-json\/wp\/v2\/comments?post=84117"}],"version-history":[{"count":0,"href":"https:\/\/www.europesays.com\/fr\/wp-json\/wp\/v2\/posts\/84117\/revisions"}],"wp:featuredmedia":[{"embeddable":true,"href":"https:\/\/www.europesays.com\/fr\/wp-json\/wp\/v2\/media\/84118"}],"wp:attachment":[{"href":"https:\/\/www.europesays.com\/fr\/wp-json\/wp\/v2\/media?parent=84117"}],"wp:term":[{"taxonomy":"category","embeddable":true,"href":"https:\/\/www.europesays.com\/fr\/wp-json\/wp\/v2\/categories?post=84117"},{"taxonomy":"post_tag","embeddable":true,"href":"https:\/\/www.europesays.com\/fr\/wp-json\/wp\/v2\/tags?post=84117"}],"curies":[{"name":"wp","href":"https:\/\/api.w.org\/{rel}","templated":true}]}}