{"id":84165,"date":"2025-05-08T10:18:11","date_gmt":"2025-05-08T10:18:11","guid":{"rendered":"https:\/\/www.europesays.com\/fr\/84165\/"},"modified":"2025-05-08T10:18:11","modified_gmt":"2025-05-08T10:18:11","slug":"grand-format-en-images-le-centre-commercial-beaulieu-fete-ses-50-ans-a-nantes-retour-sur-un-demi-siecle-de-transformation","status":"publish","type":"post","link":"https:\/\/www.europesays.com\/fr\/84165\/","title":{"rendered":"Grand format. EN IMAGES. Le centre commercial Beaulieu f\u00eate ses 50 ans \u00e0 Nantes, retour sur un demi-si\u00e8cle de transformation"},"content":{"rendered":"<p>            Par<br \/>\n        <strong><br \/>\n            <a href=\"https:\/\/actu.fr\/auteur\/clemence-pays02-actu-fr\" title=\"Consulter tous les articles de Cl\u00e9mence Pays\" rel=\"nofollow noopener\" target=\"_blank\">Cl\u00e9mence Pays<\/a><br \/>\n        <\/strong><\/p>\n<p>        Publi\u00e9 le<\/p>\n<p>            8 mai 2025 \u00e0 12h14        <\/p>\n<p>Voil\u00e0 un demi-si\u00e8cle que le <strong>centre commercial Beaulieu<\/strong> voit d\u00e9filer Nantaises et Nantais dans ses all\u00e9es. Pour assurer sa p\u00e9rennit\u00e9, l\u2019\u00e9tablissement a d\u00fb <strong>s\u2019adapter aux modes de consommation<\/strong> et aux attentes des clients. C\u2019est aussi l\u2019un des<strong> t\u00e9moins de l\u2019\u00e9volution de la cit\u00e9 des ducs de Bretagne,<\/strong> de son urbanisation et plus largement des enjeux de soci\u00e9t\u00e9 qui \u00e9voluent au fil des d\u00e9cennies.<\/p>\n<p class=\" wall-content\">Zoom sur <strong>50\u00a0ans <\/strong>d\u2019histoire.<\/p>\n<p>Un quartier en construction<\/p>\n<p class=\" wall-content\">C\u2019est au milieu des ann\u00e9es 1960 que l\u2019\u00eele Beaulieu (partie est de l\u2019actuelle \u00eele de Nantes) entame sa transformation. Face \u00e0 <strong>l\u2019expansion d\u00e9mographique et \u00e9conomique de Nantes,<\/strong> la Ville d\u00e9cide d\u2019urbaniser le secteur et de le doter d\u2019habitations et d\u2019\u00e9quipements tertiaires.<\/p>\n<p class=\" wall-content\">En pr\u00e9vision de ces nouvelles constructions, il est d\u00e9cid\u00e9 de<strong> cr\u00e9er un centre commercial<\/strong> pour r\u00e9pondre aux besoins des habitants du quartier.<\/p>\n<p>      <img decoding=\"async\" loading=\"lazy\" src=\"https:\/\/www.europesays.com\/fr\/wp-content\/uploads\/2025\/05\/centre-commercial-beaulieu-nantes-50-ans-8-960x640.jpg\" alt=\"beaulieu\" width=\"960\" height=\"640\"\/><br \/>\n    Le centre commercial Beaulieu dans les ann\u00e9es 1970. (\u00a9Centre commercial Beaulieu\/Transmis \u00e0 actu Nantes)<\/p>\n<p class=\" wall-content\">C\u2019est finalement le 11\u00a0mars 1975, que cette nouvelle unit\u00e9 commerciale est inaugur\u00e9e. Le <strong>12\u00a0mars 1975,<\/strong> \u00e0 10\u2009h, elle ouvre ses portes au public. \u00c0 l\u2019\u00e9poque, Beaulieu se pr\u00e9sente sous la forme \u00ab\u2009d\u2019une galerie hyper\u2009\u00bb, retrace Christopher Jacques, directeur du centre commercial.<\/p>\n<p class=\" wall-content\">\u00ab\u2009La promesse, c\u2019est <strong>\u2018tout sous le m\u00eame toit\u2019<\/strong> avec une offre alimentaire avec Casino et 50 boutiques pour faire du shopping.\u2009\u00bb Et d\u00e8s l\u2019ouverture, \u00ab\u2009c\u2019est un succ\u00e8s\u2009\u00bb, rapporte<a href=\"https:\/\/patrimonia.nantes.fr\/home\/decouvrir\/themes-et-quartiers\/centre-commercial-beaulieu.html\" rel=\"nofollow noopener\" target=\"_blank\"> Nantes Patrimonia<\/a>, puisque<strong> le premier jour, 10\u2009000\u00a0visiteurs<\/strong> se rendent au Casino.<\/p>\n<p class=\" wall-content\">Dans la galerie, les commerces sont surtout <strong>ax\u00e9s autour du pr\u00eat-\u00e0-porter,<\/strong> des accessoires et de la bijouterie. \u00ab\u2009Il y a eu beaucoup de <strong>demandes de commer\u00e7ants ind\u00e9pendants<\/strong> du centre-ville, qui \u00e9taient assez puissants \u00e0 Nantes. Ils ont tous voulu avoir une place dans le centre commercial\u2009\u00bb, raconte Christopher Jacques.<\/p>\n<p>Des animations pour f\u00eater les 50 ans<\/p>\n<p>Depuis le 29 avril et jusqu&rsquo;au 10 mai, le centre commercial organise son Voyage extraordinaire, \u00ab\u00a0pour remercier les clients\u00a0\u00bb, annonce Christopher Jacques.<br \/>Samedi 10 mai, de 14 h \u00e0 18 h, il y aura un bar \u00e0 vinyle avec DJ ; jusqu&rsquo;au 10 mai, de 13 h 30 \u00e0 18 h 30, un escape game immersif est organis\u00e9 avec \u00e0 la cl\u00e9, un tour de montgolfi\u00e8re en famille. <br \/>Des jeux-concours sur des bornes et des cartes cadeaux sont \u00e0 gagner tout au long de l&rsquo;\u00e9v\u00e9nement.<\/p>\n<p>Trois extensions<\/p>\n<p class=\" wall-content\">Face \u00e0 ce succ\u00e8s et pour r\u00e9pondre aux demandes des commer\u00e7ants, un<strong> premier agrandissement<\/strong> est livr\u00e9<strong> en 1987.<\/strong> \u00ab\u2009Trente boutiques suppl\u00e9mentaires s\u2019installent avec une caf\u00e9t\u00e9ria\u2009\u00bb, pr\u00e9cise le directeur du centre commercial.<\/p>\n<p class=\" wall-content\">C\u2019est vingt ans plus tard, en <strong>2008<\/strong> que Beaulieu se m\u00e9tamorphose \u00e0 nouveau. \u00ab\u2009Cette <strong>deuxi\u00e8me extension<\/strong> veut r\u00e9pondre aux tendances des ann\u00e9es 2000, avec plus de place pour les enseignes, plus de restauration tout en accueillant toujours une offre de shopping, cette fois avec des grandes enseignes comme Mango, Zara\u2026\u2009\u00bb, constate Christopher Jacques.<\/p>\n<p>      <img decoding=\"async\" loading=\"lazy\" src=\"https:\/\/www.europesays.com\/fr\/wp-content\/uploads\/2025\/05\/6-50-ans-centre-commercial-beaulieu-nantes-commerces-960x640.jpeg\" alt=\"La grande entr\u00e9e du centre commercial Beaulieu a \u00e9t\u00e9 construite lors des travaux d'extensions livr\u00e9s en 2008.\" width=\"960\" height=\"640\"\/><br \/>\n    La grande entr\u00e9e du centre commercial Beaulieu a \u00e9t\u00e9 construite lors des travaux d\u2019extensions livr\u00e9s en 2008. (\u00a9Cl\u00e9mence Pays\/actu Nantes)<\/p>\n<p class=\" wall-content\">C\u2019est aussi au cours de ces travaux que la<strong> grande entr\u00e9e<\/strong> \u00e0 l\u2019angle du boulevard du G\u00e9n\u00e9ral-de-Gaulle et de la rue Ga\u00ebtan-Rondeau est cr\u00e9\u00e9e.<\/p>\n<p class=\" wall-content\">En 2017, de nouveaux travaux de r\u00e9novation sont livr\u00e9s. Dans la foul\u00e9e, en 2022, <a href=\"https:\/\/actu.fr\/pays-de-la-loire\/nantes_44109\/nantes-en-attendant-l-arrivee-de-primark-le-futur-beaulieu-inaugure-son-nouveau-parvis_55021781.html\" rel=\"nofollow noopener\" target=\"_blank\">un nouveau parvis est construit<\/a>, rue Dr Jules-Sebilleau. Et la <strong>troisi\u00e8me et derni\u00e8re extension<\/strong> du centre commerciale est livr\u00e9e <strong>en 2023.<\/strong><\/p>\n<p>      <img decoding=\"async\" loading=\"lazy\" src=\"https:\/\/www.europesays.com\/fr\/wp-content\/uploads\/2025\/05\/5-50-ans-centre-commercial-beaulieu-nantes-commerces-960x640.jpeg\" alt=\"Le parvis entre la rue Ga\u00ebtan-Rondeau et la rue du Dr.Jules-Sebilleau a \u00e9t\u00e9 livr\u00e9 en 2022.\" width=\"960\" height=\"640\"\/><br \/>\n    Le parvis entre la rue Ga\u00ebtan-Rondeau et la rue du Dr. Jules-Sebilleau a \u00e9t\u00e9 livr\u00e9 en 2022. (\u00a9Cl\u00e9mence Pays\/actu Nantes)D\u2019un lieu de consommation vers un lieu de services<\/p>\n<p class=\" wall-content\">Cette troisi\u00e8me extension \u2013 pr\u00e9vue pour <a href=\"https:\/\/actu.fr\/pays-de-la-loire\/nantes_44109\/primark-a-nantes-1-500-personnes-se-ruent-dans-le-magasin-des-son-ouverture_60315694.html\" rel=\"nofollow noopener\" target=\"_blank\">accueillir l\u2019enseigne Primark<\/a> \u2013 marque sans doute l\u2019une des plus grandes transformations du centre commercial. \u00ab\u2009Pendant le Covid, on s\u2019est rendu compte qu\u2019outre un lieu de shopping, <strong>on est vu comme un lieu de vie\u2009\u00bb,<\/strong> r\u00e9v\u00e8le le directeur de Beaulieu.<\/p>\n<blockquote class=\"ac-article-quote wall-content\">\n<p>La r\u00e9flexion a d\u00e9marr\u00e9 avant 2020. Entre l&rsquo;\u00e9volution des tendances et la concurrence du e-commerce, il fallait faire des efforts pour se r\u00e9adapter et faire de nos centres commerciaux des hubs.<\/p>\n<p>    <strong>Christopher Jacques<\/strong><br \/>\n        Directeur du centre commercial Beaulieu    <\/p><\/blockquote>\n<p class=\" wall-content\">Ainsi, le centre commercial ne doit plus \u00eatre simplement un lieu pour \u00ab\u2009acheter un produit, mais \u00eatre un lieu pour<strong> se soigner, se restaurer, s\u2019amuser<\/strong> et parfois pour rien, juste pour retrouver ses amis parce qu\u2019on s\u2019y sent bien\u2009\u00bb.<\/p>\n<p>      <img decoding=\"async\" loading=\"lazy\" src=\"https:\/\/www.europesays.com\/fr\/wp-content\/uploads\/2025\/05\/centre-commercial-beaulieu-nantes-50-ans-1-960x640.jpg\" alt=\"Beaulieu\" width=\"960\" height=\"640\"\/><br \/>\n    L\u2019int\u00e9rieur du centre commercial Beaulieu, dans les ann\u00e9es 1970-1980. (\u00a9Centre commercial Beaulieu\/Transmis \u00e0 actu Nantes)<\/p>\n<p class=\" wall-content\">Pour confirmer cette ambition, le centre commercial consolide son offre de services avec une pharmacie, un centre de sant\u00e9, <a href=\"https:\/\/actu.fr\/pays-de-la-loire\/nantes_44109\/nantes-une-salle-de-fitness-ouvre-dans-le-centre-commercial-beaulieu_52272164.html\" rel=\"nofollow noopener\" target=\"_blank\">une salle de fitness<\/a>. Des<strong> animations<\/strong> sont \u00e9galement r\u00e9guli\u00e8rement organis\u00e9es.<\/p>\n<p class=\" wall-content\">Beaulieu se veut aussi \u00eatre<strong> \u00ab\u2009un lieu d\u2019informations\u2009\u00bb,<\/strong> avec des temps forts organis\u00e9s en partenariat avec Nantes M\u00e9tropole sur la sensibilisation au recyclage ou encore \u00e0 l\u2019emploi.<\/p>\n<p class=\" wall-content\"><strong>\u00ab\u2009On a un r\u00f4le \u00e0 jouer qui d\u00e9passe le simple acte d\u2019achat\u2009\u00bb,<\/strong> estime Christopher Jacques.<\/p>\n<p>Anticiper les tendances<\/p>\n<p class=\" wall-content\">Pour faire vivre le centre, le choix des enseignes est donc essentiel. Un choix \u00ab\u2009r\u00e9fl\u00e9chi et strat\u00e9gique, selon l\u2019\u00e9volution des tendances\u2009\u00bb, d\u00e9voile Christopher Jacques. Une affaire qui n\u2019est pas toujours simple puisque ces changements d\u00e9pendent aussi de <strong>la r\u00e9alit\u00e9 \u00ab\u2009du temps de l\u2019immobilier\u2009\u00bb.<\/strong> \u00ab\u2009On n\u2019a pas toujours la place\u2009\u00bb pour faire entrer certaines marques, d\u00e9taille le directeur du centre commercial.<\/p>\n<p class=\" wall-content\">Depuis l\u2019extension de 2023 et l\u2019arriv\u00e9e de Primark, <strong>\u00ab\u200931 nouvelles boutiques ont ouvert en cinq ans,<\/strong> cela repr\u00e9sente un tiers de renouvellement\u2009\u00bb. Des nouveaut\u00e9s qui ont permis d\u2019attirer la client\u00e8le \u00ab\u2009sur un tr\u00e8s large secteur\u2009\u00bb.<\/p>\n<blockquote class=\"ac-article-quote wall-content\">\n<p>Beaulieu, c&rsquo;est un centre commercial qui avait perdu son cachet r\u00e9gional et qui est d\u00e9sormais revenu sur l&rsquo;\u00e9chiquier.<\/p>\n<p>    <strong>Christopher Jacques<\/strong><br \/>\n        Directeur du centre commercial Beaulieu    <\/p><\/blockquote>\n<p class=\" wall-content\">Pour cela, la direction n\u2019h\u00e9site pas \u00e0 <strong>varier les types de baux propos\u00e9s.<\/strong> \u00ab\u2009En priorit\u00e9, ce sont des baux commerciaux, mais pour les enseignes qui veulent tester des choses, on propose un bail \u00e9ph\u00e9m\u00e8re\u2009\u00bb, souligne Christopher Jacques. Une flexibilit\u00e9 qui offre des avantages aux marques qui souhaitent se lancer.<\/p>\n<p>Du nouveau \u00e0 venir<\/p>\n<p class=\" wall-content\">Depuis deux ans, Beaulieu se concentre sur les <strong>enseignes \u00ab\u2009discount\u2009\u00bb,<\/strong> comme Primark donc, mais aussi <a href=\"https:\/\/actu.fr\/pays-de-la-loire\/nantes_44109\/nantes-voici-la-date-d-ouverture-du-deuxieme-magasin-normal_60543882.html\" rel=\"nofollow noopener\" target=\"_blank\">Normal<\/a>, plus en phase avec le pouvoir d\u2019achat de la client\u00e8le.<\/p>\n<p class=\" wall-content\">Mais des enseignes interm\u00e9diaires comme JD Sport ou Pull&amp;Bear ont \u00e9galement pris place dans les all\u00e9es du centre commercial.<\/p>\n<p>      <img decoding=\"async\" loading=\"lazy\" src=\"https:\/\/www.europesays.com\/fr\/wp-content\/uploads\/2025\/05\/2-50-ans-centre-commercial-beaulieu-nantes-directeur-christopher-jacques-960x640.jpeg\" alt=\"christopher jacques\" width=\"960\" height=\"640\"\/><br \/>\n    Christopher Jacques, directeur du centre commercial Beaulieu, et son \u00e9quipe ont organis\u00e9 de nombreuses animations \u00e0 l\u2019occasion des 50\u00a0ans du centre. (\u00a9Cl\u00e9mence Pays\/actu Nantes)<\/p>\n<p class=\" wall-content\">\u00ab\u2009On a aussi des <strong>enseignes plus durables,<\/strong> avec un vide-dressing par exemple. C\u2019est quelque chose que le public demande.\u2009\u00bb<\/p>\n<p class=\" wall-content\">En se promenant, on peut \u00e9galement voir quelques<strong> palissades<\/strong> cacher des cellules commerciales. \u00ab\u2009Derri\u00e8re, il y a toujours au moins un projet\u2009\u00bb, assure le directeur.<\/p>\n<blockquote class=\"ac-article-quote wall-content\">\n<p>Dans les deux ans, l&rsquo;offre va se renouveler pour \u00eatre en phase avec l&rsquo;\u00e9volution des tendances.<\/p>\n<p>    <strong>Christopher Jacques<\/strong><br \/>\n        Directeur du centre commercial Beaulieu    <\/p><\/blockquote>\n<p class=\" wall-content\">Pour preuve, <strong>\u00ab\u2009des nouveaut\u00e9s sont \u00e0 venir d\u2019ici la fin d\u2019ann\u00e9e\u2009\u00bb,<\/strong> avec en t\u00eate l\u2019arriv\u00e9e de <a href=\"https:\/\/actu.fr\/pays-de-la-loire\/nantes_44109\/nantes-deux-nouveaux-restaurants-de-kebab-vont-ouvrir-dans-ces-centres-commerciaux_62523836.html\" rel=\"nofollow noopener\" target=\"_blank\">Berliner<\/a> et de La Romainville. D\u2019autres installations sont pr\u00e9vues, mais pour l\u2019instant, le directeur du centre commercial garde le secret sur ces noms\u2026<\/p>\n<p class=\" wall-content\">Suivez toute l\u2019actualit\u00e9 de vos villes et m\u00e9dias favoris en vous inscrivant \u00e0 <a href=\"https:\/\/moncompte.actu.fr\" title=\"D\u00e9couvez Mon Actu\" rel=\"nofollow noopener\" data-trk=\"{&quot;cta&quot;:{&quot;action&quot;:&quot;https:\\\/\\\/moncompte.actu.fr&quot;,&quot;category&quot;:&quot;mon compte&quot;,&quot;from&quot;:&quot;article footer&quot;,&quot;name&quot;:&quot;Mon actu&quot;,&quot;type&quot;:&quot;cta&quot;}}\" target=\"_blank\">Mon Actu<\/a>.<\/p>\n","protected":false},"excerpt":{"rendered":"Par Cl\u00e9mence Pays Publi\u00e9 le 8 mai 2025 \u00e0 12h14 Voil\u00e0 un demi-si\u00e8cle que le centre commercial Beaulieu&hellip;\n","protected":false},"author":2,"featured_media":84166,"comment_status":"","ping_status":"","sticky":false,"template":"","format":"standard","meta":{"footnotes":""},"categories":[2818],"tags":[1111,11,215,1777,674,1011,27,937,766,12,2636,25,104],"class_list":{"0":"post-84165","1":"post","2":"type-post","3":"status-publish","4":"format-standard","5":"has-post-thumbnail","7":"category-nantes","8":"tag-actu","9":"tag-actualites","10":"tag-commerce","11":"tag-eu","12":"tag-europe","13":"tag-fr","14":"tag-france","15":"tag-histoire","16":"tag-nantes","17":"tag-news","18":"tag-pays-de-la-loire","19":"tag-republique-francaise","20":"tag-societe"},"share_on_mastodon":{"url":"https:\/\/pubeurope.com\/@fr\/114471705355259364","error":""},"_links":{"self":[{"href":"https:\/\/www.europesays.com\/fr\/wp-json\/wp\/v2\/posts\/84165","targetHints":{"allow":["GET"]}}],"collection":[{"href":"https:\/\/www.europesays.com\/fr\/wp-json\/wp\/v2\/posts"}],"about":[{"href":"https:\/\/www.europesays.com\/fr\/wp-json\/wp\/v2\/types\/post"}],"author":[{"embeddable":true,"href":"https:\/\/www.europesays.com\/fr\/wp-json\/wp\/v2\/users\/2"}],"replies":[{"embeddable":true,"href":"https:\/\/www.europesays.com\/fr\/wp-json\/wp\/v2\/comments?post=84165"}],"version-history":[{"count":0,"href":"https:\/\/www.europesays.com\/fr\/wp-json\/wp\/v2\/posts\/84165\/revisions"}],"wp:featuredmedia":[{"embeddable":true,"href":"https:\/\/www.europesays.com\/fr\/wp-json\/wp\/v2\/media\/84166"}],"wp:attachment":[{"href":"https:\/\/www.europesays.com\/fr\/wp-json\/wp\/v2\/media?parent=84165"}],"wp:term":[{"taxonomy":"category","embeddable":true,"href":"https:\/\/www.europesays.com\/fr\/wp-json\/wp\/v2\/categories?post=84165"},{"taxonomy":"post_tag","embeddable":true,"href":"https:\/\/www.europesays.com\/fr\/wp-json\/wp\/v2\/tags?post=84165"}],"curies":[{"name":"wp","href":"https:\/\/api.w.org\/{rel}","templated":true}]}}