{"id":84173,"date":"2025-05-08T10:22:09","date_gmt":"2025-05-08T10:22:09","guid":{"rendered":"https:\/\/www.europesays.com\/fr\/84173\/"},"modified":"2025-05-08T10:22:09","modified_gmt":"2025-05-08T10:22:09","slug":"toulouse-un-controleur-de-metro-se-defend-contre-un-homme-violent-et-risque-le-licenciement","status":"publish","type":"post","link":"https:\/\/www.europesays.com\/fr\/84173\/","title":{"rendered":"Toulouse : un contr\u00f4leur de m\u00e9tro se d\u00e9fend contre un homme violent et risque le licenciement"},"content":{"rendered":"<p>\tToulouse : un contr\u00f4leur de m\u00e9tro se d\u00e9fend contre un homme violent et risque le licenciement &#8211; Valeurs actuelles<\/p>\n<p><a href=\"https:\/\/www.valeursactuelles.com\/\" target=\"_blank\" rel=\"noopener\">Accueil<\/a> \u00bb <a href=\"https:\/\/www.valeursactuelles.com\/societe\" target=\"_blank\" rel=\"noopener\">Soci\u00e9t\u00e9<\/a> \u00bb Toulouse : un contr\u00f4leur de m\u00e9tro se d\u00e9fend contre un homme violent et risque le licenciement<\/p>\n","protected":false},"excerpt":{"rendered":"Toulouse : un contr\u00f4leur de m\u00e9tro se d\u00e9fend contre un homme violent et risque le licenciement &#8211; Valeurs&hellip;\n","protected":false},"author":2,"featured_media":84174,"comment_status":"","ping_status":"","sticky":false,"template":"","format":"standard","meta":{"footnotes":""},"categories":[2816],"tags":[1111,11,1120,7325,1777,674,1011,27,414,4047,12,2680,25,2312],"class_list":{"0":"post-84173","1":"post","2":"type-post","3":"status-publish","4":"format-standard","5":"has-post-thumbnail","7":"category-toulouse","8":"tag-actu","9":"tag-actualites","10":"tag-agression","11":"tag-controle","12":"tag-eu","13":"tag-europe","14":"tag-fr","15":"tag-france","16":"tag-licenciement","17":"tag-metro","18":"tag-news","19":"tag-occitanie","20":"tag-republique-francaise","21":"tag-toulouse"},"share_on_mastodon":{"url":"https:\/\/pubeurope.com\/@fr\/114471721130480456","error":""},"_links":{"self":[{"href":"https:\/\/www.europesays.com\/fr\/wp-json\/wp\/v2\/posts\/84173","targetHints":{"allow":["GET"]}}],"collection":[{"href":"https:\/\/www.europesays.com\/fr\/wp-json\/wp\/v2\/posts"}],"about":[{"href":"https:\/\/www.europesays.com\/fr\/wp-json\/wp\/v2\/types\/post"}],"author":[{"embeddable":true,"href":"https:\/\/www.europesays.com\/fr\/wp-json\/wp\/v2\/users\/2"}],"replies":[{"embeddable":true,"href":"https:\/\/www.europesays.com\/fr\/wp-json\/wp\/v2\/comments?post=84173"}],"version-history":[{"count":0,"href":"https:\/\/www.europesays.com\/fr\/wp-json\/wp\/v2\/posts\/84173\/revisions"}],"wp:featuredmedia":[{"embeddable":true,"href":"https:\/\/www.europesays.com\/fr\/wp-json\/wp\/v2\/media\/84174"}],"wp:attachment":[{"href":"https:\/\/www.europesays.com\/fr\/wp-json\/wp\/v2\/media?parent=84173"}],"wp:term":[{"taxonomy":"category","embeddable":true,"href":"https:\/\/www.europesays.com\/fr\/wp-json\/wp\/v2\/categories?post=84173"},{"taxonomy":"post_tag","embeddable":true,"href":"https:\/\/www.europesays.com\/fr\/wp-json\/wp\/v2\/tags?post=84173"}],"curies":[{"name":"wp","href":"https:\/\/api.w.org\/{rel}","templated":true}]}}