{"id":84179,"date":"2025-05-08T10:25:09","date_gmt":"2025-05-08T10:25:09","guid":{"rendered":"https:\/\/www.europesays.com\/fr\/84179\/"},"modified":"2025-05-08T10:25:09","modified_gmt":"2025-05-08T10:25:09","slug":"ca-a-change-ma-vie-yassine-nassah-20-ans-eclaireur-marseillais-embarque-a-nouveau-a-bord-du-belem-en-juillet","status":"publish","type":"post","link":"https:\/\/www.europesays.com\/fr\/84179\/","title":{"rendered":"\u00ab\u00a0\u00c7a a chang\u00e9 ma vie\u00a0\u00bb, Yassine Nassah, 20 ans, \u00c9claireur Marseillais, embarque \u00e0 nouveau \u00e0 bord du Belem en juillet"},"content":{"rendered":"<p>Manger face au Stromboli et contempler les \u00e9ruptions de lave sur la roche, admirer un coucher de soleil qui se refl\u00e8te dans les vagues, berc\u00e9 par les notes d\u2019accord\u00e9on jou\u00e9es par un membre de l\u2019\u00e9quipage\u2026 De son <a href=\"https:\/\/www.laprovence.com\/article\/region\/3611949294077215\/jo-2024-yassine-nassah-le-jeune-marseillais-choisi-par-la-caisse-depargne-cepac-pour-accompagner-le-flamme-a-bord-du-belem\" target=\"_blank\" rel=\"nofollow noopener\">s\u00e9jour sur le Belem, Yassine Nassah<\/a> garde des souvenirs inalt\u00e9rables. \u00ab\u00a0Je m\u2019en souviendrai \u00e0 jamais. \u00c7a a chang\u00e9 ma vie\u00a0\u00bb, raconte-t-il avec nostalgie.<\/p>\n<p>Un an apr\u00e8s son exp\u00e9dition sur ce c\u00e9l\u00e8bre trois-m\u00e2ts, le jeune Marseillais, issu du quartier de la Rose (13e), se rappelle avec \u00e9motion de son s\u00e9jour, \u00e0 l\u2019occasion de la <a href=\"https:\/\/www.laprovence.com\/videos\/le-belem-quitte-la-grce-pour-marseille-avec-la-flamme-olympique\/12541866\" target=\"_blank\" rel=\"nofollow noopener\">travers\u00e9e de la flamme olympique du port du Pir\u00e9e \u00e0 Ath\u00e8nes \u00e0 Marseille<\/a> en mai\u00a02024. C\u2019est apr\u00e8s un stage de formation de trois jours que le jeune homme de 20\u00a0ans avait \u00e9t\u00e9 s\u00e9lectionn\u00e9 par la Caisse d\u2019\u00c9pargne Provence Alpes Corse, partenaire premier des <a href=\"https:\/\/www.laprovence.com\/article\/sports\/2398908228223815\/jeux-paralympiques-2024-pour-prolonger-la-fete\" target=\"_blank\" rel=\"nofollow noopener\">Jeux olympiques et paralympiques<\/a>, pour monter \u00e0 bord du navire.<\/p>\n<p>\u00ab\u00a0J\u2019ai pris en confiance en moi\u00a0\u00bb<\/p>\n<p>Faire des man\u0153uvres, changer de cap, apprendre les constellations, cuisiner avec la brigade de commis\u2026 Toutes ces exp\u00e9riences ont marqu\u00e9 le jeune Marseillais. \u00ab\u00a0J\u2019ai appris beaucoup de choses. Je ne suis plus le m\u00eame et j\u2019ai pris confiance en moi. \u00c7a m\u2019a permis de savoir que je pouvais r\u00e9aliser tout ce que je voulais\u00a0\u00bb, raconte Yassine Nassah, enjou\u00e9.<\/p>\n","protected":false},"excerpt":{"rendered":"Manger face au Stromboli et contempler les \u00e9ruptions de lave sur la roche, admirer un coucher de soleil&hellip;\n","protected":false},"author":2,"featured_media":84180,"comment_status":"","ping_status":"","sticky":false,"template":"","format":"standard","meta":{"footnotes":""},"categories":[2814],"tags":[17,1111,11,1764,1433,6861,19302,1777,674,1011,27,884,19301,12,882,16,25,4717,19300],"class_list":{"0":"post-84179","1":"post","2":"type-post","3":"status-publish","4":"format-standard","5":"has-post-thumbnail","7":"category-marseille","8":"tag-17","9":"tag-actu","10":"tag-actualites","11":"tag-ans","12":"tag-ca","13":"tag-change","14":"tag-embarque","15":"tag-eu","16":"tag-europe","17":"tag-fr","18":"tag-france","19":"tag-marseille","20":"tag-nassah","21":"tag-news","22":"tag-provence-alpes-cote-dazur","23":"tag-region","24":"tag-republique-francaise","25":"tag-vie","26":"tag-yassine"},"share_on_mastodon":{"url":"https:\/\/pubeurope.com\/@fr\/114471732807914347","error":""},"_links":{"self":[{"href":"https:\/\/www.europesays.com\/fr\/wp-json\/wp\/v2\/posts\/84179","targetHints":{"allow":["GET"]}}],"collection":[{"href":"https:\/\/www.europesays.com\/fr\/wp-json\/wp\/v2\/posts"}],"about":[{"href":"https:\/\/www.europesays.com\/fr\/wp-json\/wp\/v2\/types\/post"}],"author":[{"embeddable":true,"href":"https:\/\/www.europesays.com\/fr\/wp-json\/wp\/v2\/users\/2"}],"replies":[{"embeddable":true,"href":"https:\/\/www.europesays.com\/fr\/wp-json\/wp\/v2\/comments?post=84179"}],"version-history":[{"count":0,"href":"https:\/\/www.europesays.com\/fr\/wp-json\/wp\/v2\/posts\/84179\/revisions"}],"wp:featuredmedia":[{"embeddable":true,"href":"https:\/\/www.europesays.com\/fr\/wp-json\/wp\/v2\/media\/84180"}],"wp:attachment":[{"href":"https:\/\/www.europesays.com\/fr\/wp-json\/wp\/v2\/media?parent=84179"}],"wp:term":[{"taxonomy":"category","embeddable":true,"href":"https:\/\/www.europesays.com\/fr\/wp-json\/wp\/v2\/categories?post=84179"},{"taxonomy":"post_tag","embeddable":true,"href":"https:\/\/www.europesays.com\/fr\/wp-json\/wp\/v2\/tags?post=84179"}],"curies":[{"name":"wp","href":"https:\/\/api.w.org\/{rel}","templated":true}]}}