{"id":84207,"date":"2025-05-08T10:39:14","date_gmt":"2025-05-08T10:39:14","guid":{"rendered":"https:\/\/www.europesays.com\/fr\/84207\/"},"modified":"2025-05-08T10:39:14","modified_gmt":"2025-05-08T10:39:14","slug":"lespagne-lallemagne-et-langleterre-absentes-en-finale-de-c1-une-premiere-depuis","status":"publish","type":"post","link":"https:\/\/www.europesays.com\/fr\/84207\/","title":{"rendered":"L\u2019Espagne, l\u2019Allemagne et l\u2019Angleterre absentes en finale de C1, une premi\u00e8re depuis\u2026"},"content":{"rendered":"<p data-testid=\"article-teaser\">Un \u00e9v\u00e9nement rare va se produire en Ligue des champions : aucune \u00e9quipe anglaise, allemande ou espagnole ne sera pr\u00e9sente en finale cette ann\u00e9e.<\/p>\n<p><a href=\"https:\/\/www.goal.com\/fr\/listes\/comme-l-om-en-93-le-psg-face-a-l-inter-pour-ecrire-l-histoire-encore-a-munich\/blt14b8217467df3272\" target=\"_self\" rel=\"nofollow noopener\">Le choc entre le Paris Saint-Germain et l\u2019Inter Milan, pr\u00e9vu le 31 mai \u00e0 Munich<\/a>, ne ressemble \u00e0 aucun autre disput\u00e9 depuis plus de deux d\u00e9cennies en Ligue des champions. En effet, cette affiche met fin \u00e0 une longue domination des clubs issus des trois principaux championnats europ\u00e9ens : la Premier League, la Liga et la Bundesliga. Une situation in\u00e9dite dans le paysage du football continental moderne.<\/p>\n<p>L&rsquo;article continue ci-dessous<\/p>\n","protected":false},"excerpt":{"rendered":"Un \u00e9v\u00e9nement rare va se produire en Ligue des champions : aucune \u00e9quipe anglaise, allemande ou espagnole ne&hellip;\n","protected":false},"author":2,"featured_media":84208,"comment_status":"","ping_status":"","sticky":false,"template":"","format":"standard","meta":{"footnotes":""},"categories":[1587],"tags":[11,672,4782,1804,1805,1803,1777,674,1801,10317,19317,447,3490,16663,967,12,91,70,4790,1802],"class_list":{"0":"post-84207","1":"post","2":"type-post","3":"status-publish","4":"format-standard","5":"has-post-thumbnail","7":"category-allemagne","8":"tag-actualites","9":"tag-allemagne","10":"tag-bayern-munich","11":"tag-bundesrepublik-deutschland","12":"tag-de","13":"tag-deutschland","14":"tag-eu","15":"tag-europe","16":"tag-germany","17":"tag-inter","18":"tag-laliga","19":"tag-ligue-des-champions","20":"tag-liverpool","21":"tag-manchester-city","22":"tag-milan-ac","23":"tag-news","24":"tag-paris-saint-germain","25":"tag-premier-league","26":"tag-real-madrid","27":"tag-republique-federale-dallemagne"},"share_on_mastodon":{"url":"https:\/\/pubeurope.com\/@fr\/114471787811047839","error":""},"_links":{"self":[{"href":"https:\/\/www.europesays.com\/fr\/wp-json\/wp\/v2\/posts\/84207","targetHints":{"allow":["GET"]}}],"collection":[{"href":"https:\/\/www.europesays.com\/fr\/wp-json\/wp\/v2\/posts"}],"about":[{"href":"https:\/\/www.europesays.com\/fr\/wp-json\/wp\/v2\/types\/post"}],"author":[{"embeddable":true,"href":"https:\/\/www.europesays.com\/fr\/wp-json\/wp\/v2\/users\/2"}],"replies":[{"embeddable":true,"href":"https:\/\/www.europesays.com\/fr\/wp-json\/wp\/v2\/comments?post=84207"}],"version-history":[{"count":0,"href":"https:\/\/www.europesays.com\/fr\/wp-json\/wp\/v2\/posts\/84207\/revisions"}],"wp:featuredmedia":[{"embeddable":true,"href":"https:\/\/www.europesays.com\/fr\/wp-json\/wp\/v2\/media\/84208"}],"wp:attachment":[{"href":"https:\/\/www.europesays.com\/fr\/wp-json\/wp\/v2\/media?parent=84207"}],"wp:term":[{"taxonomy":"category","embeddable":true,"href":"https:\/\/www.europesays.com\/fr\/wp-json\/wp\/v2\/categories?post=84207"},{"taxonomy":"post_tag","embeddable":true,"href":"https:\/\/www.europesays.com\/fr\/wp-json\/wp\/v2\/tags?post=84207"}],"curies":[{"name":"wp","href":"https:\/\/api.w.org\/{rel}","templated":true}]}}