{"id":84211,"date":"2025-05-08T10:41:24","date_gmt":"2025-05-08T10:41:24","guid":{"rendered":"https:\/\/www.europesays.com\/fr\/84211\/"},"modified":"2025-05-08T10:41:24","modified_gmt":"2025-05-08T10:41:24","slug":"le-commissaire-europeen-au-commerce-annonce-lacceleration-des-negociations-de-libre-echange-avec-lasie","status":"publish","type":"post","link":"https:\/\/www.europesays.com\/fr\/84211\/","title":{"rendered":"Le commissaire europ\u00e9en au Commerce annonce l&rsquo;acc\u00e9l\u00e9ration des n\u00e9gociations de libre-\u00e9change avec l&rsquo;Asie"},"content":{"rendered":"<p>&#13;<br \/>\n                        Le commissaire europ\u00e9en au Commerce annonce l&rsquo;acc\u00e9l\u00e9ration des n\u00e9gociations de libre-\u00e9change avec l&rsquo;Asie&#13;\n                    <\/p>\n<p style=\"text-align:\">L&rsquo;Union europ\u00e9enne (UE) acc\u00e9l\u00e8re ses n\u00e9gociations de libre-\u00e9change avec l&rsquo;Asie apr\u00e8s l&rsquo;instauration de droits de douane \u00e9lev\u00e9s par le pr\u00e9sident am\u00e9ricain Donald Trump, a annonc\u00e9 mercredi 7 mai le commissaire europ\u00e9en au Commerce, Maros Sefcovic.<\/p>\n<p><a href=\"https:\/\/lecourrier.vn\/lue-et-les-philippines-decident-de-reprendre-les-negociations-de-libre-echange\/1185196.html\" title=\"L&#039;UE et les Philippines d\u00e9cident de reprendre les n\u00e9gociations de libre-\u00e9change\" target=\"_blank\" rel=\"noopener\">&gt;&gt; L&rsquo;UE et les Philippines d\u00e9cident de reprendre les n\u00e9gociations de libre-\u00e9change<\/a><\/p>\n<p><a href=\"https:\/\/lecourrier.vn\/libre-echange-lue-et-le-mercosur-signent-un-accord-en-attente-de-ratification\/1273887.html\" title=\"Libre-\u00e9change : l&#039;UE et le Mercosur signent un accord, en attente de ratification\" target=\"_blank\" rel=\"noopener\">&gt;&gt; Libre-\u00e9change : l&rsquo;UE et le Mercosur signent un accord, en attente de ratification<\/a><\/p>\n<tr>\n<td class=\"pic\"><img decoding=\"async\" class=\"lazyload\" src=\"https:\/\/www.europesays.com\/fr\/wp-content\/uploads\/2025\/05\/120532-3.webp.webp\" alt=\"\"\/><\/td>\n<\/tr>\n<tr>\n<td class=\"caption\">Le commissaire europ\u00e9en au Commerce, Maros Sefcovic, s&rsquo;adressant \u00e0 des journalistes \u00e0 Singapour le 7 mai. <\/td>\n<\/tr>\n<tr align=\"right\">\n<td class=\"author\">Photo : AFP\/VNA\/CVN<\/td>\n<\/tr>\n<p style=\"text-align:left\">Les n\u00e9gociations avec Washington sont une priorit\u00e9, mais elles ne se feront pas \u00ab\u00a0\u00e0 n&rsquo;importe quel prix\u00a0\u00bb, a d\u00e9clar\u00e9 M.Sefcovic, aux journalistes \u00e0 Singapour.<\/p>\n<p style=\"text-align:left\">Il a tenu \u00e0 \u00ab\u00a0souligner que dans le contexte g\u00e9opolitique actuel, nous veillons \u00e0 ce que l&rsquo;UE ne mette pas tous ses \u0153ufs dans le m\u00eame panier\u00a0\u00bb.<\/p>\n<p style=\"text-align:left\">\u00ab\u00a0Au niveau bilat\u00e9ral, nous acc\u00e9l\u00e9rons les n\u00e9gociations avec l&rsquo;Indon\u00e9sie, les Philippines, la Tha\u00eflande et la Malaisie\u00a0\u00bb, a-t-il ajout\u00e9.<\/p>\n<p style=\"text-align:left\">Ces quatre pays sont des membres cl\u00e9s de l&rsquo;Association des nations de l&rsquo;Asie du Sud-Est (ASEAN), o\u00f9 vivent plus de 650 millions d&rsquo;habitants.<\/p>\n<p style=\"text-align:left\">\u00ab\u00a0Nous intensifions \u00e9galement nos relations avec l&rsquo;Inde. Nous avons entam\u00e9 un nouveau cycle de n\u00e9gociations la semaine derni\u00e8re\u00a0\u00bb, a d\u00e9clar\u00e9 M. Sefcovic.<\/p>\n<p style=\"text-align:left\">Il s&rsquo;exprimait \u00e0 Singapour apr\u00e8s la signature mercredi 7 mai d&rsquo;un accord commercial portant sur le num\u00e9rique entre l&rsquo;UE et la cit\u00e9-\u00c9tat.<\/p>\n<p style=\"text-align:left\">\u00ab\u00a0Notre objectif est \u00e9galement tr\u00e8s clair : continuer \u00e0 signer des accords et rester un partenaire fiable, digne de confiance et pr\u00e9visible dans un contexte mondial en rapide \u00e9volution\u00a0\u00bb, a-t-il d\u00e9clar\u00e9.<\/p>\n<p style=\"text-align:left\">Le commissaire a d\u00e9clar\u00e9 que l&rsquo;UE envisageait \u00e9galement une \u00ab\u00a0coop\u00e9ration renforc\u00e9e\u00a0\u00bb avec les membres de l&rsquo;Accord de partenariat transpacifique global et progressiste (CPTPP).<\/p>\n<p style=\"text-align:left\"><b>Signes de \u00ab\u00a0d\u00e9sescalade\u00a0\u00bb<\/b><\/p>\n<p style=\"text-align:left\">L&rsquo;UE d\u00e9gage un exc\u00e9dent de 154 milliards d&rsquo;euros (175 milliards de dollars) vis-\u00e0-vis des \u00c9tats-Unis pour les \u00e9changes de biens, mais subit un d\u00e9ficit de 104 milliards d&rsquo;euros pour les services, a d\u00e9clar\u00e9 M. Sefcovic, citant des donn\u00e9es de l&rsquo;Office europ\u00e9en des statistiques.<\/p>\n<p style=\"text-align:left\">L&rsquo;UE se retrouve donc avec un exc\u00e9dent de 50 milliards d&rsquo;euros, qui peut \u00eatre r\u00e9\u00e9quilibr\u00e9 en achetant davantage de gaz naturel liqu\u00e9fi\u00e9, de soja et de puces informatiques haut de gamme aux \u00c9tats-Unis, a ajout\u00e9 M. Sefcovic.<\/p>\n<p style=\"text-align:left\">M. Trump a d\u00e9clar\u00e9 de son c\u00f4t\u00e9 que le d\u00e9ficit s&rsquo;\u00e9levait \u00e0 plusieurs centaines de milliards de dollars par an et a impos\u00e9 une s\u00e9rie de droits de douane plus \u00e9lev\u00e9s \u00e0 l&rsquo;Europe depuis mars.<\/p>\n<p style=\"text-align:left\">Il a d\u00e9cr\u00e9t\u00e9 l&rsquo;imposition de droits de douane de 20% sur la majorit\u00e9 des marchandises europ\u00e9ennes le mois dernier, avant d&rsquo;annoncer une pause de 90 jours qui expirera en juillet.<\/p>\n<p style=\"text-align:left\">Un droit de base de 10% est actuellement appliqu\u00e9 aux marchandises en provenance des 27 pays de l&rsquo;UE et d&rsquo;autres pays du monde.<\/p>\n<p style=\"text-align:left\">Les n\u00e9gociateurs cherchent d\u00e9sormais \u00e0 \u00e9viter une v\u00e9ritable guerre commerciale autour des droits de douane si ce niveau entre en vigueur.<\/p>\n<p style=\"text-align:left\">L&rsquo;UE sera \u00e9galement attentive aux signes de d\u00e9sescalade lors de la rencontre des responsables am\u00e9ricains et chinois, en Suisse ce week-end, pour des n\u00e9gociations sur les droits de douane, a d\u00e9clar\u00e9 le commissaire.<\/p>\n<p style=\"text-align:right\"><b>AFP\/VNA\/CVN<\/b><\/p>\n","protected":false},"excerpt":{"rendered":"&#13; Le commissaire europ\u00e9en au Commerce annonce l&rsquo;acc\u00e9l\u00e9ration des n\u00e9gociations de libre-\u00e9change avec l&rsquo;Asie&#13; L&rsquo;Union europ\u00e9enne (UE) acc\u00e9l\u00e8re&hellip;\n","protected":false},"author":2,"featured_media":84212,"comment_status":"","ping_status":"","sticky":false,"template":"","format":"standard","meta":{"footnotes":""},"categories":[1586],"tags":[11,6060,215,1777,674,1779,1011,27,7715,12,25,1778,364],"class_list":{"0":"post-84211","1":"post","2":"type-post","3":"status-publish","4":"format-standard","5":"has-post-thumbnail","7":"category-europe","8":"tag-actualites","9":"tag-asie","10":"tag-commerce","11":"tag-eu","12":"tag-europe","13":"tag-european-union","14":"tag-fr","15":"tag-france","16":"tag-libre-echange","17":"tag-news","18":"tag-republique-francaise","19":"tag-ue","20":"tag-union-europeenne"},"share_on_mastodon":{"url":"https:\/\/pubeurope.com\/@fr\/114471795827694529","error":""},"_links":{"self":[{"href":"https:\/\/www.europesays.com\/fr\/wp-json\/wp\/v2\/posts\/84211","targetHints":{"allow":["GET"]}}],"collection":[{"href":"https:\/\/www.europesays.com\/fr\/wp-json\/wp\/v2\/posts"}],"about":[{"href":"https:\/\/www.europesays.com\/fr\/wp-json\/wp\/v2\/types\/post"}],"author":[{"embeddable":true,"href":"https:\/\/www.europesays.com\/fr\/wp-json\/wp\/v2\/users\/2"}],"replies":[{"embeddable":true,"href":"https:\/\/www.europesays.com\/fr\/wp-json\/wp\/v2\/comments?post=84211"}],"version-history":[{"count":0,"href":"https:\/\/www.europesays.com\/fr\/wp-json\/wp\/v2\/posts\/84211\/revisions"}],"wp:featuredmedia":[{"embeddable":true,"href":"https:\/\/www.europesays.com\/fr\/wp-json\/wp\/v2\/media\/84212"}],"wp:attachment":[{"href":"https:\/\/www.europesays.com\/fr\/wp-json\/wp\/v2\/media?parent=84211"}],"wp:term":[{"taxonomy":"category","embeddable":true,"href":"https:\/\/www.europesays.com\/fr\/wp-json\/wp\/v2\/categories?post=84211"},{"taxonomy":"post_tag","embeddable":true,"href":"https:\/\/www.europesays.com\/fr\/wp-json\/wp\/v2\/tags?post=84211"}],"curies":[{"name":"wp","href":"https:\/\/api.w.org\/{rel}","templated":true}]}}