{"id":842610,"date":"2026-04-02T14:08:13","date_gmt":"2026-04-02T14:08:13","guid":{"rendered":"https:\/\/www.europesays.com\/fr\/842610\/"},"modified":"2026-04-02T14:08:13","modified_gmt":"2026-04-02T14:08:13","slug":"noubliez-pas-de-remplir-cette-nouvelle-case-pour-obtenir-un-avantage-fiscal","status":"publish","type":"post","link":"https:\/\/www.europesays.com\/fr\/842610\/","title":{"rendered":"N\u2019oubliez pas de remplir cette nouvelle case pour obtenir un avantage fiscal"},"content":{"rendered":"<p>\u00c0 partir du jeudi 9\u00a0avril, 41,5\u00a0millions de foyers fiscaux devront remplir leur <a href=\"https:\/\/www.20minutes.fr\/dossier\/declaration_d_impots_sur_le_revenu\" class=\"c-link c-link--is-underlined\" rel=\"nofollow noopener\" target=\"_blank\">d\u00e9claration de revenus<\/a>. Pour cette campagne, une nouveaut\u00e9 a \u00e9t\u00e9 ajout\u00e9e, que ce soit sur la version papier et sur celle en ligne, indique <a href=\"https:\/\/rmc.bfmtv.com\/conso\/impots\/impot-sur-le-revenu-2026-attention-a-cette-nouvelle-case-a-remplir-sur-votre-declaration_AN-202604010606.html\" target=\"_blank\" class=\"c-link c-link--is-underlined\" rel=\"nofollow noopener\">RMC Conso<\/a>. Si cette nouvelle case n\u2019est pas correctement remplie, la DGFiP pourrait vous refuser un cr\u00e9dit d\u2019<a href=\"https:\/\/www.20minutes.fr\/dossier\/impots\" class=\"c-link c-link--is-underlined\" rel=\"nofollow noopener\" target=\"_blank\">imp\u00f4t<\/a>.<\/p>\n<p>Cela concerne les 5,15\u00a0millions de foyers qui d\u00e9clarent des services \u00e0 la personne ou l\u2019emploi \u00e0 domicile\u00a0: la garde d\u2019enfant, l\u2019accompagnement de personnes \u00e2g\u00e9es, des prestations de <a href=\"https:\/\/www.20minutes.fr\/dossier\/jardinage\" class=\"c-link c-link--is-underlined\" rel=\"nofollow noopener\" target=\"_blank\">jardinage<\/a> ou de bricolage\u2026 Cette ann\u00e9e, en plus de d\u00e9tailler les d\u00e9penses, il sera demand\u00e9 d\u2019indiquer sur le formulaire n\u00b0\u00a02042 RICI le nom de l\u2019organisme, de l\u2019entreprise, de l\u2019association ou du salari\u00e9 \u00e0 domicile via le Cesu qui est intervenu.<\/p>\n<\/p>\n<p>\u00c0 quoi \u00e7a sert\u00a0?<\/p>\n<p>Cet ajout \u00e9tait <a href=\"https:\/\/www.20minutes.fr\/economie\/4118404-20241029-impot-revenu-nouvelle-case-declaration-2025\" class=\"c-link c-link--is-underlined\" rel=\"nofollow noopener\" target=\"_blank\">pr\u00e9vu l\u2019ann\u00e9e derni\u00e8re<\/a>, mais \u00e0 cause de l\u2019adoption tardive de la loi de finances pour\u00a02025, la mesure a \u00e9t\u00e9 report\u00e9e, explique <a href=\"https:\/\/www.moneyvox.fr\/impot\/actualites\/108205\/impot-sur-le-revenu-une-nouvelle-case-dans-la-declaration-2026-qui-avait-ete-oubliee-en-2025\" target=\"_blank\" class=\"c-link c-link--is-underlined\" rel=\"nofollow noopener\">Money Vox<\/a>.<\/p>\n<p>Cette modification doit permettre \u00e0 l\u2019administration fiscale d\u2019avoir une meilleure vision de l\u2019utilisation du cr\u00e9dit d\u2019imp\u00f4t li\u00e9 aux services \u00e0 la personne. L\u2019\u00c9tat veut ainsi \u00ab\u00a0\u00e9valuer de mani\u00e8re plus pr\u00e9cise les dispositifs en place, mais \u00e9galement d\u2019initier, si n\u00e9cessaire, des ajustements l\u00e9gislatifs pour garantir une meilleure utilisation de l\u2019argent public\u00a0\u00bb. Cet avantage fiscal est de 1.226 euros en moyenne par foyers fiscaux, soit un co\u00fbt total de 6,5\u00a0milliards d\u2019euros en\u00a02025.<\/p>\n","protected":false},"excerpt":{"rendered":"\u00c0 partir du jeudi 9\u00a0avril, 41,5\u00a0millions de foyers fiscaux devront remplir leur d\u00e9claration de revenus. Pour cette campagne,&hellip;\n","protected":false},"author":2,"featured_media":842611,"comment_status":"","ping_status":"","sticky":false,"template":"","format":"standard","meta":{"footnotes":"","_share_on_mastodon":"0"},"categories":[6],"tags":[47,35,11662,5845,33,34,1011,27,139],"class_list":["post-842610","post","type-post","status-publish","format-standard","has-post-thumbnail","category-economie","tag-actualite","tag-business","tag-credit","tag-declaration-dimpots","tag-economie","tag-economy","tag-fr","tag-france","tag-impot-sur-le-revenu"],"share_on_mastodon":{"url":"https:\/\/pubeurope.com\/@fr\/116335509975076487","error":""},"_links":{"self":[{"href":"https:\/\/www.europesays.com\/fr\/wp-json\/wp\/v2\/posts\/842610","targetHints":{"allow":["GET"]}}],"collection":[{"href":"https:\/\/www.europesays.com\/fr\/wp-json\/wp\/v2\/posts"}],"about":[{"href":"https:\/\/www.europesays.com\/fr\/wp-json\/wp\/v2\/types\/post"}],"author":[{"embeddable":true,"href":"https:\/\/www.europesays.com\/fr\/wp-json\/wp\/v2\/users\/2"}],"replies":[{"embeddable":true,"href":"https:\/\/www.europesays.com\/fr\/wp-json\/wp\/v2\/comments?post=842610"}],"version-history":[{"count":0,"href":"https:\/\/www.europesays.com\/fr\/wp-json\/wp\/v2\/posts\/842610\/revisions"}],"wp:featuredmedia":[{"embeddable":true,"href":"https:\/\/www.europesays.com\/fr\/wp-json\/wp\/v2\/media\/842611"}],"wp:attachment":[{"href":"https:\/\/www.europesays.com\/fr\/wp-json\/wp\/v2\/media?parent=842610"}],"wp:term":[{"taxonomy":"category","embeddable":true,"href":"https:\/\/www.europesays.com\/fr\/wp-json\/wp\/v2\/categories?post=842610"},{"taxonomy":"post_tag","embeddable":true,"href":"https:\/\/www.europesays.com\/fr\/wp-json\/wp\/v2\/tags?post=842610"}],"curies":[{"name":"wp","href":"https:\/\/api.w.org\/{rel}","templated":true}]}}