{"id":84265,"date":"2025-05-08T11:11:11","date_gmt":"2025-05-08T11:11:11","guid":{"rendered":"https:\/\/www.europesays.com\/fr\/84265\/"},"modified":"2025-05-08T11:11:11","modified_gmt":"2025-05-08T11:11:11","slug":"photos-record-de-participation-pour-la-traditionnelle-marche-entre-nancy-et-metz","status":"publish","type":"post","link":"https:\/\/www.europesays.com\/fr\/84265\/","title":{"rendered":"Photos. Record de participation pour la traditionnelle marche entre Nancy et Metz"},"content":{"rendered":"<p>La traditionnelle marche Nancy-Montauville-Metz se d\u00e9roule ce jeudi 8 mai. Cette ann\u00e9e, 2500 participants sont au rendez-vous de la 40e \u00e9dition, un record.Trail, rando nordique, marche classique : les options sont multiples pour cette randonn\u00e9e au long cours qui mobilise plus de 200 b\u00e9n\u00e9voles. Ambiance et d\u00e9passement de soi garantis \u00a0!<\/p>\n","protected":false},"excerpt":{"rendered":"La traditionnelle marche Nancy-Montauville-Metz se d\u00e9roule ce jeudi 8 mai. Cette ann\u00e9e, 2500 participants sont au rendez-vous de&hellip;\n","protected":false},"author":2,"featured_media":84266,"comment_status":"","ping_status":"","sticky":false,"template":"","format":"standard","meta":{"footnotes":""},"categories":[9635],"tags":[1111,11,1687,1704,1706,1777,674,1011,27,2798,775,3457,19324,1702,12,3456,25],"class_list":{"0":"post-84265","1":"post","2":"type-post","3":"status-publish","4":"format-standard","5":"has-post-thumbnail","7":"category-nancy","8":"tag-actu","9":"tag-actualites","10":"tag-culture-loisirs","11":"tag-edition-nancy-et-agglomeration","12":"tag-edition-pont-a-mousson","13":"tag-eu","14":"tag-europe","15":"tag-fr","16":"tag-france","17":"tag-galerie-photo","18":"tag-grand-est","19":"tag-meurthe-et-moselle","20":"tag-montauville","21":"tag-nancy","22":"tag-news","23":"tag-region-lorraine","24":"tag-republique-francaise"},"share_on_mastodon":{"url":"https:\/\/pubeurope.com\/@fr\/114471913591960467","error":""},"_links":{"self":[{"href":"https:\/\/www.europesays.com\/fr\/wp-json\/wp\/v2\/posts\/84265","targetHints":{"allow":["GET"]}}],"collection":[{"href":"https:\/\/www.europesays.com\/fr\/wp-json\/wp\/v2\/posts"}],"about":[{"href":"https:\/\/www.europesays.com\/fr\/wp-json\/wp\/v2\/types\/post"}],"author":[{"embeddable":true,"href":"https:\/\/www.europesays.com\/fr\/wp-json\/wp\/v2\/users\/2"}],"replies":[{"embeddable":true,"href":"https:\/\/www.europesays.com\/fr\/wp-json\/wp\/v2\/comments?post=84265"}],"version-history":[{"count":0,"href":"https:\/\/www.europesays.com\/fr\/wp-json\/wp\/v2\/posts\/84265\/revisions"}],"wp:featuredmedia":[{"embeddable":true,"href":"https:\/\/www.europesays.com\/fr\/wp-json\/wp\/v2\/media\/84266"}],"wp:attachment":[{"href":"https:\/\/www.europesays.com\/fr\/wp-json\/wp\/v2\/media?parent=84265"}],"wp:term":[{"taxonomy":"category","embeddable":true,"href":"https:\/\/www.europesays.com\/fr\/wp-json\/wp\/v2\/categories?post=84265"},{"taxonomy":"post_tag","embeddable":true,"href":"https:\/\/www.europesays.com\/fr\/wp-json\/wp\/v2\/tags?post=84265"}],"curies":[{"name":"wp","href":"https:\/\/api.w.org\/{rel}","templated":true}]}}