{"id":84275,"date":"2025-05-08T11:18:10","date_gmt":"2025-05-08T11:18:10","guid":{"rendered":"https:\/\/www.europesays.com\/fr\/84275\/"},"modified":"2025-05-08T11:18:10","modified_gmt":"2025-05-08T11:18:10","slug":"grenoble-lhistorien-olivier-saillard-et-lactrice-rachida-brakni-performent-au-musee-dauphinois","status":"publish","type":"post","link":"https:\/\/www.europesays.com\/fr\/84275\/","title":{"rendered":"Grenoble. L&rsquo;historien Olivier Saillard et l&rsquo;actrice Rachida Brakni performent au Mus\u00e9e dauphinois"},"content":{"rendered":"<p>Olivier Saillard trace un chemin singulier et multiple dans le milieu de la mode et de la haute couture. Historien reconnu de la mode, directeur de mus\u00e9es (dont le Palais Galliera, mus\u00e9e de la mode de la Ville de Paris), auteur et commissaire de pr\u00e8s de 250 expositions et r\u00e9trospectives (Yohji Yamamoto, Martin Margiela, Christian Lacroix,\u00a0etc.), il est aussi directeur de la Fondation Azzedine Ala\u00efa et directeur artistique image et culture de la maison J.M. Weston.<\/p>\n<p>Ce contenu est bloqu\u00e9 car vous n&rsquo;avez pas accept\u00e9 les cookies et autres traceurs.<\/p>\n<p>En cliquant sur \u00ab J\u2019accepte \u00bb, les cookies et autres traceurs seront d\u00e9pos\u00e9s et vous pourrez visualiser les contenus  (<a href=\"\" class=\"consentModule_policy\" target=\"_blank\" title=\"Consulter la politique de protection des donn\u00e9es du fournisseur\">plus d&rsquo;informations<\/a>).<\/p>\n<p>En cliquant sur \u00ab J\u2019accepte tous les cookies \u00bb, vous autorisez des d\u00e9p\u00f4ts de cookies et autres traceurs pour le stockage de vos donn\u00e9es sur nos sites et applications \u00e0 des fins de personnalisation et de ciblage publicitaire.<\/p>\n<p class=\"consentModule_secondaryText\">Vous gardez la possibilit\u00e9 de retirer votre consentement \u00e0 tout moment en consultant notre <a href=\"https:\/\/www.ledauphine.com\/protection-des-donnees\" target=\"_blank\" title=\"Consulter notre politique de protection des donn\u00e9es\" rel=\"nofollow noopener\">politique de protection des donn\u00e9es<\/a>. <br \/>&#13;<br \/>\n            <a href=\"https:\/\/www.ledauphine.com\/culture-loisirs\/2025\/05\/08\/javascript:Didomi.notice.show()\" class=\"consentModule_cmp\" rel=\"nofollow noopener\" target=\"_blank\">G\u00e9rer mes choix<\/a>&#13;\n        <\/p>\n<p>&#13;<br \/>\n                        J&rsquo;accepte&#13;<br \/>\n            J&rsquo;accepte tous les cookies&#13;\n        <\/p>\n<p>Il con\u00e7oit le v\u00eatement comme un r\u00e9v\u00e9lateur d\u2019histoires\u00a0: celle de la personne qui le porte ou qui l\u2019a port\u00e9, mais aussi celle du cr\u00e9ateur qui l\u2019a imagin\u00e9 et de l\u2019atelier dans lequel il a \u00e9t\u00e9 confectionn\u00e9.<\/p>\n<p>Inspir\u00e9 par l\u2019Arte povera, Olivier Saillard op\u00e8re des transformations entre upcycling et haute couture et raconte nos v\u00eatements quotidiens \u00e0 travers des d\u00e9fil\u00e9s-performances po\u00e9tiques, des expositions et autres exp\u00e9riences inclassables. Tilda Swinton et Charlotte Rampling ont souvent \u00e9t\u00e9 ses complices. Invit\u00e9 dans le cadre de la saison culturelle du D\u00e9partement de l\u2019Is\u00e8re, Des habits et nous , il partagera deux performances exceptionnelles issues de son cycle Moda povera. Il s\u2019associe pour l\u2019une d\u2019entre elle \u00e0 la com\u00e9dienne Rachida Brakni.<\/p>\n<p>  Les v\u00eatements de Ren\u00e9e (45 minutes)<\/p>\n<p>Cette performance rend hommage \u00e0 la garde-robe ordinaire de la m\u00e8re d\u2019Olivier Saillard r\u00e9cemment disparue.<\/p>\n<p> \u25b6 \u2002 Jeudi\u00a015 et vendredi 16\u00a0mai \u00e0 18\u00a0h\u00a030\u00a0; samedi 17\u00a0mai \u00e0 11 heures.<\/p>\n<p>  Les robes de mari\u00e9es finissent toujours c\u00e9libataires (45 minutes)<\/p>\n<p>Olivier Saillard explore le destin des robes de mari\u00e9es, notamment celles bon march\u00e9, apr\u00e8s la c\u00e9l\u00e9bration du mariage et met en lumi\u00e8re l\u2019humanit\u00e9 qui se cache derri\u00e8re. Avec la participation exceptionnelle de Rachida Brakni.<\/p>\n<p> \u25b6 \u2002 Jeudi\u00a015 et vendredi 16\u00a0mai \u00e0 20 heures\u00a0; samedi 17\u00a0mai \u00e0 12\u00a0h\u00a030.<\/p>\n<p class=\"note\">Gratuit, r\u00e9servation obligatoire via\u00a0: deshabitsetnous.isere.fr<\/p>\n","protected":false},"excerpt":{"rendered":"Olivier Saillard trace un chemin singulier et multiple dans le milieu de la mode et de la haute&hellip;\n","protected":false},"author":2,"featured_media":84276,"comment_status":"","ping_status":"","sticky":false,"template":"","format":"standard","meta":{"footnotes":""},"categories":[9566],"tags":[1111,11,2430,1687,112,113,114,1777,674,107,1011,27,2731,2732,937,108,12,25,3140],"class_list":{"0":"post-84275","1":"post","2":"type-post","3":"status-publish","4":"format-standard","5":"has-post-thumbnail","7":"category-grenoble","8":"tag-actu","9":"tag-actualites","10":"tag-auvergne-rhone-alpes","11":"tag-culture-loisirs","12":"tag-edition-grenoble-agglomeration","13":"tag-edition-gresivaudan-oisans","14":"tag-edition-voiron-saint-marcellin","15":"tag-eu","16":"tag-europe","17":"tag-fil-info","18":"tag-fr","19":"tag-france","20":"tag-grenoble","21":"tag-grenoble-bassin","22":"tag-histoire","23":"tag-isere","24":"tag-news","25":"tag-republique-francaise","26":"tag-spectacle"},"share_on_mastodon":{"url":"https:\/\/pubeurope.com\/@fr\/114471941136177094","error":""},"_links":{"self":[{"href":"https:\/\/www.europesays.com\/fr\/wp-json\/wp\/v2\/posts\/84275","targetHints":{"allow":["GET"]}}],"collection":[{"href":"https:\/\/www.europesays.com\/fr\/wp-json\/wp\/v2\/posts"}],"about":[{"href":"https:\/\/www.europesays.com\/fr\/wp-json\/wp\/v2\/types\/post"}],"author":[{"embeddable":true,"href":"https:\/\/www.europesays.com\/fr\/wp-json\/wp\/v2\/users\/2"}],"replies":[{"embeddable":true,"href":"https:\/\/www.europesays.com\/fr\/wp-json\/wp\/v2\/comments?post=84275"}],"version-history":[{"count":0,"href":"https:\/\/www.europesays.com\/fr\/wp-json\/wp\/v2\/posts\/84275\/revisions"}],"wp:featuredmedia":[{"embeddable":true,"href":"https:\/\/www.europesays.com\/fr\/wp-json\/wp\/v2\/media\/84276"}],"wp:attachment":[{"href":"https:\/\/www.europesays.com\/fr\/wp-json\/wp\/v2\/media?parent=84275"}],"wp:term":[{"taxonomy":"category","embeddable":true,"href":"https:\/\/www.europesays.com\/fr\/wp-json\/wp\/v2\/categories?post=84275"},{"taxonomy":"post_tag","embeddable":true,"href":"https:\/\/www.europesays.com\/fr\/wp-json\/wp\/v2\/tags?post=84275"}],"curies":[{"name":"wp","href":"https:\/\/api.w.org\/{rel}","templated":true}]}}