{"id":84279,"date":"2025-05-08T11:20:07","date_gmt":"2025-05-08T11:20:07","guid":{"rendered":"https:\/\/www.europesays.com\/fr\/84279\/"},"modified":"2025-05-08T11:20:07","modified_gmt":"2025-05-08T11:20:07","slug":"course-poursuite-vehicules-percutes-le-recit-de-la-fuite-des-tireurs","status":"publish","type":"post","link":"https:\/\/www.europesays.com\/fr\/84279\/","title":{"rendered":"course-poursuite, v\u00e9hicules percut\u00e9s&#8230; Le r\u00e9cit de la fuite des tireurs"},"content":{"rendered":"<p>            Par<br \/>\n        <strong><br \/>\n            <a href=\"https:\/\/actu.fr\/auteur\/brian-legoff\" title=\"Consulter tous les articles de Brian Le Goff\" rel=\"nofollow noopener\" target=\"_blank\">Brian Le Goff<\/a><br \/>\n        <\/strong><\/p>\n<p>        Publi\u00e9 le<\/p>\n<p>            8 mai 2025 \u00e0 13h15        <\/p>\n<p>Cinq jours apr\u00e8s la <a href=\"https:\/\/actu.fr\/bretagne\/rennes_35238\/narcotrafic-fusillade-dans-le-quartier-de-villejean-a-rennes-les-gardes-a-vue-des-trois-suspects-prolongees_62599348.html\" rel=\"nofollow noopener\" target=\"_blank\">nouvelle fusillade dans le quartier de Villejean \u00e0 Rennes<\/a>, <strong>on en sait plus sur la mani\u00e8re dont la fuite des assaillants s\u2019est d\u00e9roul\u00e9e<\/strong> et sur leur interpellation. En effet, mercredi 7 mai, Fr\u00e9d\u00e9ric Teillet a <a href=\"https:\/\/actu.fr\/bretagne\/rennes_35238\/rennes-fusillade-a-villejean-mises-en-examen-detention-quelles-suites-judiciaires-dans-cette-affaire_62610808.html\" rel=\"nofollow noopener\" target=\"_blank\">d\u00e9taill\u00e9 les suites judiciaires concernant les trois suspects<\/a> dans ce nouvel \u00e9pisode de violences, a aussi donn\u00e9 quelques <strong>indications sur la course-poursuite qui s\u2019est engag\u00e9e<\/strong> quelques instants suivants les faits.<\/p>\n<p>18 km de course-poursuite<\/p>\n<p class=\" wall-content\">Une fois les coups de feu termin\u00e9s, ils prennent la fuite \u00e0 bord de leur <strong>\u00ab\u00a0v\u00e9hicule, signal\u00e9 vol\u00e9, et sont pris en chasse<\/strong> par un <strong>\u00e9quipage de la BAC<\/strong> du commissariat de <a href=\"https:\/\/actu.fr\/tag\/police\" rel=\"nofollow noopener\" target=\"_blank\">police<\/a> de <a href=\"https:\/\/actu.fr\/rennes\/\" rel=\"nofollow noopener\" target=\"_blank\">Rennes<\/a> qui circulait \u00e0 proximit\u00e9 des lieux\u00a0\u00bb, entame le procureur.<\/p>\n<p class=\" wall-content\">La <strong>course-poursuite va durer<\/strong> un moment dans la m\u00e9tropole, notamment sur la <a href=\"https:\/\/actu.fr\/tag\/rocade\" rel=\"nofollow noopener\" target=\"_blank\">rocade<\/a> nord de Rennes. Pour tenter d\u2019\u00e9chapper aux forces de l\u2019ordre, le conducteur \u00ab\u00a0ne craint pas de <strong>percuter lat\u00e9ralement des v\u00e9hicules\u00a0\u00bb<\/strong> circulant sur l\u2019axe p\u00e9riph\u00e9rique de la capitale bretonne \u00ab\u00a0pour <strong>forcer le passage, ni d\u2019emprunter le chemin de halage sur la commune de Saint-Gr\u00e9goire ainsi que des passerelles r\u00e9serv\u00e9es aux pi\u00e9tons\u00a0\u00bb.<\/strong><\/p>\n<blockquote class=\"ac-article-quote wall-content\">\n<p>Apr\u00e8s 18 km de poursuite,\u00a0 un second \u00e9quipage de police parvient \u00e0 crever les pneus du v\u00e9hicule \u00e0 l\u2019aide d\u2019un \u00ab stop stick \u00bb permettant son immobilisation.<\/p>\n<p>    <strong>Fr\u00e9d\u00e9ric Teillet <\/strong><br \/>\n        Procureur de Rennes    <\/p><\/blockquote>\n<p class=\" wall-content\">Faute de pouvoir continuer leur route, les trois occupants du v\u00e9hicule <strong>prennent cette fois la fuite \u00e0 pied,<\/strong> mais sont tr\u00e8s rapidement interpell\u00e9s et plac\u00e9s en garde \u00e0 vue pr\u00e8s du cimeti\u00e8re de Saint-Gr\u00e9goire.<\/p>\n<p class=\" wall-content\"><strong>L\u2019arme automatique utilis\u00e9e<\/strong> pendant la fusillade a aussi \u00e9t\u00e9 <strong>retrouv\u00e9e sur l\u2019itin\u00e9raire de fuite<\/strong>, conclut Fr\u00e9d\u00e9ric Teillet.<\/p>\n<p class=\" wall-content\">Suivez toute l\u2019actualit\u00e9 de vos villes et m\u00e9dias favoris en vous inscrivant \u00e0 <a href=\"https:\/\/moncompte.actu.fr\" title=\"D\u00e9couvez Mon Actu\" rel=\"nofollow noopener\" data-trk=\"{&quot;cta&quot;:{&quot;action&quot;:&quot;https:\\\/\\\/moncompte.actu.fr&quot;,&quot;category&quot;:&quot;mon compte&quot;,&quot;from&quot;:&quot;article footer&quot;,&quot;name&quot;:&quot;Mon actu&quot;,&quot;type&quot;:&quot;cta&quot;}}\" target=\"_blank\">Mon Actu<\/a>.<\/p>\n","protected":false},"excerpt":{"rendered":"Par Brian Le Goff Publi\u00e9 le 8 mai 2025 \u00e0 13h15 Cinq jours apr\u00e8s la nouvelle fusillade dans&hellip;\n","protected":false},"author":2,"featured_media":84280,"comment_status":"","ping_status":"","sticky":false,"template":"","format":"standard","meta":{"footnotes":""},"categories":[2821],"tags":[1111,11,829,1777,674,118,1011,27,813,12,1072,584,25,5375],"class_list":{"0":"post-84279","1":"post","2":"type-post","3":"status-publish","4":"format-standard","5":"has-post-thumbnail","7":"category-rennes","8":"tag-actu","9":"tag-actualites","10":"tag-bretagne","11":"tag-eu","12":"tag-europe","13":"tag-faits-divers","14":"tag-fr","15":"tag-france","16":"tag-narcotrafiquants","17":"tag-news","18":"tag-police","19":"tag-rennes","20":"tag-republique-francaise","21":"tag-villejean"},"share_on_mastodon":{"url":"https:\/\/pubeurope.com\/@fr\/114471949073487525","error":""},"_links":{"self":[{"href":"https:\/\/www.europesays.com\/fr\/wp-json\/wp\/v2\/posts\/84279","targetHints":{"allow":["GET"]}}],"collection":[{"href":"https:\/\/www.europesays.com\/fr\/wp-json\/wp\/v2\/posts"}],"about":[{"href":"https:\/\/www.europesays.com\/fr\/wp-json\/wp\/v2\/types\/post"}],"author":[{"embeddable":true,"href":"https:\/\/www.europesays.com\/fr\/wp-json\/wp\/v2\/users\/2"}],"replies":[{"embeddable":true,"href":"https:\/\/www.europesays.com\/fr\/wp-json\/wp\/v2\/comments?post=84279"}],"version-history":[{"count":0,"href":"https:\/\/www.europesays.com\/fr\/wp-json\/wp\/v2\/posts\/84279\/revisions"}],"wp:featuredmedia":[{"embeddable":true,"href":"https:\/\/www.europesays.com\/fr\/wp-json\/wp\/v2\/media\/84280"}],"wp:attachment":[{"href":"https:\/\/www.europesays.com\/fr\/wp-json\/wp\/v2\/media?parent=84279"}],"wp:term":[{"taxonomy":"category","embeddable":true,"href":"https:\/\/www.europesays.com\/fr\/wp-json\/wp\/v2\/categories?post=84279"},{"taxonomy":"post_tag","embeddable":true,"href":"https:\/\/www.europesays.com\/fr\/wp-json\/wp\/v2\/tags?post=84279"}],"curies":[{"name":"wp","href":"https:\/\/api.w.org\/{rel}","templated":true}]}}