{"id":84287,"date":"2025-05-08T11:24:10","date_gmt":"2025-05-08T11:24:10","guid":{"rendered":"https:\/\/www.europesays.com\/fr\/84287\/"},"modified":"2025-05-08T11:24:10","modified_gmt":"2025-05-08T11:24:10","slug":"une-convention-pour-la-securite-et-la-tranquillite-dans-tous-les-logements-sociaux-de-cote-dazur-habitat","status":"publish","type":"post","link":"https:\/\/www.europesays.com\/fr\/84287\/","title":{"rendered":"Une convention pour la s\u00e9curit\u00e9 et la tranquillit\u00e9 dans tous les logements sociaux de C\u00f4te d\u2019Azur Habitat"},"content":{"rendered":"<p>\u00ab\u00a0C\u2019est comme un noy\u00e9 que l\u2019on sortirait de l\u2019eau&#8230; On revit\u00a0\u00bb, souffle Sophie (1). Cette m\u00e8re de famille est locataire de C\u00f4te d\u2019Azur Habitat. \u00ab\u00a0Depuis une vingtaine d\u2019ann\u00e9es\u00a0\u00bb, confie-t-elle. \u00ab\u00a0Au d\u00e9part tout se passait bien. Jusqu\u2019en 2022, lorsqu\u2019un groupe de jeunes a commenc\u00e9 \u00e0 squatter devant l\u2019immeuble. Ils ont install\u00e9 des fauteuils, des bancs, des tables&#8230; Ils faisaient du business.\u00a0\u00bb L\u2019adresse de Sophie est devenue un point de deal. Il aura fallu deux ans pour le d\u00e9manteler. \u00ab\u00a0Deux ann\u00e9es de cauchemar.\u00a0\u00bb<\/p>\n<p>L\u2019exp\u00e9rience se g\u00e9n\u00e9ralise<\/p>\n<p>Sophie \u00e9voque les all\u00e9es et venues incessantes des voitures et des scooters, les appels \u00e0 la police r\u00e9p\u00e9t\u00e9s, les menaces et les intimidations. \u00ab\u00a0Un dimanche, une bande d\u2019une cinquantaine de jeunes \u2013 ou plus \u2013 a pass\u00e9 la journ\u00e9e \u00e0 tourner autour de l\u2019immeuble en hurlant des insultes et en tirant en l\u2019air. On a appris apr\u00e8s que c\u2019\u00e9tait des balles \u00e0 blanc. Tous les habitants \u00e9taient terroris\u00e9s. Vous savez, souligne-t-elle, dans les logements sociaux il y a surtout des gens honn\u00eates et dignes qui vivent l\u00e0 parce qu\u2019ils ont de petits moyens.\u00a0\u00bb<\/p>\n<p>Des \u00ab\u00a0gens\u00a0\u00bb ordinaires qui, comme elle, \u00ab\u00a0n\u2019osent plus inviter la famille et les amis\u00a0\u00bb, vivent \u00ab\u00a0la peur au ventre que ses enfants adolescents se fassent embrigader par les dealers\u00a0\u00bb. Pour les d\u00e9loger, les r\u00e9sidents de son immeuble ont tout tent\u00e9 jusqu\u2019\u00e0 mobiliser la direction de C\u00f4te d\u2019Azur Habitat. Et \u00e7a a march\u00e9. Gr\u00e2ce \u00e0 la mobilisation conjointe entre le bailleur social, les services de l\u2019\u00c9tat et le parquet de Nice.<\/p>\n<p>Une convention les lie depuis 2021. Elle permet, au travers de comit\u00e9s op\u00e9rationnels, une meilleure remont\u00e9e d\u2019information des situations probl\u00e9matiques au sein du parc social et la mise en place de r\u00e9ponse conjointe. \u00ab\u00a0Chacun dans son r\u00f4le\u00a0\u00bb, insiste le procureur de la R\u00e9publique Damien Martinelli, n\u00e9anmoins ravi de l\u2019exp\u00e9rience. Au bout de quatre ans, elle vient d\u2019ailleurs d\u2019\u00eatre \u00e9tendu sur l\u2019ensemble du ressort du tribunal de Nice, c\u2019est-\u00e0-dire \u00e0 la moiti\u00e9 est du d\u00e9partement, et \u00e0 l\u2019ensemble des bailleurs sociaux. Soit pr\u00e8s de 24.000 logements.<\/p>\n<p>\u00ab\u00a0Parce que le droit \u00e0 une vie paisible n\u2019est pas un luxe\u00a0\u00bb, insiste le secr\u00e9taire g\u00e9n\u00e9ral et pr\u00e9fet par int\u00e9rim Patrick Amoussou-Adeble. Garantir ce droit, en luttant plus efficacement contre les trafics et les incivilit\u00e9s, c\u2019est l\u2019objectif de la convention sign\u00e9e mercredi 7 mai 2025 entre l\u2019\u00c9tat, le parquet et d\u00e9sormais l\u2019ensemble des bailleurs sociaux. Sur la voie de celle conclue il y a quatre ans avec C\u00f4te d\u2019Azur Habitat. Un cadre administratif et juridique qui a permis, se f\u00e9licite Christian Estrosi, \u00ab\u00a0de faire passer le nombre d\u2019expulsions de locataires ind\u00e9licats de 26 \u00e0 183 aujourd\u2019hui\u00a0\u00bb.<\/p>\n<p>S\u2019attaquer au d\u00e9lit des occupations illicites<\/p>\n<p>C\u2019est gr\u00e2ce \u00e0 une telle mesure que Sophie et ses voisins ont \u00ab\u00a0retrouv\u00e9 la paix\u00a0\u00bb. \u00ab\u00a0Deux des jeunes qui avaient pris possession des lieux habitaient l\u2019immeuble. Leur famille a \u00e9t\u00e9 d\u00e9m\u00e9nag\u00e9e et les choses sont redevenues normales\u00a0\u00bb, explique-t-elle. Une bonne illustration de la devise martel\u00e9e par le procureur de la R\u00e9publique de Nice: \u00ab\u00a0Pour tenir la voie publique, il faut tenir les \u00e9tages\u00a0\u00bb. C\u2019est le sens de cette nouvelle convention qui entend bien s\u2019attaquer aussi aux occupations illicites, les squats, qui depuis une loi promulgu\u00e9e en 2023 sont devenues un d\u00e9lit.<\/p>\n","protected":false},"excerpt":{"rendered":"\u00ab\u00a0C\u2019est comme un noy\u00e9 que l\u2019on sortirait de l\u2019eau&#8230; On revit\u00a0\u00bb, souffle Sophie (1). Cette m\u00e8re de famille&hellip;\n","protected":false},"author":2,"featured_media":84288,"comment_status":"","ping_status":"","sticky":false,"template":"","format":"standard","meta":{"footnotes":""},"categories":[2819],"tags":[1111,11,1777,674,1011,27,12,2401,882,25,656],"class_list":{"0":"post-84287","1":"post","2":"type-post","3":"status-publish","4":"format-standard","5":"has-post-thumbnail","7":"category-nice","8":"tag-actu","9":"tag-actualites","10":"tag-eu","11":"tag-europe","12":"tag-fr","13":"tag-france","14":"tag-news","15":"tag-nice","16":"tag-provence-alpes-cote-dazur","17":"tag-republique-francaise","18":"tag-securite"},"share_on_mastodon":{"url":"https:\/\/pubeurope.com\/@fr\/114471964705524710","error":""},"_links":{"self":[{"href":"https:\/\/www.europesays.com\/fr\/wp-json\/wp\/v2\/posts\/84287","targetHints":{"allow":["GET"]}}],"collection":[{"href":"https:\/\/www.europesays.com\/fr\/wp-json\/wp\/v2\/posts"}],"about":[{"href":"https:\/\/www.europesays.com\/fr\/wp-json\/wp\/v2\/types\/post"}],"author":[{"embeddable":true,"href":"https:\/\/www.europesays.com\/fr\/wp-json\/wp\/v2\/users\/2"}],"replies":[{"embeddable":true,"href":"https:\/\/www.europesays.com\/fr\/wp-json\/wp\/v2\/comments?post=84287"}],"version-history":[{"count":0,"href":"https:\/\/www.europesays.com\/fr\/wp-json\/wp\/v2\/posts\/84287\/revisions"}],"wp:featuredmedia":[{"embeddable":true,"href":"https:\/\/www.europesays.com\/fr\/wp-json\/wp\/v2\/media\/84288"}],"wp:attachment":[{"href":"https:\/\/www.europesays.com\/fr\/wp-json\/wp\/v2\/media?parent=84287"}],"wp:term":[{"taxonomy":"category","embeddable":true,"href":"https:\/\/www.europesays.com\/fr\/wp-json\/wp\/v2\/categories?post=84287"},{"taxonomy":"post_tag","embeddable":true,"href":"https:\/\/www.europesays.com\/fr\/wp-json\/wp\/v2\/tags?post=84287"}],"curies":[{"name":"wp","href":"https:\/\/api.w.org\/{rel}","templated":true}]}}