{"id":84305,"date":"2025-05-08T11:33:09","date_gmt":"2025-05-08T11:33:09","guid":{"rendered":"https:\/\/www.europesays.com\/fr\/84305\/"},"modified":"2025-05-08T11:33:09","modified_gmt":"2025-05-08T11:33:09","slug":"brest-lille-petite-alerte-pour-locko-salah-de-retour","status":"publish","type":"post","link":"https:\/\/www.europesays.com\/fr\/84305\/","title":{"rendered":"Brest &#8211; Lille\u00a0: petite alerte pour Locko, Salah de retour"},"content":{"rendered":"<p>Ligue 1 (33e journ\u00e9e). Stade Brestois &#8211; Lille OSC, samedi (21 h)<\/p>\n<p>\u00c0 deux jours de leur ultime r\u00e9ception de la saison \u00e0 Le Bl\u00e9, le Stade Brestois a enregistr\u00e9 le retour d\u2019Ibrahim Salah, ce jeudi. L\u2019ailier marocain n\u2019avait plus \u00e9t\u00e9 aper\u00e7u dans la cit\u00e9 du Ponant depuis la r\u00e9ception d\u2019Auxerre, le 14 f\u00e9vrier dernier o\u00f9 il s\u2019\u00e9tait bless\u00e9 au pied. Le joueur pr\u00eat\u00e9 par Rennes avait d\u00e9cid\u00e9 de passer sa convalescence en Belgique.<\/p>\n<p>Simple alerte pour Locko ?<\/p>\n<p>Une bonne nouvelle ternie par la s\u00e9ance \u00e9court\u00e9e de Bradley Locko. Le jeune lat\u00e9ral gauche, qui revient peu \u00e0 peu d\u2019une blessure au tendon d\u2019Achille du pied droit et qui \u00e9tait sur la feuille de match contre Montpellier, s\u2019est plaint au niveau de la cheville droite. Et le staff n\u2019a pris aucun risque \u00e0 quelques minutes de la fin de l\u2019entra\u00eenement. Le gaucher est ensuite rentr\u00e9 aux vestiaires sans boiter particuli\u00e8rement. \u00c0 voir s\u2019il pourra tenir sa place dans le groupe contre Lille, samedi.<\/p>\n","protected":false},"excerpt":{"rendered":"Ligue 1 (33e journ\u00e9e). Stade Brestois &#8211; Lille OSC, samedi (21 h) \u00c0 deux jours de leur ultime&hellip;\n","protected":false},"author":2,"featured_media":84306,"comment_status":"","ping_status":"","sticky":false,"template":"","format":"standard","meta":{"footnotes":""},"categories":[2815],"tags":[1111,11,3450,3166,1777,674,63,1011,27,811,66,1307,12,25,60,4449],"class_list":{"0":"post-84305","1":"post","2":"type-post","3":"status-publish","4":"format-standard","5":"has-post-thumbnail","7":"category-lille","8":"tag-actu","9":"tag-actualites","10":"tag-brest","11":"tag-en-continu-sports","12":"tag-eu","13":"tag-europe","14":"tag-football","15":"tag-fr","16":"tag-france","17":"tag-hauts-de-france","18":"tag-ligue-1","19":"tag-lille","20":"tag-news","21":"tag-republique-francaise","22":"tag-sports","23":"tag-stade-brestois"},"share_on_mastodon":{"url":"https:\/\/pubeurope.com\/@fr\/114472000208101906","error":""},"_links":{"self":[{"href":"https:\/\/www.europesays.com\/fr\/wp-json\/wp\/v2\/posts\/84305","targetHints":{"allow":["GET"]}}],"collection":[{"href":"https:\/\/www.europesays.com\/fr\/wp-json\/wp\/v2\/posts"}],"about":[{"href":"https:\/\/www.europesays.com\/fr\/wp-json\/wp\/v2\/types\/post"}],"author":[{"embeddable":true,"href":"https:\/\/www.europesays.com\/fr\/wp-json\/wp\/v2\/users\/2"}],"replies":[{"embeddable":true,"href":"https:\/\/www.europesays.com\/fr\/wp-json\/wp\/v2\/comments?post=84305"}],"version-history":[{"count":0,"href":"https:\/\/www.europesays.com\/fr\/wp-json\/wp\/v2\/posts\/84305\/revisions"}],"wp:featuredmedia":[{"embeddable":true,"href":"https:\/\/www.europesays.com\/fr\/wp-json\/wp\/v2\/media\/84306"}],"wp:attachment":[{"href":"https:\/\/www.europesays.com\/fr\/wp-json\/wp\/v2\/media?parent=84305"}],"wp:term":[{"taxonomy":"category","embeddable":true,"href":"https:\/\/www.europesays.com\/fr\/wp-json\/wp\/v2\/categories?post=84305"},{"taxonomy":"post_tag","embeddable":true,"href":"https:\/\/www.europesays.com\/fr\/wp-json\/wp\/v2\/tags?post=84305"}],"curies":[{"name":"wp","href":"https:\/\/api.w.org\/{rel}","templated":true}]}}