{"id":84325,"date":"2025-05-08T11:43:08","date_gmt":"2025-05-08T11:43:08","guid":{"rendered":"https:\/\/www.europesays.com\/fr\/84325\/"},"modified":"2025-05-08T11:43:08","modified_gmt":"2025-05-08T11:43:08","slug":"une-femme-se-jette-du-haut-de-lheliport","status":"publish","type":"post","link":"https:\/\/www.europesays.com\/fr\/84325\/","title":{"rendered":"une femme se jette du haut de l&rsquo;h\u00e9liport"},"content":{"rendered":"<p>            Par<br \/>\n        <strong><br \/>\n            <a href=\"https:\/\/actu.fr\/auteur\/antoine-blanchet\" title=\"Consulter tous les articles de Antoine Blanchet\" rel=\"nofollow noopener\" target=\"_blank\">Antoine Blanchet<\/a><br \/>\n        <\/strong><\/p>\n<p>        Publi\u00e9 le<\/p>\n<p>            8 mai 2025 \u00e0 13h08        <\/p>\n<p>Drame au \u00ab\u2009paquebot\u2009\u00bb. Mardi 6\u00a0mai 2025, une femme de 49\u00a0ans s\u2019est suicid\u00e9e au minist\u00e8re de l\u2019\u00c9conomie \u00e0 <a href=\"https:\/\/actu.fr\/paris\/\" rel=\"nofollow noopener\" target=\"_blank\">Paris<\/a>, nous indique le parquet, confirmant une information du <a href=\"https:\/\/www.leparisien.fr\/faits-divers\/paris-une-femme-se-tue-en-sautant-du-toit-du-ministere-de-leconomie-07-05-2025-2NH5Q3HNHJBGNKFGMQS3PXP52I.php\" rel=\"nofollow noopener\" target=\"_blank\">Parisien<\/a>. La victime s\u2019est jet\u00e9e de l\u2019h\u00e9liport du b\u00e2timent<strong> situ\u00e9 \u00e0 <a href=\"https:\/\/actu.fr\/tag\/bercy\" rel=\"nofollow noopener\" target=\"_blank\">Bercy<\/a><\/strong>, dans le 12e arrondissement. Une enqu\u00eate a \u00e9t\u00e9 ouverte.<\/p>\n<p>L\u2019employ\u00e9e souffrait de d\u00e9pression<\/p>\n<p class=\" wall-content\">Les faits ont eu lieu en fin de matin\u00e9e. La femme de 49 ans s\u2019est jet\u00e9e de l\u2019h\u00e9liport situ\u00e9 en haut de ce massif b\u00e2timent de plus de 300 m\u00e8tres. Cette derni\u00e8re<strong> \u00e9tait charg\u00e9e de l\u2019entretien du linge<\/strong> au sein du minist\u00e8re. \u00ab\u2009Son entourage a confi\u00e9 qu\u2019elle souffrait de d\u00e9pression et \u00e9tait accompagn\u00e9e m\u00e9dicalement\u2009\u00bb, nous pr\u00e9cise le parquet.<\/p>\n<p class=\" wall-content\">Une enqu\u00eate en recherche des causes de la mort a \u00e9t\u00e9 ouverte et confi\u00e9e au commissariat du 12\u1d49 arrondissement de Paris.<\/p>\n<p class=\" wall-content\">Suivez toute l\u2019actualit\u00e9 de vos villes et m\u00e9dias favoris en vous inscrivant \u00e0 <a href=\"https:\/\/moncompte.actu.fr\" title=\"D\u00e9couvez Mon Actu\" rel=\"nofollow noopener\" data-trk=\"{&quot;cta&quot;:{&quot;action&quot;:&quot;https:\\\/\\\/moncompte.actu.fr&quot;,&quot;category&quot;:&quot;mon compte&quot;,&quot;from&quot;:&quot;article footer&quot;,&quot;name&quot;:&quot;Mon actu&quot;,&quot;type&quot;:&quot;cta&quot;}}\" target=\"_blank\">Mon Actu<\/a>.<\/p>\n","protected":false},"excerpt":{"rendered":"Par Antoine Blanchet Publi\u00e9 le 8 mai 2025 \u00e0 13h08 Drame au \u00ab\u2009paquebot\u2009\u00bb. Mardi 6\u00a0mai 2025, une femme&hellip;\n","protected":false},"author":2,"featured_media":84326,"comment_status":"","ping_status":"","sticky":false,"template":"","format":"standard","meta":{"footnotes":""},"categories":[1888],"tags":[11,14846,1777,674,118,1011,27,12,626,25],"class_list":{"0":"post-84325","1":"post","2":"type-post","3":"status-publish","4":"format-standard","5":"has-post-thumbnail","7":"category-paris","8":"tag-actualites","9":"tag-bercy","10":"tag-eu","11":"tag-europe","12":"tag-faits-divers","13":"tag-fr","14":"tag-france","15":"tag-news","16":"tag-paris","17":"tag-republique-francaise"},"share_on_mastodon":{"url":"https:\/\/pubeurope.com\/@fr\/114472039590377896","error":""},"_links":{"self":[{"href":"https:\/\/www.europesays.com\/fr\/wp-json\/wp\/v2\/posts\/84325","targetHints":{"allow":["GET"]}}],"collection":[{"href":"https:\/\/www.europesays.com\/fr\/wp-json\/wp\/v2\/posts"}],"about":[{"href":"https:\/\/www.europesays.com\/fr\/wp-json\/wp\/v2\/types\/post"}],"author":[{"embeddable":true,"href":"https:\/\/www.europesays.com\/fr\/wp-json\/wp\/v2\/users\/2"}],"replies":[{"embeddable":true,"href":"https:\/\/www.europesays.com\/fr\/wp-json\/wp\/v2\/comments?post=84325"}],"version-history":[{"count":0,"href":"https:\/\/www.europesays.com\/fr\/wp-json\/wp\/v2\/posts\/84325\/revisions"}],"wp:featuredmedia":[{"embeddable":true,"href":"https:\/\/www.europesays.com\/fr\/wp-json\/wp\/v2\/media\/84326"}],"wp:attachment":[{"href":"https:\/\/www.europesays.com\/fr\/wp-json\/wp\/v2\/media?parent=84325"}],"wp:term":[{"taxonomy":"category","embeddable":true,"href":"https:\/\/www.europesays.com\/fr\/wp-json\/wp\/v2\/categories?post=84325"},{"taxonomy":"post_tag","embeddable":true,"href":"https:\/\/www.europesays.com\/fr\/wp-json\/wp\/v2\/tags?post=84325"}],"curies":[{"name":"wp","href":"https:\/\/api.w.org\/{rel}","templated":true}]}}