{"id":84336,"date":"2025-05-08T11:49:09","date_gmt":"2025-05-08T11:49:09","guid":{"rendered":"https:\/\/www.europesays.com\/fr\/84336\/"},"modified":"2025-05-08T11:49:09","modified_gmt":"2025-05-08T11:49:09","slug":"les-ecoles-a-lheure-europeenne","status":"publish","type":"post","link":"https:\/\/www.europesays.com\/fr\/84336\/","title":{"rendered":"les \u00e9coles \u00e0 l\u2019heure europ\u00e9enne"},"content":{"rendered":"<p>Dans le cadre du Joli mois de l\u2019Europe, Elizabeth Morin-Chartier, ancienne d\u00e9put\u00e9e europ\u00e9enne, a anim\u00e9 mardi 6\u00a0mai, deux conf\u00e9rences \u00e0 l\u2019attention des coll\u00e9giens et des \u00e9l\u00e8ves du primaire. Cette\u00a0initiative de la municipalit\u00e9 \u00e9tait destin\u00e9e \u00e0 mieux faire conna\u00eetre les actions de l\u2019Europe. \u00ab Elle peut para\u00eetre tr\u00e8s loin alors qu\u2019elle intervient tr\u00e8s souvent dans notre quotidien\u00a0\u00bb, note Daniel Girardeau, le maire. L\u2019exemple tout r\u00e9cent pour Mirebeau est l\u2019attribution de fonds europ\u00e9ens pour la r\u00e9alisation du p\u00f4le d\u2019\u00e9change multimodal qui va \u00eatre inaugur\u00e9 le 27\u00a0mai prochain.<\/p>\n<p>Avec beaucoup d\u2019enthousiasme et\u00a0d\u2019\u00e9nergie, Elizabeth Morin-Chartier a communiqu\u00e9 sur les valeurs, les symboles et l\u2019histoire de l\u2019Union europ\u00e9enne en s\u2019adaptant \u00e0 son jeune public. \u00ab Union, paix, faire ensemble, \u00eatre plus fort\u00a0\u00bb sont des mots qui sont revenus tr\u00e8s souvent pour transmettre sa confiance dans\u00a0l\u2019institution europ\u00e9enne.<\/p>\n<p>\u00ab\u00a0Il faut bouger\u00a0\u00bb<\/p>\n<p>Les \u00e9l\u00e8ves avaient pr\u00e9par\u00e9 cette s\u00e9ance\u00a0avec leurs professeurs d\u2019histoire g\u00e9ographie et les professeurs des \u00e9coles et ont pu poser leurs questions \u00e0 un rythme soutenu. Pour conclure, Elizabeth Morin-Chartier leur a transmis un dernier message\u00a0: \u00ab Il faut bosser et bouger dans le cadre de vos \u00e9tudes.\u00a0\u00bb<\/p>\n","protected":false},"excerpt":{"rendered":"Dans le cadre du Joli mois de l\u2019Europe, Elizabeth Morin-Chartier, ancienne d\u00e9put\u00e9e europ\u00e9enne, a anim\u00e9 mardi 6\u00a0mai, deux&hellip;\n","protected":false},"author":2,"featured_media":84337,"comment_status":"","ping_status":"","sticky":false,"template":"","format":"standard","meta":{"footnotes":""},"categories":[1586],"tags":[11,1674,1777,674,1011,27,19328,12,25],"class_list":{"0":"post-84336","1":"post","2":"type-post","3":"status-publish","4":"format-standard","5":"has-post-thumbnail","7":"category-europe","8":"tag-actualites","9":"tag-communes","10":"tag-eu","11":"tag-europe","12":"tag-fr","13":"tag-france","14":"tag-mirebeau","15":"tag-news","16":"tag-republique-francaise"},"share_on_mastodon":{"url":"https:\/\/pubeurope.com\/@fr\/114472063049869334","error":""},"_links":{"self":[{"href":"https:\/\/www.europesays.com\/fr\/wp-json\/wp\/v2\/posts\/84336","targetHints":{"allow":["GET"]}}],"collection":[{"href":"https:\/\/www.europesays.com\/fr\/wp-json\/wp\/v2\/posts"}],"about":[{"href":"https:\/\/www.europesays.com\/fr\/wp-json\/wp\/v2\/types\/post"}],"author":[{"embeddable":true,"href":"https:\/\/www.europesays.com\/fr\/wp-json\/wp\/v2\/users\/2"}],"replies":[{"embeddable":true,"href":"https:\/\/www.europesays.com\/fr\/wp-json\/wp\/v2\/comments?post=84336"}],"version-history":[{"count":0,"href":"https:\/\/www.europesays.com\/fr\/wp-json\/wp\/v2\/posts\/84336\/revisions"}],"wp:featuredmedia":[{"embeddable":true,"href":"https:\/\/www.europesays.com\/fr\/wp-json\/wp\/v2\/media\/84337"}],"wp:attachment":[{"href":"https:\/\/www.europesays.com\/fr\/wp-json\/wp\/v2\/media?parent=84336"}],"wp:term":[{"taxonomy":"category","embeddable":true,"href":"https:\/\/www.europesays.com\/fr\/wp-json\/wp\/v2\/categories?post=84336"},{"taxonomy":"post_tag","embeddable":true,"href":"https:\/\/www.europesays.com\/fr\/wp-json\/wp\/v2\/tags?post=84336"}],"curies":[{"name":"wp","href":"https:\/\/api.w.org\/{rel}","templated":true}]}}